{"id":31603,"date":"2024-03-21T15:14:55","date_gmt":"2024-03-21T12:14:55","guid":{"rendered":"http:\/\/mersinkadingazetesi.com\/?p=31603"},"modified":"2024-03-21T15:14:55","modified_gmt":"2024-03-21T12:14:55","slug":"baskan-ozyigit-balik-pazari-sayisini-arttiracagiz","status":"publish","type":"post","link":"https:\/\/mersinkadingazetesi.com\/?p=31603","title":{"rendered":"Ba\u015fkan \u00d6zyi\u011fit, \u201cBal\u0131k pazar\u0131 say\u0131s\u0131n\u0131 artt\u0131raca\u011f\u0131z\u201d"},"content":{"rendered":"<p>Mersin Yeni\u015fehir Belediye Ba\u015fkan\u0131 ve Cumhuriyet Halk Partisi(CHP) Yeni\u015fehir Belediye Ba\u015fkan Aday\u0131 Abdullah \u00d6zyi\u011fit, 2022 y\u0131l\u0131nda in\u015fa ederek hizmete a\u00e7t\u0131klar\u0131 G\u00f6\u00e7men Bal\u0131k Pazar\u0131\u2019na vatanda\u015flar\u0131n yo\u011fun ilgi g\u00f6sterdi\u011fini ve gelen talepleri dikkate alarak, Yeni\u015fehir\u2019de bal\u0131k pazar\u0131 say\u0131s\u0131n\u0131 yeni d\u00f6nemde artt\u0131racaklar\u0131n\u0131 s\u00f6yledi.<br \/>\nMersin Yeni\u015fehir Belediye Ba\u015fkan\u0131 Abdullah \u00d6zyi\u011fit, Kilikya Nehir Sosyal Dayan\u0131\u015fma ve K\u00fclt\u00fcr Derne\u011fini ziyaret etti. Dernek Ba\u015fkan\u0131 Muhsin U\u011furel ve vatanda\u015flarla bir araya gelen Ba\u015fkan Abdullah \u00d6zyi\u011fit, hayata ge\u00e7irdikleri \u00e7al\u0131\u015fmalar\u0131 payla\u015farak, g\u00f6r\u00fc\u015f ve \u00f6nerileri ald\u0131. Yeni d\u00f6nem projeleri ile ilgili de bilgi veren Ba\u015fkan \u00d6zyi\u011fit,  Yeni\u015fehir\u2019de yeni bal\u0131k pazarlar\u0131 olu\u015fturacaklar\u0131n\u0131 ifade etti. Ba\u015fkan Abdullah \u00d6zyi\u011fit, \u201cE\u011fri\u00e7am Mahallemizde Yeni\u015fehir Belediyesi G\u00f6\u00e7men Bal\u0131k Pazar\u0131\u2019\u0131m\u0131z\u0131 a\u00e7t\u0131k. Mersinliler yo\u011fun ilgi g\u00f6steriyor. \u00c7ok be\u011fenildi, talep de \u00e7ok fazla yeni d\u00f6nemde yenilerini yapaca\u011f\u0131z. \u015eu an bulundu\u011fumuz Cumhuriyet Mahallesi oraya \u00e7ok uzak. Cumhuriyet\u2019te bir tane in\u015fa edece\u011fiz. Yeri haz\u0131r, projesi \u00e7izildi. Hemen dere kenar\u0131nda ve kimseyi de rahats\u0131z etmeyecek. G\u00f6\u00e7men\u2019deki gibi olacak. Pi\u015firim alan\u0131yla birlikte taze bal\u0131\u011f\u0131n daha uygun fiyatlarla sat\u0131ld\u0131\u011f\u0131 bir merkez olacak. Bunu kentimizde birka\u00e7 noktaya daha ta\u015f\u0131mak istiyoruz. Dere kenar\u0131 zaten bir y\u00fcr\u00fcy\u00fc\u015f yolu. DS\u0130\u2019nin i\u015fini tamamlamas\u0131yla birlikte biz orada da bir ye\u015fil y\u00fcr\u00fcy\u00fc\u015f band\u0131 olu\u015fturaca\u011f\u0131z. B\u00fcy\u00fck\u015fehir Belediyemiz de yeni d\u00f6nemde burada bir proje ger\u00e7ekle\u015ftirecek. Bu b\u00f6lge \u00e7ok g\u00fczel olacak. Cumhuriyet ve H\u00fcrriyet\u2019te ya\u015famak bir ayr\u0131cal\u0131k olacak.\u201d dedi.<\/p>\n","protected":false},"excerpt":{"rendered":"<p>Mersin Yeni\u015fehir Belediye Ba\u015fkan\u0131 ve Cumhuriyet Halk Partisi(CHP) Yeni\u015fehir Belediye Ba\u015fkan Aday\u0131 Abdullah \u00d6zyi\u011fit, 2022 y\u0131l\u0131nda in\u015fa ederek hizmete a\u00e7t\u0131klar\u0131 G\u00f6\u00e7men Bal\u0131k Pazar\u0131\u2019na vatanda\u015flar\u0131n yo\u011fun ilgi g\u00f6sterdi\u011fini ve gelen talepleri dikkate alarak, Yeni\u015fehir\u2019de bal\u0131k pazar\u0131 say\u0131s\u0131n\u0131 yeni d\u00f6nemde artt\u0131racaklar\u0131n\u0131 s\u00f6yledi. Mersin Yeni\u015fehir Belediye Ba\u015fkan\u0131 Abdullah \u00d6zyi\u011fit, Kilikya Nehir Sosyal Dayan\u0131\u015fma ve K\u00fclt\u00fcr Derne\u011fini ziyaret etti. [&hellip;]<\/p>\n","protected":false},"author":2,"featured_media":31604,"comment_status":"open","ping_status":"open","sticky":false,"template":"","format":"standard","meta":{"footnotes":""},"categories":[3],"tags":[],"class_list":["post-31603","post","type-post","status-publish","format-standard","has-post-thumbnail","hentry","category-manset"],"views":2,"_links":{"self":[{"href":"https:\/\/mersinkadingazetesi.com\/index.php?rest_route=\/wp\/v2\/posts\/31603"}],"collection":[{"href":"https:\/\/mersinkadingazetesi.com\/index.php?rest_route=\/wp\/v2\/posts"}],"about":[{"href":"https:\/\/mersinkadingazetesi.com\/index.php?rest_route=\/wp\/v2\/types\/post"}],"author":[{"embeddable":true,"href":"https:\/\/mersinkadingazetesi.com\/index.php?rest_route=\/wp\/v2\/users\/2"}],"replies":[{"embeddable":true,"href":"https:\/\/mersinkadingazetesi.com\/index.php?rest_route=%2Fwp%2Fv2%2Fcomments&post=31603"}],"version-history":[{"count":0,"href":"https:\/\/mersinkadingazetesi.com\/index.php?rest_route=\/wp\/v2\/posts\/31603\/revisions"}],"wp:featuredmedia":[{"embeddable":true,"href":"https:\/\/mersinkadingazetesi.com\/index.php?rest_route=\/wp\/v2\/media\/31604"}],"wp:attachment":[{"href":"https:\/\/mersinkadingazetesi.com\/index.php?rest_route=%2Fwp%2Fv2%2Fmedia&parent=31603"}],"wp:term":[{"taxonomy":"category","embeddable":true,"href":"https:\/\/mersinkadingazetesi.com\/index.php?rest_route=%2Fwp%2Fv2%2Fcategories&post=31603"},{"taxonomy":"post_tag","embeddable":true,"href":"https:\/\/mersinkadingazetesi.com\/index.php?rest_route=%2Fwp%2Fv2%2Ftags&post=31603"}],"curies":[{"name":"wp","href":"https:\/\/api.w.org\/{rel}","templated":true}]}}