{"id":31606,"date":"2024-03-21T15:15:28","date_gmt":"2024-03-21T12:15:28","guid":{"rendered":"http:\/\/mersinkadingazetesi.com\/?p=31606"},"modified":"2024-03-21T15:15:28","modified_gmt":"2024-03-21T12:15:28","slug":"chpli-tuncer-secim-calismalarini-araliksiz-surduruyor","status":"publish","type":"post","link":"https:\/\/mersinkadingazetesi.com\/?p=31606","title":{"rendered":"CHP&#8217;li Tuncer, se\u00e7im \u00e7al\u0131\u015fmalar\u0131n\u0131 aral\u0131ks\u0131z s\u00fcrd\u00fcr\u00fcyor"},"content":{"rendered":"<p>CHP Mezitli Belediye Ba\u015fkan Aday\u0131 Ahmet Serkan Tuncer, se\u00e7im g\u00fcn\u00fc g\u00f6rev alacak avukatlar bir araya geldi\u011fi toplant\u0131da; &#8220;Demokratik s\u00fcrecimizin sa\u011fl\u0131kl\u0131 i\u015flemesi i\u00e7in gerekli ad\u0131mlar\u0131 at\u0131yoruz. Halk\u0131m\u0131z\u0131n g\u00fcvenli\u011fi ve oy hakk\u0131n\u0131n korunmas\u0131 bizim \u00f6nceli\u011fimizdir&#8221; dedi.<\/p>\n<p>Cumhuriyet Halk Partisi Mezitli Belediye Ba\u015fkan Aday\u0131 Ahmet Serkan Tuncer, Toros Y\u00f6r\u00fckleri Dayan\u0131\u015fma Derne\u011fi Ba\u015fkan\u0131 Ziya Erdo\u011fan ve \u00fcyelerini ziyaret etti. Y\u00f6r\u00fck k\u00fclt\u00fcr\u00fcn\u00fcn \u00f6nemine vurgu yapan Tuncer, &#8220;Y\u00f6r\u00fcklerin tarih ve k\u00fclt\u00fcr miras\u0131na sahip \u00e7\u0131kmak, bizim i\u00e7in b\u00fcy\u00fck \u00f6nem ta\u015f\u0131yor. Bu birliktelikle, \u015fehrimizin t\u00fcm kesimlerini kucaklayarak daha ya\u015fanabilir bir gelecek i\u00e7in \u00e7al\u0131\u015fmaya devam edece\u011fiz&#8221; dedi.<\/p>\n<p>B\u0130RL\u0130KTE DAHA G\u00dc\u00c7L\u00dcY\u00dcZ<br \/>\nSe\u00e7im \u00e7al\u0131\u015fmalar\u0131na Vatan Caddesi&#8217;ndeki esnaf\u0131 ziyaret ederek devam eden Tuncer, &#8220;Esnaflar\u0131m\u0131zla her g\u00fcn bir araya geliyoruz, \u00e7\u00fcnk\u00fc birlikte daha g\u00fc\u00e7l\u00fcy\u00fcz.  Vatanda\u015flar\u0131m\u0131z\u0131n ya\u015fam kalitesini geli\u015ftiren ve yurtta\u015flar\u0131n kendilerini mutlu hissetmelerine katk\u0131 sa\u011flayan projeler ger\u00e7ekle\u015ftirece\u011fiz. Hep birlikte, el birli\u011fiyle Mezitli&#8217;mizi daha da ileriye ta\u015f\u0131yaca\u011f\u0131z. Gen\u00e7lik enerjimizle birlikte kentimizi daha ya\u015fanabilir bir yer haline getirece\u011fiz&#8221; diye konu\u015ftu.<\/p>\n<p>HO\u015eG\u00d6R\u00dcL\u00dc B\u0130R BELED\u0130YEC\u0130L\u0130\u011e\u0130 HAYATA GE\u00c7\u0130RECE\u011e\u0130Z<br \/>\nTuncer, Mersin Dersimliler Derne\u011fi Ba\u015fkan\u0131 Nur\u015fen \u00c7\u0131\u011fl\u0131k ve \u00fcyelerini ziyaretinde de &#8220;K\u00f6kl\u00fc bir ge\u00e7mi\u015fe sahip olan bu de\u011ferli toplulu\u011fun deste\u011fi bizim i\u00e7in \u00e7ok \u00f6nemli. Birlikte daha g\u00fc\u00e7l\u00fcy\u00fcz, birlikte daha ileriye gidece\u011fiz! Yurtta\u015flar\u0131m\u0131z\u0131n ya\u015fam tarzlar\u0131na, de\u011ferlerine ve kimliklerine sayg\u0131l\u0131 davranan; hi\u00e7 kimseyi \u00f6tekile\u015ftirmeyen ho\u015fg\u00f6r\u00fcl\u00fc bir belediyecili\u011fi hayata ge\u00e7irece\u011fiz&#8221; ifadelerini kulland\u0131.<\/p>\n<p>OY HAKKININ KORUNMASI B\u0130Z\u0130M \u00d6NCEL\u0130\u011e\u0130M\u0130ZD\u0130R<br \/>\nSand\u0131k g\u00fcvenli\u011fini artt\u0131rabilmek i\u00e7in se\u00e7im g\u00fcn\u00fc g\u00f6revli avukatlar ile bir araya gelen Tuncer, \u015f\u00f6yle devam etti: &#8220;Se\u00e7im g\u00fcn\u00fc i\u00e7in haz\u0131rl\u0131klar\u0131m\u0131z\u0131 s\u00fcrd\u00fcr\u00fcyoruz. Demokratik s\u00fcrecimizin sa\u011fl\u0131kl\u0131 i\u015flemesi i\u00e7in gerekli ad\u0131mlar\u0131 at\u0131yoruz. Halk\u0131m\u0131z\u0131n g\u00fcvenli\u011fi ve oy hakk\u0131n\u0131n korunmas\u0131 bizim \u00f6nceli\u011fimizdir! Hep birlikte karde\u015f\u00e7e, gelece\u011fe umutla ve g\u00fczellikle bakaca\u011f\u0131z.&#8221;<\/p>\n","protected":false},"excerpt":{"rendered":"<p>CHP Mezitli Belediye Ba\u015fkan Aday\u0131 Ahmet Serkan Tuncer, se\u00e7im g\u00fcn\u00fc g\u00f6rev alacak avukatlar bir araya geldi\u011fi toplant\u0131da; &#8220;Demokratik s\u00fcrecimizin sa\u011fl\u0131kl\u0131 i\u015flemesi i\u00e7in gerekli ad\u0131mlar\u0131 at\u0131yoruz. Halk\u0131m\u0131z\u0131n g\u00fcvenli\u011fi ve oy hakk\u0131n\u0131n korunmas\u0131 bizim \u00f6nceli\u011fimizdir&#8221; dedi. Cumhuriyet Halk Partisi Mezitli Belediye Ba\u015fkan Aday\u0131 Ahmet Serkan Tuncer, Toros Y\u00f6r\u00fckleri Dayan\u0131\u015fma Derne\u011fi Ba\u015fkan\u0131 Ziya Erdo\u011fan ve \u00fcyelerini ziyaret etti. [&hellip;]<\/p>\n","protected":false},"author":2,"featured_media":31607,"comment_status":"open","ping_status":"open","sticky":false,"template":"","format":"standard","meta":{"footnotes":""},"categories":[3,6],"tags":[],"class_list":["post-31606","post","type-post","status-publish","format-standard","has-post-thumbnail","hentry","category-manset","category-siyaset-2"],"views":3,"_links":{"self":[{"href":"https:\/\/mersinkadingazetesi.com\/index.php?rest_route=\/wp\/v2\/posts\/31606"}],"collection":[{"href":"https:\/\/mersinkadingazetesi.com\/index.php?rest_route=\/wp\/v2\/posts"}],"about":[{"href":"https:\/\/mersinkadingazetesi.com\/index.php?rest_route=\/wp\/v2\/types\/post"}],"author":[{"embeddable":true,"href":"https:\/\/mersinkadingazetesi.com\/index.php?rest_route=\/wp\/v2\/users\/2"}],"replies":[{"embeddable":true,"href":"https:\/\/mersinkadingazetesi.com\/index.php?rest_route=%2Fwp%2Fv2%2Fcomments&post=31606"}],"version-history":[{"count":0,"href":"https:\/\/mersinkadingazetesi.com\/index.php?rest_route=\/wp\/v2\/posts\/31606\/revisions"}],"wp:featuredmedia":[{"embeddable":true,"href":"https:\/\/mersinkadingazetesi.com\/index.php?rest_route=\/wp\/v2\/media\/31607"}],"wp:attachment":[{"href":"https:\/\/mersinkadingazetesi.com\/index.php?rest_route=%2Fwp%2Fv2%2Fmedia&parent=31606"}],"wp:term":[{"taxonomy":"category","embeddable":true,"href":"https:\/\/mersinkadingazetesi.com\/index.php?rest_route=%2Fwp%2Fv2%2Fcategories&post=31606"},{"taxonomy":"post_tag","embeddable":true,"href":"https:\/\/mersinkadingazetesi.com\/index.php?rest_route=%2Fwp%2Fv2%2Ftags&post=31606"}],"curies":[{"name":"wp","href":"https:\/\/api.w.org\/{rel}","templated":true}]}}