{"id":31612,"date":"2024-03-22T12:32:37","date_gmt":"2024-03-22T09:32:37","guid":{"rendered":"http:\/\/mersinkadingazetesi.com\/?p=31612"},"modified":"2024-03-22T12:32:37","modified_gmt":"2024-03-22T09:32:37","slug":"hizmet-sevgiyle-baslar","status":"publish","type":"post","link":"https:\/\/mersinkadingazetesi.com\/?p=31612","title":{"rendered":"H\u0130ZMET SEVG\u0130YLE BA\u015eLAR"},"content":{"rendered":"<p>CHP Mezitli Belediye Ba\u015fkan Aday\u0131 Ahmet Serkan Tuncer, hizmet i\u00e7in \u00f6nce insan\u0131 sevmek gerekti\u011fine vurgu yaparak, &#8220;Sahip oldu\u011fum makam\u0131 hi\u00e7bir zaman siyasi rant olarak kullanmad\u0131m. Hizmet sevgiyle, insan\u0131m\u0131za de\u011ferle, sayg\u0131yla ba\u015flar&#8221; dedi.<\/p>\n<p>Cumhuriyet Halk Partisi Mezitli Belediye Ba\u015fkan Aday\u0131 Ahmet Serkan Tuncer, Nil RTV&#8217;de Leyla PAK \u0130le Se\u00e7im \u00d6zel&#8217;in konu\u011fu oldu. Hen\u00fcz bir k\u00f6y iken d\u00fcnyaya geldi\u011fi Mezitli&#8217;ye bug\u00fcn hizmet etmekten b\u00fcy\u00fck bir onur duydu\u011funu dile getiren Tuncer, &#8220;Tar\u0131m\u0131n i\u00e7inden gelen biriyim. Mezitli&#8217;de farkl\u0131 sekt\u00f6rlerde hizmet ettim. Mezitli a\u015f\u0131\u011f\u0131 bir insan\u0131m. Cumhuriyet Halk Partisi&#8217;nin i\u00e7inde b\u00fcy\u00fcd\u00fcm. Partinin mutfa\u011f\u0131nda yeti\u015ftim. Do\u011fdu\u011fum, doydu\u011fum, b\u00fcy\u00fcd\u00fc\u011f\u00fcm kentime hizmet etmek istiyorum&#8221; dedi. Tuncer, gen\u00e7lik kollar\u0131nda ba\u015flayan, il\u00e7e ba\u015fkanl\u0131\u011f\u0131na devam eden siyasi hayat\u0131n\u0131 da anlatt\u0131.<\/p>\n<p>MEZ\u0130TL\u0130&#8217;N\u0130N 40 MAHALLES\u0130NDE \u0130Z\u0130M VAR<br \/>\n&#8220;Hizmet edece\u011fin yeri tan\u0131man, sevmen gerekir&#8221; diyen Tuncer, \u00e7ocuklu\u011fundan beri Mezitli&#8217;nin 40 mahallesinde izi oldu\u011funu belirterek, \u015f\u00f6yle devam etti: &#8220;Mezitli&#8217;nin sokaklar\u0131nda top oynad\u0131m. Mezitli&#8217;yi \u00e7ok iyi tan\u0131yorum. 20 k\u00f6y\u00fcn ne istedi\u011fini bildi\u011fim gibi Tece&#8217;nin 5 mahallenin, Davultepe&#8217;nin mahallelerinin, Kuyuluk, \u00c7aml\u0131ca mahallelerinin ne istedi\u011fini \u00e7ok iyi biliyorum. Demografik yap\u0131s\u0131n\u0131 biliyorum. Esnaf\u0131n\u0131, emeklisini tan\u0131yorum. \u0130nsanlar\u0131m\u0131z\u0131 nas\u0131l mutlu edece\u011fimi biliyorum. Y\u0131llard\u0131r yapt\u0131\u011f\u0131m g\u00f6rev s\u00fcrecinde hi\u00e7bir yurtta\u015f\u0131m\u0131z\u0131 ay\u0131rmadan hizmet ettim. Adayl\u0131\u011f\u0131m a\u00e7\u0131kland\u0131ktan sonra da kar\u015f\u0131l\u0131\u011f\u0131n\u0131 g\u00f6rd\u00fcm.&#8221;<\/p>\n<p>MEZ\u0130TL\u0130&#8217;DE TABAN \u0130TT\u0130FAKINI KURDUK<br \/>\nAdayl\u0131\u011f\u0131n\u0131n a\u00e7\u0131klanmas\u0131ndan sonra 4 partiden \u00e7ok say\u0131da ki\u015finin partisinden istifa ederek Cumhuriyet Halk Partisi&#8217;ne kat\u0131larak, deste\u011fini a\u00e7\u0131klad\u0131\u011f\u0131n\u0131 an\u0131msatan Tuncer, &#8220;Ahmet Serkan Tuncer birle\u015ftirici. Ayr\u0131m g\u00f6zetmeden hizmet edece\u011fime inan\u0131yorlar. Biz Mezitli&#8217;de taban ittifak\u0131n\u0131 kurduk. Halk\u0131m\u0131za emek vererek bug\u00fcnlere geldim&#8221; diye konu\u015ftu. hizmet i\u00e7in \u00f6nce insan\u0131 sevmek gerekti\u011fine vurgu yapan Tuncer, &#8220;Hizmet sevgiyle, de\u011ferle, sayg\u0131yla ba\u015flar. Sahip oldu\u011fum makam\u0131 hi\u00e7bir zaman siyasi rant olarak kullanmad\u0131m&#8221; vurgusu yapt\u0131.<\/p>\n<p>HALKIN \u0130\u00c7\u0130NDE B\u0130R BELED\u0130YE BA\u015eKANI OLACA\u011eIM<br \/>\nStandart belediyecili\u011fin kolay oldu\u011funu kaydeden Tuncer, &#8220;Emeklinin, \u00e7ift\u00e7inin, sanat\u0131n yan\u0131nda olan bir belediye olaca\u011f\u0131z. Ben ve ekibim y\u0131llard\u0131r buna haz\u0131rlan\u0131yoruz.  Halk\u0131n i\u00e7inde bir belediye ba\u015fkan\u0131 olaca\u011f\u0131m.&#8221; Tuncer, Mezitli&#8217;de hayata ge\u00e7irmeyi planlad\u0131\u011f\u0131 projeleri anlatt\u0131.<br \/>\nSon g\u00fcnlerde belediye imkanlar\u0131n\u0131n k\u00f6t\u00fcye kullan\u0131ld\u0131\u011f\u0131na i\u015faret eden Tuncer, &#8220;Mezitli&#8217;de ya\u015fayan vatanda\u015f\u0131m\u0131z alg\u0131 y\u00f6netimine inanmas\u0131n. Ger\u00e7ekleri 31 Mart&#8217;ta ya\u015fayaca\u011f\u0131z&#8221; ifadelerini kulland\u0131.<\/p>\n","protected":false},"excerpt":{"rendered":"<p>CHP Mezitli Belediye Ba\u015fkan Aday\u0131 Ahmet Serkan Tuncer, hizmet i\u00e7in \u00f6nce insan\u0131 sevmek gerekti\u011fine vurgu yaparak, &#8220;Sahip oldu\u011fum makam\u0131 hi\u00e7bir zaman siyasi rant olarak kullanmad\u0131m. Hizmet sevgiyle, insan\u0131m\u0131za de\u011ferle, sayg\u0131yla ba\u015flar&#8221; dedi. Cumhuriyet Halk Partisi Mezitli Belediye Ba\u015fkan Aday\u0131 Ahmet Serkan Tuncer, Nil RTV&#8217;de Leyla PAK \u0130le Se\u00e7im \u00d6zel&#8217;in konu\u011fu oldu. Hen\u00fcz bir k\u00f6y iken [&hellip;]<\/p>\n","protected":false},"author":2,"featured_media":31613,"comment_status":"open","ping_status":"open","sticky":false,"template":"","format":"standard","meta":{"footnotes":""},"categories":[3,6],"tags":[],"class_list":["post-31612","post","type-post","status-publish","format-standard","has-post-thumbnail","hentry","category-manset","category-siyaset-2"],"views":2,"_links":{"self":[{"href":"https:\/\/mersinkadingazetesi.com\/index.php?rest_route=\/wp\/v2\/posts\/31612"}],"collection":[{"href":"https:\/\/mersinkadingazetesi.com\/index.php?rest_route=\/wp\/v2\/posts"}],"about":[{"href":"https:\/\/mersinkadingazetesi.com\/index.php?rest_route=\/wp\/v2\/types\/post"}],"author":[{"embeddable":true,"href":"https:\/\/mersinkadingazetesi.com\/index.php?rest_route=\/wp\/v2\/users\/2"}],"replies":[{"embeddable":true,"href":"https:\/\/mersinkadingazetesi.com\/index.php?rest_route=%2Fwp%2Fv2%2Fcomments&post=31612"}],"version-history":[{"count":0,"href":"https:\/\/mersinkadingazetesi.com\/index.php?rest_route=\/wp\/v2\/posts\/31612\/revisions"}],"wp:featuredmedia":[{"embeddable":true,"href":"https:\/\/mersinkadingazetesi.com\/index.php?rest_route=\/wp\/v2\/media\/31613"}],"wp:attachment":[{"href":"https:\/\/mersinkadingazetesi.com\/index.php?rest_route=%2Fwp%2Fv2%2Fmedia&parent=31612"}],"wp:term":[{"taxonomy":"category","embeddable":true,"href":"https:\/\/mersinkadingazetesi.com\/index.php?rest_route=%2Fwp%2Fv2%2Fcategories&post=31612"},{"taxonomy":"post_tag","embeddable":true,"href":"https:\/\/mersinkadingazetesi.com\/index.php?rest_route=%2Fwp%2Fv2%2Ftags&post=31612"}],"curies":[{"name":"wp","href":"https:\/\/api.w.org\/{rel}","templated":true}]}}