{"id":31615,"date":"2024-03-22T12:33:20","date_gmt":"2024-03-22T09:33:20","guid":{"rendered":"http:\/\/mersinkadingazetesi.com\/?p=31615"},"modified":"2024-03-22T12:33:20","modified_gmt":"2024-03-22T09:33:20","slug":"serdar-soydan-mersinin-kaybedecek-5-yili-daha-yok","status":"publish","type":"post","link":"https:\/\/mersinkadingazetesi.com\/?p=31615","title":{"rendered":"Serdar Soydan: Mersin&#8217;in kaybedecek 5 y\u0131l\u0131 daha yok&#8221;"},"content":{"rendered":"<p>Cumhur \u0130ttifak\u0131 Mersin B\u00fcy\u00fck\u015fehir Belediye Ba\u015fkan Aday\u0131 Serdar Soydan, Mersin&#8217;in il\u00e7eleri ile birlikte hizmet bekledi\u011fini belirterek, &#8220;Cumhur ittifak\u0131n\u0131n \u0130l\u00e7elerimizde yanan \u00e7oban ate\u015fi t\u00fcm ili kaps\u0131yor. 31 Mart ak\u015fam\u0131 da sand\u0131klar\u0131 patlat\u0131yoruz. Mersin&#8217;in kaybedecek bir 5 y\u0131l\u0131 daha yok. Mersin halk\u0131 &#8216;art\u0131k yeter&#8217; diyor. Bahane istemiyorlar ve buna son verecekler. Halk\u0131m\u0131z, en pahal\u0131 suyu i\u00e7mek istemiyor. 30 B\u00fcy\u00fck\u015fehirde olan b\u00fcy\u00fck projeleri Mersin&#8217;de de g\u00f6rmek istiyorlar.&#8221; Dedi<\/p>\n<p>G\u00fclnar, Ayd\u0131nc\u0131k ve Bozyaz\u0131 il\u00e7elerinde se\u00e7im \u00e7al\u0131\u015fmalar\u0131n\u0131 s\u00fcrd\u00fcren Serdar Soydan, ya\u011fmura ve so\u011fu\u011fa ra\u011fmen, kendilerini yaln\u0131z b\u0131rakmayan  vatanda\u015flara te\u015fekk\u00fcr ederken daha sonra binlerce ki\u015finin kat\u0131l\u0131m\u0131 ile ger\u00e7ekle\u015fen iftar program\u0131nda da \u015funlar\u0131 s\u00f6yledi: &#8220;Sizlerin heyecan\u0131na, deste\u011fine ve g\u00fcvenine lay\u0131k olmak i\u00e7in \u00e7al\u0131\u015faca\u011f\u0131z ve ba\u015faraca\u011f\u0131z. Gece uyumadan, g\u00fcnd\u00fcz yorulmadan sizlerin emrinde, hizmetinizdeyiz.&#8221; <\/p>\n<p>&#8220;Mersin, Cumhur ittifak\u0131 diyor, hizmet diyor. &#8221; <\/p>\n<p>\u0130l\u00e7elerin sorunlar\u0131na da dikkat \u00e7eken Soydan, \u015f\u00f6yle devam etti: &#8220;5 y\u0131ld\u0131r buralara ayak basmayan, \u00e7ivi \u00e7akmayanlara bir dur diyece\u011fiz. Biz t\u00fcm eksikleri iyi biliyoruz. Kuskan&#8217;\u0131n i\u00e7me suyu hatt\u0131n\u0131 da yenileyerek kaliteli su ile bulu\u015fturaca\u011f\u0131z. Ya\u011fmur demeden, so\u011fuk demeden bizleri kar\u015f\u0131laman\u0131z, sevginizi ve g\u00fcler y\u00fcz\u00fcn\u00fcz\u00fc g\u00f6stermeniz bizlere apayr\u0131 bir enerji vermi\u015ftir. Gayet iyi gidiyoruz. Mersin, Cumhur ittifak\u0131 diyor, hizmet diyor. &#8221; <\/p>\n","protected":false},"excerpt":{"rendered":"<p>Cumhur \u0130ttifak\u0131 Mersin B\u00fcy\u00fck\u015fehir Belediye Ba\u015fkan Aday\u0131 Serdar Soydan, Mersin&#8217;in il\u00e7eleri ile birlikte hizmet bekledi\u011fini belirterek, &#8220;Cumhur ittifak\u0131n\u0131n \u0130l\u00e7elerimizde yanan \u00e7oban ate\u015fi t\u00fcm ili kaps\u0131yor. 31 Mart ak\u015fam\u0131 da sand\u0131klar\u0131 patlat\u0131yoruz. Mersin&#8217;in kaybedecek bir 5 y\u0131l\u0131 daha yok. Mersin halk\u0131 &#8216;art\u0131k yeter&#8217; diyor. Bahane istemiyorlar ve buna son verecekler. Halk\u0131m\u0131z, en pahal\u0131 suyu i\u00e7mek istemiyor. [&hellip;]<\/p>\n","protected":false},"author":2,"featured_media":31616,"comment_status":"open","ping_status":"open","sticky":false,"template":"","format":"standard","meta":{"footnotes":""},"categories":[3,6],"tags":[],"class_list":["post-31615","post","type-post","status-publish","format-standard","has-post-thumbnail","hentry","category-manset","category-siyaset-2"],"views":2,"_links":{"self":[{"href":"https:\/\/mersinkadingazetesi.com\/index.php?rest_route=\/wp\/v2\/posts\/31615"}],"collection":[{"href":"https:\/\/mersinkadingazetesi.com\/index.php?rest_route=\/wp\/v2\/posts"}],"about":[{"href":"https:\/\/mersinkadingazetesi.com\/index.php?rest_route=\/wp\/v2\/types\/post"}],"author":[{"embeddable":true,"href":"https:\/\/mersinkadingazetesi.com\/index.php?rest_route=\/wp\/v2\/users\/2"}],"replies":[{"embeddable":true,"href":"https:\/\/mersinkadingazetesi.com\/index.php?rest_route=%2Fwp%2Fv2%2Fcomments&post=31615"}],"version-history":[{"count":0,"href":"https:\/\/mersinkadingazetesi.com\/index.php?rest_route=\/wp\/v2\/posts\/31615\/revisions"}],"wp:featuredmedia":[{"embeddable":true,"href":"https:\/\/mersinkadingazetesi.com\/index.php?rest_route=\/wp\/v2\/media\/31616"}],"wp:attachment":[{"href":"https:\/\/mersinkadingazetesi.com\/index.php?rest_route=%2Fwp%2Fv2%2Fmedia&parent=31615"}],"wp:term":[{"taxonomy":"category","embeddable":true,"href":"https:\/\/mersinkadingazetesi.com\/index.php?rest_route=%2Fwp%2Fv2%2Fcategories&post=31615"},{"taxonomy":"post_tag","embeddable":true,"href":"https:\/\/mersinkadingazetesi.com\/index.php?rest_route=%2Fwp%2Fv2%2Ftags&post=31615"}],"curies":[{"name":"wp","href":"https:\/\/api.w.org\/{rel}","templated":true}]}}