{"id":31621,"date":"2024-03-22T12:35:46","date_gmt":"2024-03-22T09:35:46","guid":{"rendered":"http:\/\/mersinkadingazetesi.com\/?p=31621"},"modified":"2024-03-22T12:35:46","modified_gmt":"2024-03-22T09:35:46","slug":"mersin-cezaevi-avukat-gorusme-odasinda-yenileme-calismasi-yapildi","status":"publish","type":"post","link":"https:\/\/mersinkadingazetesi.com\/?p=31621","title":{"rendered":"MERS\u0130N CEZAEV\u0130 AVUKAT G\u00d6R\u00dc\u015eME ODASINDA YEN\u0130LEME \u00c7ALI\u015eMASI YAPILDI"},"content":{"rendered":"<p>Mersin Barosu taraf\u0131ndan Mersin E Tipi Kapal\u0131 ve A\u00e7\u0131k Cezaevi avukat g\u00f6r\u00fc\u015fme ve bekleme odas\u0131nda yap\u0131lan yenileme \u00e7al\u0131\u015fmalar\u0131 tamamlanarak avukatlara hizmet vermeye ba\u015flad\u0131.<\/p>\n<p>Mersin Cezaevi avukat g\u00f6r\u00fc\u015fme ve bekleme odas\u0131nda yap\u0131lan geni\u015fleme ve tefri\u015fat \u00e7al\u0131\u015fmalar\u0131n\u0131n tamamlanmas\u0131n\u0131n ard\u0131ndan ger\u00e7ekle\u015fen a\u00e7\u0131l\u0131\u015f\u0131 Mersin Barosu Ba\u015fkan\u0131 Av. Gazi \u00d6zdemir, baro y\u00f6netim kurulu \u00fcyeleri, Mersin Cumhuriyet Ba\u015fsavc\u0131s\u0131 Tolgahan \u00d6ztoprak, Ba\u015fsavc\u0131 Vekili \u00d6mer Faruk G\u00fcng\u00f6r ve Cezaevi Savc\u0131s\u0131 Muti Yeter birlikte yapt\u0131.<\/p>\n<p>Baro Ba\u015fkan\u0131 Av. Gazi \u00d6zdemir, avukatlar\u0131n cezaevinde m\u00fcvekkilleriyle k\u0131s\u0131tl\u0131 zamandaki g\u00f6r\u00fc\u015fmelerini, h\u0131zl\u0131 ve sorunsuz bir \u015fekilde yapmalar\u0131n\u0131 sa\u011flamak amac\u0131yla Mersin Barosu y\u00f6netimi ve Mersin Cezaevi y\u00f6netimi i\u015fbirli\u011finde, Mersin E Tipi Kapal\u0131 ve A\u00e7\u0131k Cezaevi avukat g\u00f6r\u00fc\u015fme odalar\u0131nda geni\u015fleme \u00e7al\u0131\u015fmalar\u0131 ve tefri\u015fat yap\u0131ld\u0131\u011f\u0131n\u0131 s\u00f6yleyerek, yenileme \u00e7al\u0131\u015fmalar\u0131n\u0131n vatanda\u015flar\u0131n adalete h\u0131zl\u0131 eri\u015fmesine vesile olmas\u0131n\u0131 temenni etti. \u00d6zdemir, cezaevi avukat g\u00f6r\u00fc\u015fme ve bekleme odalar\u0131n\u0131n yeniden d\u00fczenlenmesinde eme\u011fi ge\u00e7en Cumhuriyet Ba\u015fsavc\u0131s\u0131 Tolgahan \u00d6ztoprak&#8217;a ve Mersin E Tipi Kapal\u0131 Cezaevi y\u00f6netimine te\u015fekk\u00fcr etti.<\/p>\n<p>Mersin Cumhuriyet Ba\u015fsavc\u0131s\u0131 Tolgahan \u00d6ztoprak ise, Mersin Cezaevi avukat g\u00f6r\u00fc\u015fme ve bekleme odalar\u0131nda yap\u0131lan yenileme \u00e7al\u0131\u015fmalar\u0131n\u0131n, adalete daha h\u0131zl\u0131 hizmet verece\u011fine inand\u0131\u011f\u0131n\u0131 ifade ederek, hay\u0131rl\u0131 olmas\u0131n\u0131 temenni etti.<\/p>\n","protected":false},"excerpt":{"rendered":"<p>Mersin Barosu taraf\u0131ndan Mersin E Tipi Kapal\u0131 ve A\u00e7\u0131k Cezaevi avukat g\u00f6r\u00fc\u015fme ve bekleme odas\u0131nda yap\u0131lan yenileme \u00e7al\u0131\u015fmalar\u0131 tamamlanarak avukatlara hizmet vermeye ba\u015flad\u0131. Mersin Cezaevi avukat g\u00f6r\u00fc\u015fme ve bekleme odas\u0131nda yap\u0131lan geni\u015fleme ve tefri\u015fat \u00e7al\u0131\u015fmalar\u0131n\u0131n tamamlanmas\u0131n\u0131n ard\u0131ndan ger\u00e7ekle\u015fen a\u00e7\u0131l\u0131\u015f\u0131 Mersin Barosu Ba\u015fkan\u0131 Av. Gazi \u00d6zdemir, baro y\u00f6netim kurulu \u00fcyeleri, Mersin Cumhuriyet Ba\u015fsavc\u0131s\u0131 Tolgahan \u00d6ztoprak, Ba\u015fsavc\u0131 [&hellip;]<\/p>\n","protected":false},"author":2,"featured_media":31622,"comment_status":"open","ping_status":"open","sticky":false,"template":"","format":"standard","meta":{"footnotes":""},"categories":[3],"tags":[],"class_list":["post-31621","post","type-post","status-publish","format-standard","has-post-thumbnail","hentry","category-manset"],"views":1,"_links":{"self":[{"href":"https:\/\/mersinkadingazetesi.com\/index.php?rest_route=\/wp\/v2\/posts\/31621"}],"collection":[{"href":"https:\/\/mersinkadingazetesi.com\/index.php?rest_route=\/wp\/v2\/posts"}],"about":[{"href":"https:\/\/mersinkadingazetesi.com\/index.php?rest_route=\/wp\/v2\/types\/post"}],"author":[{"embeddable":true,"href":"https:\/\/mersinkadingazetesi.com\/index.php?rest_route=\/wp\/v2\/users\/2"}],"replies":[{"embeddable":true,"href":"https:\/\/mersinkadingazetesi.com\/index.php?rest_route=%2Fwp%2Fv2%2Fcomments&post=31621"}],"version-history":[{"count":0,"href":"https:\/\/mersinkadingazetesi.com\/index.php?rest_route=\/wp\/v2\/posts\/31621\/revisions"}],"wp:featuredmedia":[{"embeddable":true,"href":"https:\/\/mersinkadingazetesi.com\/index.php?rest_route=\/wp\/v2\/media\/31622"}],"wp:attachment":[{"href":"https:\/\/mersinkadingazetesi.com\/index.php?rest_route=%2Fwp%2Fv2%2Fmedia&parent=31621"}],"wp:term":[{"taxonomy":"category","embeddable":true,"href":"https:\/\/mersinkadingazetesi.com\/index.php?rest_route=%2Fwp%2Fv2%2Fcategories&post=31621"},{"taxonomy":"post_tag","embeddable":true,"href":"https:\/\/mersinkadingazetesi.com\/index.php?rest_route=%2Fwp%2Fv2%2Ftags&post=31621"}],"curies":[{"name":"wp","href":"https:\/\/api.w.org\/{rel}","templated":true}]}}