{"id":31624,"date":"2024-03-22T12:36:53","date_gmt":"2024-03-22T09:36:53","guid":{"rendered":"http:\/\/mersinkadingazetesi.com\/?p=31624"},"modified":"2024-03-22T12:36:53","modified_gmt":"2024-03-22T09:36:53","slug":"avukatlara-secim-ve-sandik-guvenligi-egitimi-verildi","status":"publish","type":"post","link":"https:\/\/mersinkadingazetesi.com\/?p=31624","title":{"rendered":"AVUKATLARA SE\u00c7\u0130M VE SANDIK G\u00dcVENL\u0130\u011e\u0130 E\u011e\u0130T\u0130M\u0130 VER\u0130LD\u0130"},"content":{"rendered":"<p>31 Mart 2024 tarihinde yap\u0131lacak yerel se\u00e7imlerde, Mersin Barosu taraf\u0131ndan se\u00e7imde g\u00f6revlendirilecek olan avukatlara ve stajyer avukatlara, &#8216;Se\u00e7im ve Sand\u0131k G\u00fcvenli\u011fi E\u011fitimi&#8217; verildi.<\/p>\n<p>Avukatlar\u0131n ve stajyer avukatlar\u0131n kat\u0131l\u0131m\u0131yla Mersin Barosu konferans salonunda d\u00fczenlenen e\u011fitim, Mersin Barosu T\u00fcrkiye Barolar Birli\u011fi (TBB) Delegeleri Av. Ayla G\u00fcndo\u011fdu ve Av. \u015eenol Y\u00fccesoy ile Mersin Barosu Disiplin Kurulu Ba\u015fkan\u0131 Av. Ferhat Faz\u0131l \u00c7etin taraf\u0131ndan verildi.<\/p>\n<p>E\u011fitimde; Sand\u0131k kurulunun olu\u015fturulmas\u0131, sand\u0131k kurulu \u00fcyelerinin ve m\u00fc\u015fahitlerin g\u00f6rev ve sorumluluklar\u0131, yemin etme s\u00fcreci, seyyar sand\u0131k kurulu nas\u0131l \u00e7al\u0131\u015f\u0131r? Sand\u0131k \u00e7evresinde kimler bulunabilir? \u015e\u00fcpheli i\u015flemlerde \u015fik\u00e2yetlerin tutanak defterine i\u015flenmesi, itiraz hakk\u0131n\u0131n kullan\u0131lmas\u0131, oy verme s\u0131ras\u0131ndaki sorumluluklar, sand\u0131k kurulu \u00fcyesi ve m\u00fc\u015fahitler nas\u0131l oy kullanacak? Hangi tip kimliklerle oy kullan\u0131labilir? Se\u00e7men listesinde ismi olmad\u0131\u011f\u0131 halde kimler oy kullanabilir? Oy verdikten sonra imza i\u015flemi, okuma-yazma bilmeyen ve engelli se\u00e7menler nas\u0131l oy kullanabilir? Oy say\u0131m ve d\u00f6k\u00fcm s\u00fcreci, oy kullanma bitiminin ilam\u0131, oy say\u0131m d\u00f6k\u00fcm cetveli, sonu\u00e7lar\u0131n ilan\u0131 ve sonras\u0131ndaki sorumluluklar hakk\u0131nda bilgiler verildi.<\/p>\n","protected":false},"excerpt":{"rendered":"<p>31 Mart 2024 tarihinde yap\u0131lacak yerel se\u00e7imlerde, Mersin Barosu taraf\u0131ndan se\u00e7imde g\u00f6revlendirilecek olan avukatlara ve stajyer avukatlara, &#8216;Se\u00e7im ve Sand\u0131k G\u00fcvenli\u011fi E\u011fitimi&#8217; verildi. Avukatlar\u0131n ve stajyer avukatlar\u0131n kat\u0131l\u0131m\u0131yla Mersin Barosu konferans salonunda d\u00fczenlenen e\u011fitim, Mersin Barosu T\u00fcrkiye Barolar Birli\u011fi (TBB) Delegeleri Av. Ayla G\u00fcndo\u011fdu ve Av. \u015eenol Y\u00fccesoy ile Mersin Barosu Disiplin Kurulu Ba\u015fkan\u0131 Av. [&hellip;]<\/p>\n","protected":false},"author":2,"featured_media":31625,"comment_status":"open","ping_status":"open","sticky":false,"template":"","format":"standard","meta":{"footnotes":""},"categories":[3],"tags":[],"class_list":["post-31624","post","type-post","status-publish","format-standard","has-post-thumbnail","hentry","category-manset"],"views":2,"_links":{"self":[{"href":"https:\/\/mersinkadingazetesi.com\/index.php?rest_route=\/wp\/v2\/posts\/31624"}],"collection":[{"href":"https:\/\/mersinkadingazetesi.com\/index.php?rest_route=\/wp\/v2\/posts"}],"about":[{"href":"https:\/\/mersinkadingazetesi.com\/index.php?rest_route=\/wp\/v2\/types\/post"}],"author":[{"embeddable":true,"href":"https:\/\/mersinkadingazetesi.com\/index.php?rest_route=\/wp\/v2\/users\/2"}],"replies":[{"embeddable":true,"href":"https:\/\/mersinkadingazetesi.com\/index.php?rest_route=%2Fwp%2Fv2%2Fcomments&post=31624"}],"version-history":[{"count":0,"href":"https:\/\/mersinkadingazetesi.com\/index.php?rest_route=\/wp\/v2\/posts\/31624\/revisions"}],"wp:featuredmedia":[{"embeddable":true,"href":"https:\/\/mersinkadingazetesi.com\/index.php?rest_route=\/wp\/v2\/media\/31625"}],"wp:attachment":[{"href":"https:\/\/mersinkadingazetesi.com\/index.php?rest_route=%2Fwp%2Fv2%2Fmedia&parent=31624"}],"wp:term":[{"taxonomy":"category","embeddable":true,"href":"https:\/\/mersinkadingazetesi.com\/index.php?rest_route=%2Fwp%2Fv2%2Fcategories&post=31624"},{"taxonomy":"post_tag","embeddable":true,"href":"https:\/\/mersinkadingazetesi.com\/index.php?rest_route=%2Fwp%2Fv2%2Ftags&post=31624"}],"curies":[{"name":"wp","href":"https:\/\/api.w.org\/{rel}","templated":true}]}}