{"id":31627,"date":"2024-03-22T12:39:24","date_gmt":"2024-03-22T09:39:24","guid":{"rendered":"http:\/\/mersinkadingazetesi.com\/?p=31627"},"modified":"2024-03-22T12:39:24","modified_gmt":"2024-03-22T09:39:24","slug":"chpli-tuncer-gonul-sofralarinda-bulustu","status":"publish","type":"post","link":"https:\/\/mersinkadingazetesi.com\/?p=31627","title":{"rendered":"CHP&#8217;li Tuncer, g\u00f6n\u00fcl sofralar\u0131nda bulu\u015ftu"},"content":{"rendered":"<p>CHP Mezitli Belediye Ba\u015fkan Aday\u0131 Ahmet Serkan Tuncer, belediyecilik hizmetlerinin merkezine de\u011fer olarak insan\u0131, erdemi koyacaklar\u0131n\u0131 belirterek, &#8220;Vatanda\u015flar\u0131m\u0131z\u0131n mutlulu\u011funu, refah\u0131n\u0131 ve haysiyetini her \u015feyin \u00f6n\u00fcne koyan hamiyetli, erdemli kadrolarla \u00e7al\u0131\u015faca\u011f\u0131z&#8221; ifadelerini kulland\u0131.<\/p>\n<p>Cumhuriyet Halk Partisi Mezitli Belediye Ba\u015fkan Aday\u0131 Ahmet Serkan Tuncer, \u00f6nceki d\u00f6nem Mezitli Belediye Ba\u015fkan\u0131 U\u011fur Y\u0131ld\u0131r\u0131m, Mezitli \u0130l\u00e7e Ba\u015fkan\u0131m\u0131z Ula\u015f Y\u0131lmaz ile birlikte Mezitli Emekliler K\u00fclt\u00fcr ve Yard\u0131mla\u015fma Derne\u011fi&#8217;ni ziyaret etti. Dernek Ba\u015fkan\u0131 Kamil \u00c7etiner ve \u00fcyeleri ile sohbet eden Tuncer, &#8220;Emeklilerimizin haklar\u0131n\u0131 korumak ve ya\u015famlar\u0131n\u0131 kolayla\u015ft\u0131rmak i\u00e7in bug\u00fcn, yar\u0131n ve daima \u00e7al\u0131\u015fmaya devam edece\u011fiz. Kad\u0131n\u0131yla, \u00e7ocu\u011fuyla, genciyle, emeklisiyle g\u00fcl\u00fcmseyen Mezitli&#8217;yi birlikte in\u015fa edece\u011fiz. Belediyecilik hizmetlerimizin merkezine de\u011fer olarak insan\u0131, erdemi koyaca\u011f\u0131z. Vatanda\u015flar\u0131m\u0131z\u0131n mutlulu\u011funu, refah\u0131n\u0131 ve haysiyetini her \u015feyin \u00f6n\u00fcne koyan hamiyetli, erdemli kadrolarla \u00e7al\u0131\u015faca\u011f\u0131z&#8221; dedi.<\/p>\n<p>G\u00d6N\u00dcL SOFRALARINDA BULU\u015eTUK<br \/>\nAk\u015famda Seymenli Mahallesi&#8217;nde d\u00fczenlenen iftar program\u0131na kat\u0131lan Tuncer, iftar \u00f6ncesi ekmek pi\u015firen kad\u0131nlarla sohbet etti. Tuncer, oca\u011f\u0131n ba\u015f\u0131na ge\u00e7ti, ekmek pi\u015firdi.<br \/>\nSeymenli Mahallesi&#8217;ni mahallede ya\u015fayanlar\u0131n taleplerini \u00e7ok iyi bildi\u011fini anlatan Tuncer, sorunlar\u0131 birlikte \u00e7\u00f6zeceklerini belirterek, \u015funlar\u0131 s\u00f6yledi: &#8220;Seymenli Mahallemizde g\u00f6n\u00fcl sofralar\u0131nda bulu\u015ftu. Vatanda\u015flar\u0131m\u0131z ile birlikte olmak, sevgi ve samimiyet dolu sohbetlerimizi payla\u015fmak benim i\u00e7in b\u00fcy\u00fck bir mutluluktu. Sorunlar\u0131 kat\u0131l\u0131mc\u0131 bir \u015fekilde \u00e7\u00f6zmeyi ama\u00e7layan mekanizmalar\u0131 hayata ge\u00e7irece\u011fiz. Her birinizin deste\u011fi ve dualar\u0131yla, birlikte daha g\u00fczel yar\u0131nlara y\u00fcr\u00fcmek i\u00e7in \u00e7al\u0131\u015fmaya devam edece\u011fiz&#8221; diye konu\u015ftu.<\/p>\n","protected":false},"excerpt":{"rendered":"<p>CHP Mezitli Belediye Ba\u015fkan Aday\u0131 Ahmet Serkan Tuncer, belediyecilik hizmetlerinin merkezine de\u011fer olarak insan\u0131, erdemi koyacaklar\u0131n\u0131 belirterek, &#8220;Vatanda\u015flar\u0131m\u0131z\u0131n mutlulu\u011funu, refah\u0131n\u0131 ve haysiyetini her \u015feyin \u00f6n\u00fcne koyan hamiyetli, erdemli kadrolarla \u00e7al\u0131\u015faca\u011f\u0131z&#8221; ifadelerini kulland\u0131. Cumhuriyet Halk Partisi Mezitli Belediye Ba\u015fkan Aday\u0131 Ahmet Serkan Tuncer, \u00f6nceki d\u00f6nem Mezitli Belediye Ba\u015fkan\u0131 U\u011fur Y\u0131ld\u0131r\u0131m, Mezitli \u0130l\u00e7e Ba\u015fkan\u0131m\u0131z Ula\u015f Y\u0131lmaz ile [&hellip;]<\/p>\n","protected":false},"author":2,"featured_media":31628,"comment_status":"open","ping_status":"open","sticky":false,"template":"","format":"standard","meta":{"footnotes":""},"categories":[3,6],"tags":[],"class_list":["post-31627","post","type-post","status-publish","format-standard","has-post-thumbnail","hentry","category-manset","category-siyaset-2"],"views":3,"_links":{"self":[{"href":"https:\/\/mersinkadingazetesi.com\/index.php?rest_route=\/wp\/v2\/posts\/31627"}],"collection":[{"href":"https:\/\/mersinkadingazetesi.com\/index.php?rest_route=\/wp\/v2\/posts"}],"about":[{"href":"https:\/\/mersinkadingazetesi.com\/index.php?rest_route=\/wp\/v2\/types\/post"}],"author":[{"embeddable":true,"href":"https:\/\/mersinkadingazetesi.com\/index.php?rest_route=\/wp\/v2\/users\/2"}],"replies":[{"embeddable":true,"href":"https:\/\/mersinkadingazetesi.com\/index.php?rest_route=%2Fwp%2Fv2%2Fcomments&post=31627"}],"version-history":[{"count":0,"href":"https:\/\/mersinkadingazetesi.com\/index.php?rest_route=\/wp\/v2\/posts\/31627\/revisions"}],"wp:featuredmedia":[{"embeddable":true,"href":"https:\/\/mersinkadingazetesi.com\/index.php?rest_route=\/wp\/v2\/media\/31628"}],"wp:attachment":[{"href":"https:\/\/mersinkadingazetesi.com\/index.php?rest_route=%2Fwp%2Fv2%2Fmedia&parent=31627"}],"wp:term":[{"taxonomy":"category","embeddable":true,"href":"https:\/\/mersinkadingazetesi.com\/index.php?rest_route=%2Fwp%2Fv2%2Fcategories&post=31627"},{"taxonomy":"post_tag","embeddable":true,"href":"https:\/\/mersinkadingazetesi.com\/index.php?rest_route=%2Fwp%2Fv2%2Ftags&post=31627"}],"curies":[{"name":"wp","href":"https:\/\/api.w.org\/{rel}","templated":true}]}}