{"id":31636,"date":"2024-03-22T12:44:43","date_gmt":"2024-03-22T09:44:43","guid":{"rendered":"http:\/\/mersinkadingazetesi.com\/?p=31636"},"modified":"2024-03-22T12:44:43","modified_gmt":"2024-03-22T09:44:43","slug":"yildiz-mahalle-evlerinde-atanamayan-ogretmenleri-tercih-edeceklerini-soyledi","status":"publish","type":"post","link":"https:\/\/mersinkadingazetesi.com\/?p=31636","title":{"rendered":"Y\u0131ld\u0131z, Mahalle Evleri\u2019nde atanamayan \u00f6\u011fretmenleri tercih edeceklerini s\u00f6yledi"},"content":{"rendered":"<p>CHP Toroslar Belediye Ba\u015fkan Aday\u0131 Abdurrahman Y\u0131ld\u0131z, kent yoksullu\u011funun en derin ya\u015fand\u0131\u011f\u0131 il\u00e7elerden biri olan Toroslar\u2019da \u00e7ocuklara ders \u00e7al\u0131\u015fma alanlar\u0131 yaratacaklar\u0131n\u0131 belirterek, \u201cKendine ait odas\u0131, \u00e7al\u0131\u015fma masas\u0131 olmayan \u00e7ocuklar\u0131m\u0131z, \u00f6\u011fretmenlerimizin g\u00f6zetiminde mahalle evlerinde ders \u00e7al\u0131\u015facak. \u00d6\u011fretmenlerimizi atanmayan \u00f6\u011fretmenlerimizden tercih edece\u011fiz\u201d dedi.<\/p>\n<p>CHP \/ TOROSLAR\/ MERS\u0130N- K\u00f6yde okul olmad\u0131\u011f\u0131 i\u00e7in ailesinin \u00fcretimden koparak kente ta\u015f\u0131nmak zorunda kald\u0131\u011f\u0131n\u0131 s\u0131k s\u0131k dile getiren Cumhuriyet Halk Partisi Toroslar Belediye Ba\u015fkan Aday\u0131 Abdurrahman Y\u0131ld\u0131z, projelerinde e\u011fitime geni\u015f bir pencere a\u00e7t\u0131. \u201cToroslar\u2019da ba\u015f\u0131m\u0131za ne geldiyse bir vicdan\u0131n olmamas\u0131ndan kaynakl\u0131 geldi\u201d diyen Y\u0131ld\u0131z,  planlad\u0131\u011f\u0131 projeleri hayata ge\u00e7irmek i\u00e7in Toroslar Belediyesi\u2019nin yeterli b\u00fct\u00e7eye sahip oldu\u011funa dikkat \u00e7ekerek, \u201cBen vicdan\u0131mla davranaca\u011f\u0131m. Her zaman halk\u0131m\u0131zla yan yana olaca\u011f\u0131m\u201d ifadelerini kulland\u0131.<\/p>\n<p>KRE\u015e TOROSLAR \u0130\u00c7\u0130N ADETA L\u00dcKS!<\/p>\n<p>Y\u0131ld\u0131z, yanl\u0131\u015f e\u011fitim politikalar\u0131 sebebiyle k\u00f6y n\u00fcfusunun \u00e7ok azald\u0131\u011f\u0131n\u0131 ve ya\u015fland\u0131\u011f\u0131n\u0131 s\u00f6yledi.<\/p>\n<p>Belediyeye ait tek bir kre\u015fin olmad\u0131\u011f\u0131 Toroslar\u2019da Milli E\u011fitim\u2019e ait kre\u015flerin say\u0131s\u0131n\u0131n da yetersiz oldu\u011funa dikkat \u00e7eken Y\u0131ld\u0131z, \u201cBir\u00e7ok insan Toroslar\u2019da okul olmad\u0131\u011f\u0131 i\u00e7in k\u00f6y\u00fcn\u00fc terk ediyor. \u0130l\u00e7emizde ilkokulu bitiren \u00e7ocuklar\u0131n gidebilece\u011fi ortaokul da yok.  Bir\u00e7ok mahallede sadece imam hatip ortaokullar\u0131 var. Kre\u015f Toroslar i\u00e7in adeta l\u00fcks! Okul \u00f6ncesi e\u011fitime devam oran\u0131 \u00e7ok d\u00fc\u015f\u00fck\u201d dedi.<\/p>\n<p>\u00c7OCUKLARI DO\u011eUMUNDAN \u0130T\u0130BAREN TAK\u0130BE ALACA\u011eIZ<\/p>\n<p>\u00c7ocuklar\u0131 do\u011fumundan itibaren takibe alacaklar\u0131n\u0131 anlatan Y\u0131ld\u0131z, \u201cToroslar yoksullu\u011fu ile bilinen bir kent. Toroslar\u2019da do\u011fan \u00e7ocuklar\u0131n bir k\u0131sm\u0131 geli\u015fim eksikli\u011fi ile do\u011fuyor. Annesi de sa\u011fl\u0131kl\u0131 beslenemiyor. Anneler i\u00e7in de gebe paketi projemiz var. \u00c7ocuklar\u0131m\u0131z\u0131n yetersiz beslenmesi, kaliteli e\u011fitim alamamas\u0131 ve sosyal etkinliklere eri\u015fememesi sebebiyle geli\u015fimleri k\u00f6t\u00fc y\u00f6nde etkileniyor. \u00c7ocuklar\u0131m\u0131z\u0131n farkl\u0131 ya\u015flardaki ihtiya\u00e7lar\u0131n\u0131 g\u00f6zeterek g\u0131da, beslenme, e\u011fitim, sa\u011fl\u0131k, geli\u015fim deste\u011fi verecek ve gelecekte ba\u015far\u0131l\u0131 olmalar\u0131na katk\u0131 sa\u011flayaca\u011f\u0131z. Hizmetlerimizi t\u00fcm \u00e7ocuklar\u0131m\u0131za e\u015fit \u015fartlar alt\u0131nda ve m\u00fcmk\u00fcn olan en iyi kalitede sunaca\u011f\u0131z\u201d diye konu\u015ftu.<\/p>\n<p>KADININ \u00dcRET\u0130ME KATILMASININ \u00d6N\u00dcN\u00dc DE A\u00c7ACA\u011eIZ<\/p>\n<p>Bu projeleri hayata ge\u00e7irmenin zor olmad\u0131\u011f\u0131n\u0131 dile getiren Y\u0131ld\u0131z, \u00f6ncelikle bir b\u00fct\u00e7e disiplini sa\u011flayacaklar\u0131n\u0131 belirterek, \u015f\u00f6yle devam etti: \u201cB\u00fct\u00e7enin do\u011fru yerlere, yeteri kadar harcanmas\u0131n\u0131 sa\u011flayacak y\u00f6ntemler geli\u015ftirece\u011fiz. Kre\u015fleri a\u00e7arak, kad\u0131n\u0131n \u00fcretime kat\u0131lma olana\u011f\u0131n\u0131n \u00f6n\u00fcn\u00fc de a\u00e7m\u0131\u015f olaca\u011f\u0131z. \u0130nsanlar\u0131m\u0131z\u0131 ya\u015fama tutunabilecek hale getirmemiz laz\u0131m.\u201d<\/p>\n<p>ATANMAYAN \u00d6\u011eRETMENLER\u0130M\u0130ZDEN TERC\u0130H EDECE\u011e\u0130Z<\/p>\n<p>Mahalle kre\u015flerinin yan\u0131 s\u0131ra mahalle evleri de a\u00e7acaklar\u0131n\u0131 anlatan Y\u0131ld\u0131z, evde ders \u00e7al\u0131\u015fma olana\u011f\u0131 olmayan \u00e7ocuklara olanak sa\u011flayacaklar\u0131n\u0131 s\u00f6yledi. Y\u0131ld\u0131z, Mahalle Evleri Projesini \u015f\u00f6yle anlatt\u0131: \u201cKendine ait odas\u0131, \u00e7al\u0131\u015fma masas\u0131 olmayan \u00e7ocuklar\u0131m\u0131z, \u00f6\u011fretmenlerimizin g\u00f6zetiminde ders \u00e7al\u0131\u015facak. \u00d6\u011fretmenlerimizi atanmayan \u00f6\u011fretmenlerimizden tercih edece\u011fiz. B\u00fcy\u00fck\u015fehir Belediyemizin de dershanelerinde \u00e7ok say\u0131da atanamam\u0131\u015f \u00f6\u011fretmenimiz buralarda ders veriyor.\u201d<\/p>\n<p>KADINLAR NEFES ALACAK!<\/p>\n<p>Y\u0131ld\u0131z, Mahalle Evleri ve Kre\u015f Projelerinin; ekonomik deste\u011fin yan\u0131 s\u0131ra kad\u0131nlar\u0131n nefes almas\u0131na da imkan sa\u011flayaca\u011f\u0131na i\u015faret etti. Y\u0131ld\u0131z, Toroslar Belediyesi\u2019nin b\u00fct\u00e7esinin bahsetti\u011fi projeleri hayata ge\u00e7irmek i\u00e7in yeterli oldu\u011funu vurgulad\u0131.<\/p>\n<p>\u00d6ZEL E\u011e\u0130T\u0130M DESTEK \u00c7ALI\u015eMALARI<\/p>\n<p>\u00d6zel gereksinimli \u00e7ocuklara pozitif ayr\u0131mc\u0131l\u0131k yapacaklar\u0131n\u0131 kaydeden Y\u0131ld\u0131z, \u201c\u00d6zel gereksinimli \u00e7ocuklar\u0131m\u0131z\u0131, vatanda\u015flar\u0131m\u0131z\u0131 ve ailelerini destekleyece\u011fiz.  \u00d6zel e\u011fitim alacak \u00e7ocuklar\u0131m\u0131z\u0131n e\u011fitimlerine destek olaca\u011f\u0131z. Engelli yurtta\u015flar\u0131m\u0131z\u0131n g\u00fcnl\u00fck ya\u015fama ve \u00e7al\u0131\u015fma hayat\u0131na kat\u0131l\u0131mlar\u0131 noktas\u0131nda belediyemizin imkanlar\u0131 ile \u00f6zel sekt\u00f6r\u00fcn g\u00fcc\u00fcn\u00fc birle\u015ftirerek pozitif ayr\u0131mc\u0131l\u0131k yapaca\u011f\u0131z\u201d dedi.<\/p>\n","protected":false},"excerpt":{"rendered":"<p>CHP Toroslar Belediye Ba\u015fkan Aday\u0131 Abdurrahman Y\u0131ld\u0131z, kent yoksullu\u011funun en derin ya\u015fand\u0131\u011f\u0131 il\u00e7elerden biri olan Toroslar\u2019da \u00e7ocuklara ders \u00e7al\u0131\u015fma alanlar\u0131 yaratacaklar\u0131n\u0131 belirterek, \u201cKendine ait odas\u0131, \u00e7al\u0131\u015fma masas\u0131 olmayan \u00e7ocuklar\u0131m\u0131z, \u00f6\u011fretmenlerimizin g\u00f6zetiminde mahalle evlerinde ders \u00e7al\u0131\u015facak. \u00d6\u011fretmenlerimizi atanmayan \u00f6\u011fretmenlerimizden tercih edece\u011fiz\u201d dedi. CHP \/ TOROSLAR\/ MERS\u0130N- K\u00f6yde okul olmad\u0131\u011f\u0131 i\u00e7in ailesinin \u00fcretimden koparak kente ta\u015f\u0131nmak zorunda [&hellip;]<\/p>\n","protected":false},"author":2,"featured_media":31637,"comment_status":"open","ping_status":"open","sticky":false,"template":"","format":"standard","meta":{"footnotes":""},"categories":[3,6],"tags":[],"class_list":["post-31636","post","type-post","status-publish","format-standard","has-post-thumbnail","hentry","category-manset","category-siyaset-2"],"views":3,"_links":{"self":[{"href":"https:\/\/mersinkadingazetesi.com\/index.php?rest_route=\/wp\/v2\/posts\/31636"}],"collection":[{"href":"https:\/\/mersinkadingazetesi.com\/index.php?rest_route=\/wp\/v2\/posts"}],"about":[{"href":"https:\/\/mersinkadingazetesi.com\/index.php?rest_route=\/wp\/v2\/types\/post"}],"author":[{"embeddable":true,"href":"https:\/\/mersinkadingazetesi.com\/index.php?rest_route=\/wp\/v2\/users\/2"}],"replies":[{"embeddable":true,"href":"https:\/\/mersinkadingazetesi.com\/index.php?rest_route=%2Fwp%2Fv2%2Fcomments&post=31636"}],"version-history":[{"count":0,"href":"https:\/\/mersinkadingazetesi.com\/index.php?rest_route=\/wp\/v2\/posts\/31636\/revisions"}],"wp:featuredmedia":[{"embeddable":true,"href":"https:\/\/mersinkadingazetesi.com\/index.php?rest_route=\/wp\/v2\/media\/31637"}],"wp:attachment":[{"href":"https:\/\/mersinkadingazetesi.com\/index.php?rest_route=%2Fwp%2Fv2%2Fmedia&parent=31636"}],"wp:term":[{"taxonomy":"category","embeddable":true,"href":"https:\/\/mersinkadingazetesi.com\/index.php?rest_route=%2Fwp%2Fv2%2Fcategories&post=31636"},{"taxonomy":"post_tag","embeddable":true,"href":"https:\/\/mersinkadingazetesi.com\/index.php?rest_route=%2Fwp%2Fv2%2Ftags&post=31636"}],"curies":[{"name":"wp","href":"https:\/\/api.w.org\/{rel}","templated":true}]}}