{"id":31649,"date":"2024-03-24T11:05:20","date_gmt":"2024-03-24T08:05:20","guid":{"rendered":"http:\/\/mersinkadingazetesi.com\/?p=31649"},"modified":"2024-03-24T11:05:20","modified_gmt":"2024-03-24T08:05:20","slug":"tuncer-secim-calismalarina-hiz-kesmeden-devam-ediyor-2","status":"publish","type":"post","link":"https:\/\/mersinkadingazetesi.com\/?p=31649","title":{"rendered":"Tuncer, se\u00e7im \u00e7al\u0131\u015fmalar\u0131na h\u0131z kesmeden devam ediyor"},"content":{"rendered":"<p>Cumhuriyet Halk Partisi Mezitli Belediye Ba\u015fkan Aday\u0131 Ahmet Serkan Tuncer, se\u00e7im \u00e7al\u0131\u015fmalar\u0131na h\u0131z kesmeden devam ediyor. <\/p>\n<p>Tuncer, se\u00e7ime g\u00fcnler kala Mezitli&#8217;nin d\u00f6rt bir yan\u0131n\u0131 dola\u015farak vatanda\u015flarla bulu\u015fuyor, sorunlar\u0131 dinliyor ve \u00e7\u00f6z\u00fcm \u00f6nerilerini payla\u015f\u0131yor. <\/p>\n<p>Adil, \u015feffaf ve kapsay\u0131c\u0131 bir y\u00f6netim anlay\u0131\u015f\u0131yla Mezitli&#8217;yi daha ya\u015fanabilir bir yer haline getirmeyi hedefledi\u011fini ifade eden Tuncer;<\/p>\n<p>&#8220;Bu se\u00e7im s\u00fcrecinde vatanda\u015flar\u0131m\u0131z ile bir araya gelmek ve Mezitli&#8217;mizin gelece\u011fi i\u00e7in birlikte \u00e7al\u0131\u015fmak b\u00fcy\u00fck bir onur ve sorumluluk. <\/p>\n<p>Her g\u00fcn sokak sokak, mahalle mahalle dola\u015f\u0131yor, ev ev ziyaret ediyoruz. Hem\u015fehrilerimizin sorunlar\u0131n\u0131, taleplerini ve beklentilerini dinliyoruz. Bizim i\u00e7in her bir g\u00f6r\u00fc\u015f, her bir \u00f6neri \u00e7ok de\u011ferli.<\/p>\n<p>Amac\u0131m\u0131z; Mezitli&#8217;yi daha g\u00fczel, daha ya\u015fa nabilir bir yer haline getirmek ve hem\u015fehrilerimizin hayat\u0131n\u0131 kolayla\u015ft\u0131rmak. Bu yolda, \u015feffaf bir y\u00f6netim anlay\u0131\u015f\u0131yla, kat\u0131l\u0131mc\u0131 bir yakla\u015f\u0131mla hareket ediyoruz. <\/p>\n<p>Yan\u0131m\u0131zda yer alan t\u00fcm dostlar\u0131m\u0131zla birlikte \u00e7\u00f6z\u00fcm odakl\u0131 \u00e7al\u0131\u015farak, daha iyi bir gelecek in\u015fa etmek istiyoruz. Bu s\u00fcre\u00e7te deste\u011fini ve g\u00fcvenini bizden esirgemeyen herkese te\u015fekk\u00fcr ediyoruz. Biz, Mezitli i\u00e7in buraday\u0131z ve Mezitli&#8217;nin sesi olmaya s\u00f6z veriyoruz.&#8221; ifadelerini kulland\u0131.<\/p>\n","protected":false},"excerpt":{"rendered":"<p>Cumhuriyet Halk Partisi Mezitli Belediye Ba\u015fkan Aday\u0131 Ahmet Serkan Tuncer, se\u00e7im \u00e7al\u0131\u015fmalar\u0131na h\u0131z kesmeden devam ediyor. Tuncer, se\u00e7ime g\u00fcnler kala Mezitli&#8217;nin d\u00f6rt bir yan\u0131n\u0131 dola\u015farak vatanda\u015flarla bulu\u015fuyor, sorunlar\u0131 dinliyor ve \u00e7\u00f6z\u00fcm \u00f6nerilerini payla\u015f\u0131yor. Adil, \u015feffaf ve kapsay\u0131c\u0131 bir y\u00f6netim anlay\u0131\u015f\u0131yla Mezitli&#8217;yi daha ya\u015fanabilir bir yer haline getirmeyi hedefledi\u011fini ifade eden Tuncer; &#8220;Bu se\u00e7im s\u00fcrecinde vatanda\u015flar\u0131m\u0131z [&hellip;]<\/p>\n","protected":false},"author":2,"featured_media":31650,"comment_status":"open","ping_status":"open","sticky":false,"template":"","format":"standard","meta":{"footnotes":""},"categories":[3,6],"tags":[],"class_list":["post-31649","post","type-post","status-publish","format-standard","has-post-thumbnail","hentry","category-manset","category-siyaset-2"],"views":2,"_links":{"self":[{"href":"https:\/\/mersinkadingazetesi.com\/index.php?rest_route=\/wp\/v2\/posts\/31649"}],"collection":[{"href":"https:\/\/mersinkadingazetesi.com\/index.php?rest_route=\/wp\/v2\/posts"}],"about":[{"href":"https:\/\/mersinkadingazetesi.com\/index.php?rest_route=\/wp\/v2\/types\/post"}],"author":[{"embeddable":true,"href":"https:\/\/mersinkadingazetesi.com\/index.php?rest_route=\/wp\/v2\/users\/2"}],"replies":[{"embeddable":true,"href":"https:\/\/mersinkadingazetesi.com\/index.php?rest_route=%2Fwp%2Fv2%2Fcomments&post=31649"}],"version-history":[{"count":0,"href":"https:\/\/mersinkadingazetesi.com\/index.php?rest_route=\/wp\/v2\/posts\/31649\/revisions"}],"wp:featuredmedia":[{"embeddable":true,"href":"https:\/\/mersinkadingazetesi.com\/index.php?rest_route=\/wp\/v2\/media\/31650"}],"wp:attachment":[{"href":"https:\/\/mersinkadingazetesi.com\/index.php?rest_route=%2Fwp%2Fv2%2Fmedia&parent=31649"}],"wp:term":[{"taxonomy":"category","embeddable":true,"href":"https:\/\/mersinkadingazetesi.com\/index.php?rest_route=%2Fwp%2Fv2%2Fcategories&post=31649"},{"taxonomy":"post_tag","embeddable":true,"href":"https:\/\/mersinkadingazetesi.com\/index.php?rest_route=%2Fwp%2Fv2%2Ftags&post=31649"}],"curies":[{"name":"wp","href":"https:\/\/api.w.org\/{rel}","templated":true}]}}