{"id":31652,"date":"2024-03-24T11:06:28","date_gmt":"2024-03-24T08:06:28","guid":{"rendered":"http:\/\/mersinkadingazetesi.com\/?p=31652"},"modified":"2024-03-24T11:06:28","modified_gmt":"2024-03-24T08:06:28","slug":"baskan-secer-mut-halkiyla-iftar-yapti","status":"publish","type":"post","link":"https:\/\/mersinkadingazetesi.com\/?p=31652","title":{"rendered":"BA\u015eKAN SE\u00c7ER, MUT HALKIYLA \u0130FTAR YAPTI"},"content":{"rendered":"<p>Mersin B\u00fcy\u00fck\u015fehir Belediye Ba\u015fkan\u0131 ve Cumhuriyet Halk Partisi (CHP) Mersin B\u00fcy\u00fck\u015fehir Belediye Ba\u015fkan Aday\u0131 Vahap Se\u00e7er, Mut \u0130l\u00e7esi Cumhuriyet Meydan\u0131&#8217;nda Mersin B\u00fcy\u00fck\u015fehir Belediyesi taraf\u0131ndan verilen iftar yeme\u011finde Mut halk\u0131 ile bir araya gelerek iftar yapt\u0131.<\/p>\n<p>Ba\u015fkan Se\u00e7er&#8217;e CHP Mersin Milletvekili G\u00fclcan K\u0131\u015f, CHP Mersin \u0130l Ba\u015fkan\u0131 Koral \u00d6m\u00fcr, CHP Mut Belediye Ba\u015fkan Aday\u0131 G\u00fcls\u00fcm Kevser ve CHP G\u00fclnar Belediye Ba\u015fkan Aday\u0131 Bayram Ali Dede e\u015flik etti. Okunan ezan\u0131n ard\u0131ndan, kurulan birlik ve beraberlik sofras\u0131nda t\u00fcm Mut halk\u0131 hep birlikte iftar yapt\u0131. \u0130ftar\u0131n ard\u0131ndan dua okundu.<\/p>\n<p>Mut halk\u0131n\u0131n iftar\u0131n\u0131n kabul olmas\u0131n\u0131 dileyen Ba\u015fkan Se\u00e7er, &#8220;Beraber bir arada, karde\u015f\u00e7e bu aziz m\u00fcbarek Cuma g\u00fcn\u00fc iftar\u0131m\u0131z\u0131 yapt\u0131k. Allah orucunuzu, dualar\u0131n\u0131z\u0131 kabul eylesin. \u0130n\u015fallah Ramazan Bayram\u0131&#8217;na da ulus\u00e7a birlik ve beraberlik i\u00e7erisinde ula\u015f\u0131r\u0131z ve g\u00fczel bir bayram ge\u00e7iririz. Ayr\u0131ms\u0131z, birlik, beraberlik refah ve huzur i\u00e7erisinde daha nice bayramlar g\u00f6relim&#8221; s\u00f6zlerine yer verdi.<\/p>\n","protected":false},"excerpt":{"rendered":"<p>Mersin B\u00fcy\u00fck\u015fehir Belediye Ba\u015fkan\u0131 ve Cumhuriyet Halk Partisi (CHP) Mersin B\u00fcy\u00fck\u015fehir Belediye Ba\u015fkan Aday\u0131 Vahap Se\u00e7er, Mut \u0130l\u00e7esi Cumhuriyet Meydan\u0131&#8217;nda Mersin B\u00fcy\u00fck\u015fehir Belediyesi taraf\u0131ndan verilen iftar yeme\u011finde Mut halk\u0131 ile bir araya gelerek iftar yapt\u0131. Ba\u015fkan Se\u00e7er&#8217;e CHP Mersin Milletvekili G\u00fclcan K\u0131\u015f, CHP Mersin \u0130l Ba\u015fkan\u0131 Koral \u00d6m\u00fcr, CHP Mut Belediye Ba\u015fkan Aday\u0131 G\u00fcls\u00fcm Kevser [&hellip;]<\/p>\n","protected":false},"author":2,"featured_media":31653,"comment_status":"open","ping_status":"open","sticky":false,"template":"","format":"standard","meta":{"footnotes":""},"categories":[3],"tags":[],"class_list":["post-31652","post","type-post","status-publish","format-standard","has-post-thumbnail","hentry","category-manset"],"views":15,"_links":{"self":[{"href":"https:\/\/mersinkadingazetesi.com\/index.php?rest_route=\/wp\/v2\/posts\/31652"}],"collection":[{"href":"https:\/\/mersinkadingazetesi.com\/index.php?rest_route=\/wp\/v2\/posts"}],"about":[{"href":"https:\/\/mersinkadingazetesi.com\/index.php?rest_route=\/wp\/v2\/types\/post"}],"author":[{"embeddable":true,"href":"https:\/\/mersinkadingazetesi.com\/index.php?rest_route=\/wp\/v2\/users\/2"}],"replies":[{"embeddable":true,"href":"https:\/\/mersinkadingazetesi.com\/index.php?rest_route=%2Fwp%2Fv2%2Fcomments&post=31652"}],"version-history":[{"count":0,"href":"https:\/\/mersinkadingazetesi.com\/index.php?rest_route=\/wp\/v2\/posts\/31652\/revisions"}],"wp:featuredmedia":[{"embeddable":true,"href":"https:\/\/mersinkadingazetesi.com\/index.php?rest_route=\/wp\/v2\/media\/31653"}],"wp:attachment":[{"href":"https:\/\/mersinkadingazetesi.com\/index.php?rest_route=%2Fwp%2Fv2%2Fmedia&parent=31652"}],"wp:term":[{"taxonomy":"category","embeddable":true,"href":"https:\/\/mersinkadingazetesi.com\/index.php?rest_route=%2Fwp%2Fv2%2Fcategories&post=31652"},{"taxonomy":"post_tag","embeddable":true,"href":"https:\/\/mersinkadingazetesi.com\/index.php?rest_route=%2Fwp%2Fv2%2Ftags&post=31652"}],"curies":[{"name":"wp","href":"https:\/\/api.w.org\/{rel}","templated":true}]}}