{"id":31658,"date":"2024-03-24T11:11:28","date_gmt":"2024-03-24T08:11:28","guid":{"rendered":"http:\/\/mersinkadingazetesi.com\/?p=31658"},"modified":"2024-03-24T11:11:28","modified_gmt":"2024-03-24T08:11:28","slug":"serdar-soydan-is-dunyasi-bizi-bekliyor-projelerimizle-geliyoruz","status":"publish","type":"post","link":"https:\/\/mersinkadingazetesi.com\/?p=31658","title":{"rendered":"Serdar Soydan: &#8220;\u0130\u015f d\u00fcnyas\u0131 bizi bekliyor, projelerimizle geliyoruz.&#8221;"},"content":{"rendered":"<p>Cumhur \u0130ttifak\u0131 Mersin B\u00fcy\u00fck\u015fehir Belediye Ba\u015fkan Aday\u0131 Serdar Soydan, i\u015f d\u00fcnyas\u0131 ile yapt\u0131klar\u0131 t\u00fcm bulu\u015fmalarda Cumhur \u0130ttifak\u0131n\u0131n g\u00fcc\u00fcn\u00fcn Mersin&#8217;e yans\u0131mas\u0131n\u0131 bekledikleri y\u00f6n\u00fcnde talepler ald\u0131klar\u0131n\u0131 kaydederek, &#8220;Mersin bizi bekliyor. \u0130\u015f d\u00fcnyas\u0131 bizi bekliyor. Projelerini, s\u00f6ylediklerini yapabilecek aday olarak bizi g\u00f6r\u00fcyor. Yat\u0131r\u0131mc\u0131 g\u00fcven ister, o g\u00fcven ortam\u0131n\u0131 da biz sa\u011flar\u0131z. Ortak ak\u0131l ve isti\u015fare ile \u015fehrimizi daha ileriye ta\u015f\u0131mak i\u00e7in kararl\u0131l\u0131kla \u00e7al\u0131\u015f\u0131yoruz.&#8221; Dedi.<\/p>\n<p>&#8220;Ortak ak\u0131l ve isti\u015fare ile \u015fehrimizi daha ileriye ta\u015f\u0131mak i\u00e7in kararl\u0131l\u0131kla \u00e7al\u0131\u015f\u0131yoruz.&#8221;<\/p>\n<p>Mersin Ticaret ve Sanayi Odas\u0131n\u0131n organize etti\u011fi, &#8216;\u0130\u015f D\u00fcnyas\u0131 &#8211; B\u00fcy\u00fck\u015fehir Belediye Ba\u015fkan Adaylar\u0131&#8217; program\u0131na kat\u0131lan Serdar Soydan, kendisine sunulan ve MTSO Organ \u00dcyeleri, \u00fcniversiteler, meslek kurulu\u015flar\u0131 ve sivil toplum kurulu\u015fu temsilcilerinin kat\u0131l\u0131m\u0131yla ger\u00e7ekle\u015ftirilen &#8216;Mersin Ba\u015fkanlar\u0131ndan Ne Bekliyor?&#8217; isimli arama konferans\u0131 sonu\u00e7 raporuna dikkat \u00e7ekerek, &#8220;Mersin Ticaret ve Sanayi Odas\u0131&#8217;nda, \u0130\u015f d\u00fcnyam\u0131z\u0131n g\u00fc\u00e7l\u00fc temsilcileriyle bir araya gelerek \u015fehrimizin gelece\u011fine y\u00f6nelik projelerimizi anlatt\u0131k. Mersin&#8217;in ekonomik ve ticari potansiyelini de\u011ferlendirdik. Ortak ak\u0131l ve isti\u015fare ile \u015fehrimizi daha ileriye ta\u015f\u0131mak i\u00e7in kararl\u0131l\u0131kla \u00e7al\u0131\u015f\u0131yoruz. MTSO Y\u00f6netim Kurulu Ba\u015fkan\u0131 Say\u0131n Hakan Sefa \u00c7ak\u0131r ve k\u0131ymetli \u00fcyelerine te\u015fekk\u00fcr ederiz.&#8221; ifadelerini kulland\u0131. <\/p>\n<p>&#8220;\u0130l\u00e7elerimizde ya\u015fayan vatanda\u015flar\u0131m\u0131z karar\u0131n\u0131 vermi\u015f&#8221;<\/p>\n<p>Daha sonra Silifke ve Mut \u0130l\u00e7elerinde se\u00e7im \u00e7al\u0131\u015fmalar\u0131na devam eden Serdar Soydan, Mut&#8217;ta binlerce ki\u015finin kat\u0131l\u0131m\u0131 ger\u00e7ekle\u015fen iftar program\u0131nda, &#8220;\u00d6nceki D\u00f6nem Hazine ve Maliye Bakan\u0131m\u0131z ve AK Parti Mersin Milletvekilimiz Say\u0131n Nureddin Nebati Bey ve hem\u015fehrilerimiz ile oru\u00e7lar\u0131m\u0131z\u0131 a\u00e7t\u0131k. Mut ve Silifke&#8217;de g\u00f6rd\u00fck ki vatanda\u015flar\u0131m\u0131z karar\u0131n\u0131 vermi\u015f. Mersinlilerin dertlerine derman olmak i\u00e7in \u00e7\u0131kt\u0131\u011f\u0131m\u0131z bu yolda en b\u00fcy\u00fck deste\u011fi yine siz de\u011ferli Mersinli hem\u015ferilerimizden al\u0131yoruz. Biz b\u00fcy\u00fck bir irade ve g\u00fc\u00e7le, projelerimizle geliyoruz.&#8221; Diye konu\u015ftu.<\/p>\n","protected":false},"excerpt":{"rendered":"<p>Cumhur \u0130ttifak\u0131 Mersin B\u00fcy\u00fck\u015fehir Belediye Ba\u015fkan Aday\u0131 Serdar Soydan, i\u015f d\u00fcnyas\u0131 ile yapt\u0131klar\u0131 t\u00fcm bulu\u015fmalarda Cumhur \u0130ttifak\u0131n\u0131n g\u00fcc\u00fcn\u00fcn Mersin&#8217;e yans\u0131mas\u0131n\u0131 bekledikleri y\u00f6n\u00fcnde talepler ald\u0131klar\u0131n\u0131 kaydederek, &#8220;Mersin bizi bekliyor. \u0130\u015f d\u00fcnyas\u0131 bizi bekliyor. Projelerini, s\u00f6ylediklerini yapabilecek aday olarak bizi g\u00f6r\u00fcyor. Yat\u0131r\u0131mc\u0131 g\u00fcven ister, o g\u00fcven ortam\u0131n\u0131 da biz sa\u011flar\u0131z. Ortak ak\u0131l ve isti\u015fare ile \u015fehrimizi daha [&hellip;]<\/p>\n","protected":false},"author":2,"featured_media":31659,"comment_status":"open","ping_status":"open","sticky":false,"template":"","format":"standard","meta":{"footnotes":""},"categories":[8,3,6],"tags":[],"class_list":["post-31658","post","type-post","status-publish","format-standard","has-post-thumbnail","hentry","category-ekonomi","category-manset","category-siyaset-2"],"views":11,"_links":{"self":[{"href":"https:\/\/mersinkadingazetesi.com\/index.php?rest_route=\/wp\/v2\/posts\/31658"}],"collection":[{"href":"https:\/\/mersinkadingazetesi.com\/index.php?rest_route=\/wp\/v2\/posts"}],"about":[{"href":"https:\/\/mersinkadingazetesi.com\/index.php?rest_route=\/wp\/v2\/types\/post"}],"author":[{"embeddable":true,"href":"https:\/\/mersinkadingazetesi.com\/index.php?rest_route=\/wp\/v2\/users\/2"}],"replies":[{"embeddable":true,"href":"https:\/\/mersinkadingazetesi.com\/index.php?rest_route=%2Fwp%2Fv2%2Fcomments&post=31658"}],"version-history":[{"count":0,"href":"https:\/\/mersinkadingazetesi.com\/index.php?rest_route=\/wp\/v2\/posts\/31658\/revisions"}],"wp:featuredmedia":[{"embeddable":true,"href":"https:\/\/mersinkadingazetesi.com\/index.php?rest_route=\/wp\/v2\/media\/31659"}],"wp:attachment":[{"href":"https:\/\/mersinkadingazetesi.com\/index.php?rest_route=%2Fwp%2Fv2%2Fmedia&parent=31658"}],"wp:term":[{"taxonomy":"category","embeddable":true,"href":"https:\/\/mersinkadingazetesi.com\/index.php?rest_route=%2Fwp%2Fv2%2Fcategories&post=31658"},{"taxonomy":"post_tag","embeddable":true,"href":"https:\/\/mersinkadingazetesi.com\/index.php?rest_route=%2Fwp%2Fv2%2Ftags&post=31658"}],"curies":[{"name":"wp","href":"https:\/\/api.w.org\/{rel}","templated":true}]}}