{"id":31661,"date":"2024-03-24T11:12:43","date_gmt":"2024-03-24T08:12:43","guid":{"rendered":"http:\/\/mersinkadingazetesi.com\/?p=31661"},"modified":"2024-03-24T11:12:43","modified_gmt":"2024-03-24T08:12:43","slug":"secerden-cocuk-meclisinekentimize-deger-katiyorsunuz","status":"publish","type":"post","link":"https:\/\/mersinkadingazetesi.com\/?p=31661","title":{"rendered":"SE\u00c7ER&#8217;DEN \u00c7OCUK MECL\u0130S\u0130&#8217;NE&#8221;KENT\u0130M\u0130ZE DE\u011eER KATIYORSUNUZ&#8221;"},"content":{"rendered":"<p>Mersin B\u00fcy\u00fck\u015fehir Belediye Ba\u015fkan\u0131 ve Cumhuriyet Halk Partisi (CHP) Mersin B\u00fcy\u00fck\u015fehir Belediye Ba\u015fkan Aday\u0131 Vahap Se\u00e7er, e\u015fi Meral Se\u00e7er ile birlikte Mersin B\u00fcy\u00fck\u015fehir Belediyesi 1. D\u00f6nem \u00c7ocuk Meclisi Mart Ay\u0131 Ola\u011fan Meclis Toplant\u0131s\u0131&#8217;na kat\u0131ld\u0131.<\/p>\n<p>&#8220;Kentimize de\u011fer kat\u0131yorsunuz&#8221;<br \/>\nKonu\u015fmas\u0131na Meclis Ba\u015fkan\u0131 nezdinde t\u00fcm \u00fcyelere kendisini toplant\u0131ya davet ettikleri i\u00e7in te\u015fekk\u00fcr ederek ba\u015flayan Ba\u015fkan Se\u00e7er, &#8220;G\u00f6r\u00fcyorum ki Mersin&#8217;e hizmet etmenin bilinciyle ve \u015fevkiyle \u00e7al\u0131\u015fmalar\u0131n\u0131z\u0131 s\u00fcrd\u00fcr\u00fcyorsunuz. Zaman zaman ald\u0131\u011f\u0131m bilgiler do\u011frultusunda \u00e7al\u0131\u015fmalar\u0131n\u0131zdan da haberdar oluyorum. Son derece \u00f6nemli de\u011ferli \u00e7al\u0131\u015fmalar yap\u0131yor, kentimize de\u011fer kat\u0131yorsunuz. Bundan dolay\u0131 da sizleri kutluyorum. Sizlere Mersin ad\u0131na te\u015fekk\u00fcr ediyorum. Meclis \u00fcyelerimizin kent hakk\u0131nda bilgilerinin geli\u015fti\u011fini, Mersin&#8217;in sorunlar\u0131na daha vak\u0131f olduklar\u0131n\u0131 ve bu konuda da kafa yorduklar\u0131n\u0131, \u00e7\u00f6z\u00fcm \u00fcrettiklerini, yeni projeler konusunda \u00e7al\u0131\u015fmalar sergilediklerini g\u00f6r\u00fcyorum&#8221; dedi.<\/p>\n<p>\u00c7al\u0131\u015fmalar\u0131 kapsam\u0131nda il\u00e7elerde s\u00fcrd\u00fcrd\u00fc\u011f\u00fc programlarda \u00c7ocuk Meclisi \u00fcyelerinin zaman zaman kendisine e\u015flik etti\u011fini aktaran Se\u00e7er, &#8220;Umut ediyorum bundan sonra da Mersin&#8217;in her noktas\u0131nda yapt\u0131\u011f\u0131m\u0131z \u00e7al\u0131\u015fmalarda sizlerin bizlere deste\u011fi olur&#8221; dedi.<\/p>\n<p>&#8220;Mersin halk\u0131ndan g\u00fcven tazelemelerini isteyece\u011fiz&#8221;<br \/>\nDemokrasilerde se\u00e7ilmi\u015flere yetki verenin de o yetkiyi geri alan\u0131nda halk oldu\u011funa dikkat \u00e7eken Se\u00e7er, &#8220;2019 se\u00e7imlerinde Mersin halk\u0131 5 y\u0131ll\u0131k g\u00f6revi \u015fahs\u0131ma verdi. Bana &#8216;5 y\u0131l Mersin B\u00fcy\u00fck\u015fehir Belediye Ba\u015fkanl\u0131\u011f\u0131 yapma yetkisini size veriyoruz Say\u0131n Ba\u015fkan&#8217; dediler. \u015eimdi 5 y\u0131l\u0131n sonuna geldik. 31 Mart&#8217;ta tekrar Mersin halk\u0131ndan g\u00fcven tazelemelerini isteyece\u011fiz. Diyece\u011fiz ki Mersin halk\u0131na; &#8216;Halk\u0131m\u0131z; bizim 5 y\u0131ll\u0131k hizmetlerimizden memnunsan\u0131z, biz de 5 y\u0131l daha size hizmet etmek istiyoruz. Bize destek verin.&#8217; &#8221; ifadelerini kulland\u0131.<\/p>\n<p>&#8220;Say\u0131l\u0131 g\u00fcn \u00e7abuk ge\u00e7er, Mersin i\u00e7in Vahap Se\u00e7er&#8221;<br \/>\nGeli\u015fmi\u015f ve uygar toplumlarda demokratik yar\u0131\u015flar\u0131n, etik kurallar \u00e7er\u00e7evesinde, ba\u011f\u0131ms\u0131z, tarafs\u0131z ve devlet erkinin m\u00fcdahalesi olmadan s\u00fcrd\u00fcr\u00fcld\u00fc\u011f\u00fcn\u00fcn \u00f6nemini anlatan Se\u00e7er, &#8220;Bug\u00fcne kadar Mersin&#8217;de yapt\u0131\u011f\u0131m\u0131z kampanyada ne mutlu ki bizi \u00fczecek, &#8216;Ke\u015fke olmasayd\u0131&#8217; dedirtecek, toplumumuzu geren, \u00fczen herhangi bir hadiseyle kar\u015f\u0131 kar\u015f\u0131ya kalmad\u0131k. 1 hafta sonra zaten se\u00e7imlere gidece\u011fiz ve umar\u0131m \u015fu ana kadar oldu\u011fu gibi bundan sonra da s\u00fck\u00fbnet i\u00e7erisinde, demokrasimize yara\u015f\u0131r, birli\u011fimize beraberli\u011fimize halel getirmeyen bir s\u00fcreci tamamlar\u0131z ve 31 Mart ak\u015fam\u0131 do\u011fal olarak &#8216;Say\u0131l\u0131 g\u00fcn \u00e7abuk ge\u00e7er, Mersin i\u00e7in Vahap Se\u00e7er&#8217; slogan\u0131yla ikinci 5 y\u0131ll\u0131k g\u00f6revi vatanda\u015flar\u0131m\u0131zdan devral\u0131r\u0131z&#8221; diye konu\u015ftu.<\/p>\n<p>&#8220;Evlatlar\u0131m\u0131za, demokrasi bilincini a\u015f\u0131lamak i\u00e7in \u00c7ocuk Meclisi&#8217;nin devam\u0131n\u0131 isterim&#8221;<br \/>\nDevlette devaml\u0131l\u0131\u011f\u0131n esas oldu\u011funu ve Meclisi \u00fcyelerden de \u00c7ocuk Meclisi&#8217;nin \u00e7al\u0131\u015fmalar\u0131n\u0131n devaml\u0131l\u0131\u011f\u0131n\u0131 arzu etti\u011fini dile getiren Se\u00e7er, &#8220;Devlet y\u00f6netiminde makamlar vard\u0131r ama makam\u0131 i\u015fgal edenlerin devaml\u0131l\u0131\u011f\u0131 yoktur. Belli bir s\u00fcre bir ki\u015fi g\u00f6rev yapar daha sonra bir ba\u015fkas\u0131na bayra\u011f\u0131 teslim eder. G\u00f6revi alanda g\u00f6rev s\u00fcresi boyunca hizmetlerine devam eder. \u015eu anda belediye ba\u015fkan\u0131n\u0131z\u0131m, umar\u0131m ikinci 5 y\u0131lda devam edece\u011fiz. Her hal ve \u015fartta Mersin&#8217;de k\u00fc\u00e7\u00fck ya\u015fta \u00e7ocuklar\u0131m\u0131za, gelece\u011fimizin umudu olan evlatlar\u0131m\u0131za, demokrasi bilincini a\u015f\u0131lamak i\u00e7in \u00c7ocuk Meclisi&#8217;nin devam\u0131n\u0131 isterim&#8221; dedi.<\/p>\n<p>Se\u00e7er, Meclis \u00fcyelerinin taleplerini yan\u0131tlad\u0131<br \/>\nKonu\u015fmas\u0131n\u0131n ard\u0131ndan \u00c7ocuk Meclisi \u00fcyelerinden gelen talepleri dinleyen ve notlar alan Ba\u015fkan Se\u00e7er, aktar\u0131lan istekler hakk\u0131nda bilgi verdi. Okuma Salonu ve deniz temizli\u011fi talebi ile ilgili konu\u015fan Se\u00e7er, &#8220;Mersin genelinde toplamda 12 adet okuma salonumuz var. Her ge\u00e7en g\u00fcn bunun say\u0131s\u0131n\u0131 da art\u0131raca\u011f\u0131z. \u0130l\u00e7elerimizde m\u00fcmk\u00fcnse her il\u00e7emizde bir de\u011fil birden fazla okuma salonu olmas\u0131n\u0131 arzu ediyoruz. Dikkatimi \u00e7eken bir di\u011fer konu, deniz ve \u00e7evre temizli\u011fi ile ilgili iki ayr\u0131 meclis \u00fcyemizden geldi. Bu konuda toplumu daha iyi bilin\u00e7lendirmek i\u00e7in \u00c7ocuk Meclisi&#8217;mizin de katk\u0131lar\u0131yla, \u00f6zellikle ilk\u00f6\u011fretim \u00e7a\u011f\u0131ndaki \u00e7ocuklar\u0131m\u0131za, \u00e7evre temizli\u011fi ve deniz temizli\u011fi bilincini a\u015f\u0131layacak bilgilendirme toplant\u0131lar\u0131n\u0131n yap\u0131lmas\u0131n\u0131 istiyorum&#8221; s\u00f6zlerine yer verdi. <\/p>\n<p>\u0130klim ve S\u0131f\u0131r At\u0131k dairesi Ba\u015fkanl\u0131\u011f\u0131 b\u00fcnyesinde kurulan Mercan 100. Y\u0131l \u0130klim ve \u00c7evre Bilim Merkezi&#8217;ni \u00e7ok \u00f6nemsedi\u011fini de s\u00f6zlerine ekleyen Se\u00e7er, &#8220;Buradan velilerimizi de haberdar etmek istiyorum. 29 Ekim&#8217;de a\u00e7t\u0131\u011f\u0131m\u0131z Mercan 100. Y\u0131l \u0130klim ve \u00c7evre Bilim Merkezi&#8217;ni \u015fu ana kadar 60 bine yak\u0131n \u00e7ocuk ziyaret etti. Yakla\u015f\u0131k 120 deney at\u00f6lyesi, T\u00fcrkiye&#8217;nin en b\u00fcy\u00fck planetaryumu ve uzay teleskopunun oldu\u011fu izleme odas\u0131 var. Mutlaka \u00e7ocuklar\u0131m\u0131z\u0131n oraya gitmesini arzu ediyoruz&#8221; dedi.<\/p>\n<p>\u0130l\u00e7elerden gelen park talepleri hakk\u0131nda da \u00c7ocuk Meclisi \u00fcyelerini bilgilendiren Se\u00e7er \u015funlar\u0131 kaydetti:<br \/>\n&#8220;Elbette ki ye\u015fil alanlar artt\u0131r\u0131ls\u0131n. \u00d6zellikle il\u00e7elerimizde her mahallede. K\u00fc\u00e7\u00fck parklar\u0131n sorumlulu\u011fu il\u00e7e belediyelerinde ve bu konuda \u00e7al\u0131\u015fma yapmalar\u0131n\u0131 arzu ediyoruz. Daha b\u00fcy\u00fck parklar, \u00f6rne\u011fin K\u00fclt\u00fcr Park, Atat\u00fcrk Park\u0131, 68&#8217;liler Orman\u0131 ve yeni yapaca\u011f\u0131m\u0131z 500 d\u00f6n\u00fcml\u00fck M\u00fcft\u00fc Deresi Ya\u015fam Park\u0131 bizim sorumlulu\u011fumuzda. Bu park bizim \u00f6n\u00fcm\u00fczdeki 5 y\u0131lda en \u00f6nem verdi\u011fimiz projelerden bir tanesidir. Mersinlere s\u00f6z\u00fcm\u00fczd\u00fcr, gelecek 5 y\u0131l i\u00e7erisinde M\u00fcft\u00fc Deresi Ya\u015fam Park\u0131&#8217;n\u0131 vatanda\u015flar\u0131m\u0131z\u0131n hizmetine sunaca\u011f\u0131z. 500 d\u00f6n\u00fcml\u00fck \u00e7ok b\u00fcy\u00fck bir ye\u015fil alan, park olacak. \u015eimdiden Mersinlere hay\u0131rl\u0131 u\u011furlu olsun diyorum.&#8221;<\/p>\n<p>Konu\u015fmalar\u0131n ard\u0131ndan \u00c7ocuk Meclisi Mart Ay\u0131 Ola\u011fan Meclis Toplant\u0131s\u0131 ger\u00e7ekle\u015ftirildi. Meclis \u00fcyeleri \u00f6nergelerin okunmas\u0131n\u0131n ard\u0131ndan komisyonlardan gelen konular\u0131 g\u00f6r\u00fc\u015ft\u00fc.<br \/>\nMeclis Toplant\u0131s\u0131 toplu foto\u011fraf \u00e7ekiminin ard\u0131ndan sona erdi.<\/p>\n","protected":false},"excerpt":{"rendered":"<p>Mersin B\u00fcy\u00fck\u015fehir Belediye Ba\u015fkan\u0131 ve Cumhuriyet Halk Partisi (CHP) Mersin B\u00fcy\u00fck\u015fehir Belediye Ba\u015fkan Aday\u0131 Vahap Se\u00e7er, e\u015fi Meral Se\u00e7er ile birlikte Mersin B\u00fcy\u00fck\u015fehir Belediyesi 1. D\u00f6nem \u00c7ocuk Meclisi Mart Ay\u0131 Ola\u011fan Meclis Toplant\u0131s\u0131&#8217;na kat\u0131ld\u0131. &#8220;Kentimize de\u011fer kat\u0131yorsunuz&#8221; Konu\u015fmas\u0131na Meclis Ba\u015fkan\u0131 nezdinde t\u00fcm \u00fcyelere kendisini toplant\u0131ya davet ettikleri i\u00e7in te\u015fekk\u00fcr ederek ba\u015flayan Ba\u015fkan Se\u00e7er, &#8220;G\u00f6r\u00fcyorum ki [&hellip;]<\/p>\n","protected":false},"author":2,"featured_media":31662,"comment_status":"open","ping_status":"open","sticky":false,"template":"","format":"standard","meta":{"footnotes":""},"categories":[2,3],"tags":[],"class_list":["post-31661","post","type-post","status-publish","format-standard","has-post-thumbnail","hentry","category-gundem","category-manset"],"views":5,"_links":{"self":[{"href":"https:\/\/mersinkadingazetesi.com\/index.php?rest_route=\/wp\/v2\/posts\/31661"}],"collection":[{"href":"https:\/\/mersinkadingazetesi.com\/index.php?rest_route=\/wp\/v2\/posts"}],"about":[{"href":"https:\/\/mersinkadingazetesi.com\/index.php?rest_route=\/wp\/v2\/types\/post"}],"author":[{"embeddable":true,"href":"https:\/\/mersinkadingazetesi.com\/index.php?rest_route=\/wp\/v2\/users\/2"}],"replies":[{"embeddable":true,"href":"https:\/\/mersinkadingazetesi.com\/index.php?rest_route=%2Fwp%2Fv2%2Fcomments&post=31661"}],"version-history":[{"count":0,"href":"https:\/\/mersinkadingazetesi.com\/index.php?rest_route=\/wp\/v2\/posts\/31661\/revisions"}],"wp:featuredmedia":[{"embeddable":true,"href":"https:\/\/mersinkadingazetesi.com\/index.php?rest_route=\/wp\/v2\/media\/31662"}],"wp:attachment":[{"href":"https:\/\/mersinkadingazetesi.com\/index.php?rest_route=%2Fwp%2Fv2%2Fmedia&parent=31661"}],"wp:term":[{"taxonomy":"category","embeddable":true,"href":"https:\/\/mersinkadingazetesi.com\/index.php?rest_route=%2Fwp%2Fv2%2Fcategories&post=31661"},{"taxonomy":"post_tag","embeddable":true,"href":"https:\/\/mersinkadingazetesi.com\/index.php?rest_route=%2Fwp%2Fv2%2Ftags&post=31661"}],"curies":[{"name":"wp","href":"https:\/\/api.w.org\/{rel}","templated":true}]}}