{"id":31664,"date":"2024-03-24T11:17:33","date_gmt":"2024-03-24T08:17:33","guid":{"rendered":"http:\/\/mersinkadingazetesi.com\/?p=31664"},"modified":"2024-03-24T11:17:33","modified_gmt":"2024-03-24T08:17:33","slug":"gultak-herkesin-belediye-baskani-olmayi-sozle-degil-icraatle-basardik","status":"publish","type":"post","link":"https:\/\/mersinkadingazetesi.com\/?p=31664","title":{"rendered":"G\u00dcLTAK; \u201cHERKES\u0130N BELED\u0130YE BA\u015eKANI OLMAYI, S\u00d6ZLE DE\u011e\u0130L \u0130CRAATLE BA\u015eARDIK\u201d"},"content":{"rendered":"<p>Akdeniz Belediye Ba\u015fkan\u0131 G\u00fcltak; \u201cSadece 5 y\u0131lda herkesin ve her kesimin belediye ba\u015fkan\u0131 olmay\u0131 ba\u015fard\u0131k. Tabi bunu s\u00f6zle de\u011fil, icraatlar ile ba\u015fard\u0131k. \u0130\u015f\u00e7i \u00e7\u0131karmad\u0131k. \u0130nsanlar\u0131m\u0131z\u0131 ayr\u0131\u015ft\u0131rmad\u0131k, az oy ald\u0131\u011f\u0131m\u0131z mahallelere hizmet g\u00f6t\u00fcrd\u00fck, Kimsenin ayr\u0131\u015ft\u0131r\u0131lmad\u0131\u011f\u0131 bir Akdeniz\u2019i in\u015fa ediyoruz. Bu se\u00e7im, huzurun, bar\u0131\u015f\u0131n kal\u0131c\u0131 olaca\u011f\u0131 bir se\u00e7im. Bir in\u015faat\u0131 yapmak uzun s\u00fcrer, aylar y\u0131llar alabilir ama y\u0131kmak saniyelerledir. Ge\u00e7en 5 y\u0131lda \u00e7ok i\u015f yapt\u0131k. Bir 5 y\u0131l daha verin, bu zemini daha da sa\u011flamla\u015ft\u0131ral\u0131m\u201d dedi.<br \/>\nAkdeniz Belediye Ba\u015fkan\u0131 ve Cumhur \u0130ttifak\u0131 Akdeniz Belediye Ba\u015fkan Aday\u0131 M. Mustafa G\u00fcltak, se\u00e7im kampanyas\u0131 kapsam\u0131nda kentte faaliyet g\u00f6steren fabrika ve meslek odalar\u0131n\u0131 ziyaret etti. Akdeniz\u2019i 5 y\u0131lda tamamen de\u011fi\u015ftiren; ba\u015fta kad\u0131nlar, gen\u00e7ler ve \u00e7ocuklar olmak \u00fczere herkese ve her kesime dokunan hizmetleri, proje ve yat\u0131r\u0131mlar\u0131 tek tek anlatan Ba\u015fkan G\u00fcltak, hizmetlerin artarak s\u00fcrmesi ayr\u0131ca bar\u0131\u015f ve huzur ikliminin kal\u0131c\u0131 olmas\u0131 i\u00e7in 31 Mart\u2019ta yap\u0131lacak se\u00e7imlerde vatanda\u015flardan destek istedi.<br \/>\n\u201cBizden \u00f6nce Akdeniz\u2019de her g\u00fcn aksiyon eksik olmazd\u0131\u201d<br \/>\nAkdeniz\u2019de, 2019 y\u0131l\u0131 \u00f6ncesinde aksiyonun eksik olmad\u0131\u011f\u0131n\u0131, sokak olaylar\u0131, \u00e7at\u0131\u015fma ve biber gaz\u0131ndan ge\u00e7ilmedi\u011finin alt\u0131n\u0131 \u00e7izen Ba\u015fkan Mustafa G\u00fcltak; \u201c\u0130nsanlar\u0131m\u0131z, karga\u015fa ve kaos i\u00e7erisinde ya\u015famaya al\u0131\u015ft\u0131r\u0131lm\u0131\u015f, bu t\u00fcr istenmeyen olaylara adeta mahkum edilmi\u015fti. Huzur yoktu Akdeniz\u2019de. \u00d6zellikle kad\u0131nlar \u00e7ok tedirgindi; e\u015fi, \u00e7ocu\u011fu eve sa\u011f salim d\u00f6necek mi gibi endi\u015feleri vard\u0131. Problemler vard\u0131. Fakat biz 2019\u2019da se\u00e7ilip g\u00f6reve geldikten sonra ilk i\u015fimiz bu karga\u015fay\u0131 ortadan kald\u0131rmakt\u0131. \u00c7\u00fcnk\u00fc bar\u0131\u015f\u0131n, huzurun, karde\u015fli\u011fin olmad\u0131\u011f\u0131 yerde hi\u00e7bir \u015feyden bahsedemezsiniz. Ekonomiden de sanayile\u015fmeden de medeniyetten de bahsedemezsiniz\u201d diye konu\u015ftu.<br \/>\n\u201cAkdeniz\u2019de uzun y\u0131llar ya\u015fanan travmaya son verdik\u201d<br \/>\nAkdeniz\u2019de, y\u0131llar\u0131n yaratt\u0131\u011f\u0131 bir travma ya\u015fand\u0131\u011f\u0131n\u0131 vurgulayan Ba\u015fkan G\u00fcltak, \u201cBu travmay\u0131 nas\u0131l ortadan kald\u0131racaks\u0131n\u0131z? \u00c7al\u0131\u015farak ve ispatlayarak\u2026 Se\u00e7imi ald\u0131ktan sonra ilk i\u015fimiz i\u015f\u00e7ilerimizle sohbet etmek oldu. Onlara, \u2018siyasete kar\u0131\u015fmay\u0131n, g\u00fcler y\u00fczl\u00fc olun ve i\u015finizi yap\u0131n\u2019 dedim. \u2018G\u00fcvenceniz de benim\u2019 dedim.<br \/>\nPek inanmad\u0131lar, siyaset yapt\u0131\u011f\u0131m\u0131 sand\u0131lar. Aradan 3-5 ay ge\u00e7ip kimse i\u015ften \u00e7\u0131kar\u0131lmay\u0131nca onlar da i\u015flerine as\u0131ld\u0131lar. Tabi \u015funu da s\u00f6ylediler; \u2018Bu adam farkl\u0131; bu adam, dile, dine, \u0131rka, mezhebe bakm\u0131yor. \u0130\u015f yap\u0131p yapmad\u0131\u011f\u0131m\u0131za bak\u0131yor\u2019 dediler. Dolay\u0131s\u0131yla ilk bar\u0131\u015f\u0131, ilk karde\u015fli\u011fi ve huzuru belediyede sa\u011flad\u0131k\u201d ifadelerini kulland\u0131.<br \/>\n\u201cHalk\u0131m\u0131z\u0131n bize g\u00fcvenmesini sa\u011flad\u0131k\u201d<br \/>\nMersin B\u00fcy\u00fck\u015fehir Belediyesi d\u00e2hil i\u015f\u00e7ilere en y\u00fcksek maa\u015f\u0131 da kendisinin a\u00e7\u0131klad\u0131\u011f\u0131n\u0131 dile getiren Ba\u015fkan G\u00fcltak; \u201cTabi bu da i\u015f\u00e7ilerimizi sevindirip memnun etti, daha da motive olmalar\u0131n\u0131 sa\u011flad\u0131. Ayr\u0131ca, ge\u00e7mi\u015fte sokak olaylar\u0131n\u0131n en \u00e7ok ya\u015fand\u0131\u011f\u0131 Yeni Pazar Siteler Karakolu civar\u0131na g\u00fczel bir pazar soka\u011f\u0131 kazand\u0131rd\u0131k. Burada tezg\u00e2h a\u00e7an 200 civar\u0131nda esnaf\u0131n siyasi g\u00f6r\u00fc\u015fleri de bizimle ayn\u0131 de\u011fildi. Tespit yaparak ayn\u0131 esnafa buray\u0131 yenileyip teslim ettik. Gerek esnaf\u0131m\u0131zdan ve gerekse de vatanda\u015flar\u0131m\u0131zdan yenileme i\u00e7in tek kuru\u015f almad\u0131k. B\u00f6ylelikle hem o insanlar\u0131m\u0131z\u0131n da g\u00fcveninin kazand\u0131k hem de il\u00e7emize \u015fehrimizin en g\u00fczel pazar yerlerinden birini kazand\u0131rd\u0131k. Tabi bu duruma da bir\u00e7ok insan \u015fa\u015f\u0131rd\u0131.\u201d<br \/>\n\u201cVerdi\u011fimiz s\u00f6zleri yerine getirdik\u201d<br \/>\n\u00c7ay Mahallesi\u2019nde ba\u015flayan ve tamamlanan yerinde kentsel d\u00f6n\u00fc\u015f\u00fcm projesine de de\u011finen Ba\u015fkan G\u00fcltak, \u201cSen deli misin? \u00c7ay Mahallesi\u2019nde kentsel d\u00f6n\u00fc\u015f\u00fcm m\u00fc olur?\u2019 dediler. Ben ise \u2018Olur\u2019 dedim. Tabi kimi siyasiler mahallede ya\u015fayan vatanda\u015flar\u0131n evlerinden tahliye edileceklerini ve asimilasyona u\u011frayacaklar\u0131 gibi propagandalar yapmaya ba\u015flad\u0131. Nihayetinde proje ba\u015flad\u0131 ve sonu\u00e7 itibariyle mahallemizde yakla\u015f\u0131k 500 konutu tamamlay\u0131p, sadece \u00c7ay Mahallesi\u2019nde oturan hak sahibi vatanda\u015flar\u0131m\u0131za teslim ettik. Tabi hem projemiz hem de \u00f6ncesindeki s\u00f6zlerimizi yerine getirmemiz de insanlar\u0131 \u015fa\u015f\u0131rtt\u0131\u201d diye konu\u015ftu.<br \/>\n\u201cDerdimiz Akdeniz\u2019e hizmet ve kal\u0131c\u0131 bar\u0131\u015f\u0131 sa\u011flamak\u201d<br \/>\nMersin\u2019de, Geleneksel Bal\u0131k Festivali\u2019nin tek adresi haline gelen Karaduvar\u2019a sunduklar\u0131 hizmetleri de anlatan Ba\u015fkan G\u00fcltak, \u201cGe\u00e7en y\u0131l\u0131n sonuna do\u011fru bal\u0131k festivalimizin 4\u2019\u00fcnc\u00fcs\u00fcn\u00fc y\u00fcz bini a\u015fk\u0131n insan\u0131m\u0131z\u0131n kat\u0131l\u0131m\u0131yla ger\u00e7ekle\u015ftirdik. Bal\u0131k festivalimiz sayesinde Karaduvar Mahallemizi art\u0131k t\u00fcm Avrupa, d\u00fcnya tan\u0131yor. Tabi Karaduvar sahilinde de \u00e7ok b\u00fcy\u00fck yenileme hizmeti sunduk. \u015eu an b\u00f6lgede 25 d\u00f6n\u00fcml\u00fck park\u0131yla 10 kilometre uzunlu\u011fundaki sahil band\u0131 ile Adnan Menderes\u2019e alternatif bir sahilimiz oldu. Yaz\u0131n, bir\u00e7ok mahallemizden insanlar\u0131m\u0131z piknik yapmak, e\u011flenip dinlenmek, nefes almak i\u00e7in art\u0131k Karaduvar sahiline gidiyor. Tabi Karaduvar sakinleri de bu i\u015fe \u015fa\u015ft\u0131. Neden? \u00c7\u00fcnk\u00fc bizim derdimiz oy de\u011fil. Bizim derdimiz Akdeniz\u2019e hizmete getirmek ve bar\u0131\u015f\u0131 kal\u0131c\u0131 hale getirmek.\u201d<br \/>\n\u201cKad\u0131nlar, \u00e7ocuklar ve gen\u00e7ler i\u00e7in projeler ba\u015flatt\u0131k\u201d<br \/>\nBa\u015fkan G\u00fcltak, \u00f6zellikle kad\u0131nlar, gen\u00e7ler ve \u00e7ocuklar i\u00e7in hayata katt\u0131klar\u0131 hizmet, proje ve yat\u0131r\u0131mlarla bar\u0131\u015f\u0131 ve huzuru kal\u0131c\u0131 hale getirdiklerinin alt\u0131n\u0131 \u00e7izerek \u015f\u00f6yle konu\u015ftu; \u201cG\u00f6reve geldi\u011fimizde say\u0131s\u0131 2 olan B\u0130LSEM\u2019li zeki ve \u00fcst\u00fcn yetenekli \u00f6\u011frencilerin say\u0131s\u0131n\u0131, yapt\u0131\u011f\u0131m\u0131z saha ara\u015ft\u0131rmalar\u0131yla 54\u2019e \u00e7\u0131kard\u0131k. Me\u011fer Mersin\u2019in en zeki \u00e7ocuklar\u0131 Akdeniz\u2019de ya\u015f\u0131yormu\u015f ama hi\u00e7 kimse bug\u00fcne dek ellerinden tutmam\u0131\u015f.<br \/>\nEkonomik durumu iyi olmayan ailelerimizin, \u00fcniversite s\u0131nav\u0131na haz\u0131rlanan \u00e7ocuklar\u0131 i\u00e7in Metropol G\u00f6kdelen Binas\u0131\u2019n\u0131n 29\u2019uncu kat\u0131nda, Akdeniz\u2019in ilk, T\u00fcrkiye\u2019nin de en haval\u0131 Et\u00fct Merkezi\u2019ni hizmete a\u00e7t\u0131k. Tamamen \u00fccretsiz hizmet veren merkezimizin 400 \u00f6\u011frenci kapasitesi var. E\u011fitim deste\u011fimiz sayesinde ge\u00e7en sene say\u0131sal T\u00fcrkiye 496\u2019nc\u0131s\u0131 buradan \u00e7\u0131kt\u0131; \u00c7ay Mahallesi\u2019nde ya\u015fayan bir K\u00fcrt \u00e7ocu\u011fu\u2026 Bu sene LGS s\u0131nav\u0131na giren ve b\u00f6lge birincisi olan Eyl\u00fcl K\u0131z\u0131m\u0131z da \u00c7ay Mahallesi\u2019nden\u2026 \u00dcniversite kazanan \u00f6\u011frencilerimize de burs sa\u011flad\u0131k. B\u00fct\u00fcn bu hizmetlerin hepsi Mustafa G\u00fcltak d\u00f6neminde oldu, daha \u00f6nce Akdeniz\u2019de hi\u00e7biri yoktu.\u201d<br \/>\n\u201cD\u00f6rt duvar aras\u0131na kapat\u0131lan kad\u0131nlar bug\u00fcn kep at\u0131yor, meslek \u00f6\u011freniyor\u201d<br \/>\nKad\u0131nlar i\u00e7in ger\u00e7ekle\u015ftirdikleri projeleri de tek tek a\u00e7\u0131klayan Ba\u015fkan G\u00fcltak; \u201cAkdeniz\u2019de farkl\u0131 mahallelerimizde 13 tane k\u00fclt\u00fcr ve sanat evi a\u00e7t\u0131k. Kad\u0131nlar, okuma-yazma, diki\u015f-nak\u0131\u015f, kuaf\u00f6rl\u00fck dersi ald\u0131lar. Bu merkezlerimizde \u00e7ocuklar i\u00e7in kre\u015f s\u0131n\u0131flar\u0131 da var. Kimi kad\u0131nlar bu merkezlerde okuma-yazma \u00f6\u011frenip mezuniyet t\u00f6reninde kep at\u0131yor, kimisi de meslek ve beceri kazan\u0131p i\u015f hayat\u0131na at\u0131l\u0131yor. Kendi i\u015fini kurmak veya mevcut i\u015fini b\u00fcy\u00fctmek isteyen kad\u0131nlara da toplamda 3 milyon lira kredi verilmesini sa\u011flad\u0131k. \u00d6n\u00fcm\u00fczdeki d\u00f6nemde ise kad\u0131nlara 10 milyon lira kredi ula\u015fmas\u0131n\u0131 sa\u011flayaca\u011f\u0131z. K\u00fclt\u00fcr evlerimizin say\u0131s\u0131n\u0131 da 30\u2019a kadar \u00e7\u0131karaca\u011f\u0131z. Ayr\u0131ca \u015fu ana dek 15 bin kad\u0131n\u0131, Kapadokya, Konya, Ankara- An\u0131tkabir, Gaziantep ve Hatay gibi illerimize gezmeye g\u00f6nderdik. Yeni d\u00f6nemde, gezilere g\u00f6t\u00fcrd\u00fc\u011f\u00fcm\u00fcz kad\u0131nlar\u0131n say\u0131s\u0131n\u0131 da katlay\u0131p artt\u0131raca\u011f\u0131z\u201d ifadelerini kulland\u0131.<br \/>\n\u201cKimseyi ayr\u0131\u015ft\u0131rmay\u0131p herkesin belediye ba\u015fkan\u0131 olmay\u0131 ba\u015fard\u0131m\u201d<br \/>\nS\u00f6zlerini; \u201cAkdeniz\u2019de huzur ka\u00e7mas\u0131n; bar\u0131\u015f ve karde\u015flik iklimi bozulmas\u0131n\u201d \u015feklinde s\u00fcrd\u00fcren Ba\u015fkan G\u00fcltak, \u201cBiz, herkesin ve her kesimin belediye ba\u015fkan\u0131 olmay\u0131 ba\u015fard\u0131k. Tabi bunu da s\u00f6zle de\u011fil, yapt\u0131\u011f\u0131m\u0131z icraatlar ile ba\u015fard\u0131k. \u0130\u015f\u00e7i \u00e7\u0131karmad\u0131k; az oy ald\u0131\u011f\u0131m\u0131z mahallelere hizmet g\u00f6t\u00fcrerek, oradaki insanlar\u0131m\u0131z\u0131 ayr\u0131\u015ft\u0131rmayarak herkesin belediye ba\u015fkan\u0131 olduk. Dolay\u0131s\u0131yla yapt\u0131klar\u0131m\u0131z ortada. Kimsenin ayr\u0131\u015ft\u0131r\u0131lmad\u0131\u011f\u0131 bir Akdeniz\u2019i in\u015fa ediyoruz. Bize destek verin. Akdeniz\u2019de oturan akraba ve tan\u0131d\u0131klar\u0131n\u0131za ula\u015f\u0131p bizim i\u00e7in destek isteyin. Bu se\u00e7im, huzurun, bar\u0131\u015f\u0131n kal\u0131c\u0131 olaca\u011f\u0131 bir se\u00e7im. Bir in\u015faat\u0131 yapmak uzun s\u00fcrer, aylar y\u0131llar alabilir ama y\u0131kmak saniyelerledir. Be\u015f y\u0131lda \u00e7ok i\u015f yapt\u0131k. Bir 5 y\u0131l daha verin, bu zemini daha da sa\u011flamla\u015ft\u0131ral\u0131m\u201d diye konu\u015ftu.<br \/>\nKonu\u015fmas\u0131nda; \u00d6zg\u00fcrl\u00fck Mahallesi T\u0131rm\u0131l Tepe b\u00f6lgesinde y\u00fckselecek \u00e7ok ama\u00e7l\u0131 gen\u00e7lik merkezi in\u015faat\u0131n\u0131n da h\u0131zla s\u00fcrd\u00fc\u011f\u00fcn\u00fc kaydeden Ba\u015fkan G\u00fcltak, yeni do\u011fan bebekler i\u00e7in ba\u015flatt\u0131klar\u0131 Ho\u015f Geldin Bebek Projesi; ya\u015fl\u0131 ve kimsesiz vatanda\u015flar i\u00e7in ba\u015flat\u0131lan Evde Bak\u0131m ve Temizlik Hizmeti; kanser hastalar\u0131 i\u00e7in hayata ge\u00e7en Onkob\u00fcs Servis hizmetini hat\u0131rlatt\u0131. Y\u0131lmaz G\u00fcney Gen\u00e7lik Merkezi i\u00e7ine yar\u0131 olimpik bir havuz kazand\u0131rd\u0131klar\u0131n\u0131 belirten Ba\u015fkan G\u00fcltak; \u00e7ocuklar i\u00e7in okul bah\u00e7elerine portatif havuzlar getirerek Akdenizli 5 bin \u00e7ocu\u011fa y\u00fczme \u00f6\u011frettiklerini de s\u00f6zlerine ekledi. <\/p>\n","protected":false},"excerpt":{"rendered":"<p>Akdeniz Belediye Ba\u015fkan\u0131 G\u00fcltak; \u201cSadece 5 y\u0131lda herkesin ve her kesimin belediye ba\u015fkan\u0131 olmay\u0131 ba\u015fard\u0131k. Tabi bunu s\u00f6zle de\u011fil, icraatlar ile ba\u015fard\u0131k. \u0130\u015f\u00e7i \u00e7\u0131karmad\u0131k. \u0130nsanlar\u0131m\u0131z\u0131 ayr\u0131\u015ft\u0131rmad\u0131k, az oy ald\u0131\u011f\u0131m\u0131z mahallelere hizmet g\u00f6t\u00fcrd\u00fck, Kimsenin ayr\u0131\u015ft\u0131r\u0131lmad\u0131\u011f\u0131 bir Akdeniz\u2019i in\u015fa ediyoruz. Bu se\u00e7im, huzurun, bar\u0131\u015f\u0131n kal\u0131c\u0131 olaca\u011f\u0131 bir se\u00e7im. Bir in\u015faat\u0131 yapmak uzun s\u00fcrer, aylar y\u0131llar alabilir ama [&hellip;]<\/p>\n","protected":false},"author":2,"featured_media":31665,"comment_status":"open","ping_status":"open","sticky":false,"template":"","format":"standard","meta":{"footnotes":""},"categories":[3,5,6],"tags":[],"class_list":["post-31664","post","type-post","status-publish","format-standard","has-post-thumbnail","hentry","category-manset","category-mersin","category-siyaset-2"],"views":8,"_links":{"self":[{"href":"https:\/\/mersinkadingazetesi.com\/index.php?rest_route=\/wp\/v2\/posts\/31664"}],"collection":[{"href":"https:\/\/mersinkadingazetesi.com\/index.php?rest_route=\/wp\/v2\/posts"}],"about":[{"href":"https:\/\/mersinkadingazetesi.com\/index.php?rest_route=\/wp\/v2\/types\/post"}],"author":[{"embeddable":true,"href":"https:\/\/mersinkadingazetesi.com\/index.php?rest_route=\/wp\/v2\/users\/2"}],"replies":[{"embeddable":true,"href":"https:\/\/mersinkadingazetesi.com\/index.php?rest_route=%2Fwp%2Fv2%2Fcomments&post=31664"}],"version-history":[{"count":0,"href":"https:\/\/mersinkadingazetesi.com\/index.php?rest_route=\/wp\/v2\/posts\/31664\/revisions"}],"wp:featuredmedia":[{"embeddable":true,"href":"https:\/\/mersinkadingazetesi.com\/index.php?rest_route=\/wp\/v2\/media\/31665"}],"wp:attachment":[{"href":"https:\/\/mersinkadingazetesi.com\/index.php?rest_route=%2Fwp%2Fv2%2Fmedia&parent=31664"}],"wp:term":[{"taxonomy":"category","embeddable":true,"href":"https:\/\/mersinkadingazetesi.com\/index.php?rest_route=%2Fwp%2Fv2%2Fcategories&post=31664"},{"taxonomy":"post_tag","embeddable":true,"href":"https:\/\/mersinkadingazetesi.com\/index.php?rest_route=%2Fwp%2Fv2%2Ftags&post=31664"}],"curies":[{"name":"wp","href":"https:\/\/api.w.org\/{rel}","templated":true}]}}