{"id":31670,"date":"2024-03-24T11:21:39","date_gmt":"2024-03-24T08:21:39","guid":{"rendered":"http:\/\/mersinkadingazetesi.com\/?p=31670"},"modified":"2024-03-24T11:21:39","modified_gmt":"2024-03-24T08:21:39","slug":"uysal-mezitlide-vakit-gercek-belediyecilik-vakti","status":"publish","type":"post","link":"https:\/\/mersinkadingazetesi.com\/?p=31670","title":{"rendered":"UYSAL: MEZ\u0130TL\u0130&#8217;DE VAK\u0130T GER\u00c7EK BELED\u0130YEC\u0130L\u0130K VAKT\u0130"},"content":{"rendered":"<p>Milliyet\u00e7i Hareket Partisi Mersin Milletvekili ve MYK \u00dcyesi Dr. Levent Uysal, Cumhur \u0130ttifak\u0131 AK Parti Belediye Ba\u015fkan Aday\u0131 Mevl\u00fct Ekmek\u00e7i taraf\u0131ndan organize edilen &#8220;B\u00fcy\u00fck Mezitli Y\u00fcr\u00fcy\u00fc\u015f\u00fc&#8221;ne kat\u0131ld\u0131. Uysal &#8220;Mezitli&#8217;de art\u0131k ger\u00e7ek belediyecilik zaman\u0131. Cumhur \u0130ttifak\u0131 AK Parti Mezitli Belediye Ba\u015fkan Aday\u0131m\u0131z Mevl\u00fct Ekmek\u00e7i, kaliteli ve g\u00fczelle\u015fen Mezitli&#8217;yi sizlerin deste\u011fiyle in\u015fa edecek.&#8221;\u015feklinde konu\u015ftu.<\/p>\n<p>Cumhur \u0130ttifak\u0131, yerel se\u00e7im \u00e7al\u0131\u015fmalar\u0131n\u0131 devam ettiriyor. Mersin genelinde g\u00fcnden g\u00fcne B\u00fcy\u00fck\u015fehir ve 13 il\u00e7ede oylar\u0131n\u0131 art\u0131ran Cumhur \u0130ttifak\u0131 31 Mart Yerel Se\u00e7imlerine d\u00f6rt elle sar\u0131l\u0131yor. Milliyet\u00e7i Hareket Partisi Mersin Milletvekili ve MYK \u00dcyesi Dr. Levent Uysal da adaylarla birlikte vatanda\u015flar\u0131 dinliyor, destek istiyor.<\/p>\n<p>Cumhur \u0130ttifak\u0131 AK Parti Mezitli Belediye Ba\u015fkan Aday\u0131 Mevl\u00fct Ekmek\u00e7i, &#8220;B\u00fcy\u00fck Mezitli Y\u00fcr\u00fcy\u00fc\u015f\u00fc&#8221; d\u00fczenledi. Y\u00fcr\u00fcy\u00fc\u015f, Milliyet\u00e7i Hareket Partisi Mezitli Se\u00e7im \u0130leti\u015fim Merkezi&#8217;nden ba\u015flayarak Soli&#8217;ye kadar s\u00fcrd\u00fc. B\u00fcy\u00fck\u015fehir Belediye Ba\u015fkan Aday\u0131 Soydan ve Mezitli Belediye Ba\u015fkan Aday\u0131 Ekmek\u00e7i ile esnaf\u0131 selamlayan Milletvekili Uysal, co\u015fkulu kalabal\u0131\u011f\u0131n karar\u0131n\u0131n net oldu\u011funu s\u00f6yledi.<\/p>\n<p>Uysal &#8220;Mezitli; k\u00fclt\u00fcr sanat\u0131n, sporun ba\u015fkenti olmay\u0131 fazlas\u0131yla hak ediyor. Cumhur \u0130ttifak\u0131m\u0131z\u0131n Mezitli Belediye Ba\u015fkan Aday\u0131 Mevl\u00fct Ekmek\u00e7i, il\u00e7eyi \u00e7ok iyi tan\u0131yan ve y\u0131llarca burada esnafl\u0131k yapm\u0131\u015f sevilen birisi. Mevl\u00fct Ba\u015fkan\u0131m\u0131z projelerini, il\u00e7enin eksiklerini bilip raporlayarak haz\u0131rlad\u0131. Kentsel d\u00f6n\u00fc\u015f\u00fcmden, afet toplanma merkezlerine bir\u00e7ok proje hayata ge\u00e7irilmeyi bekliyor. 31 Mart&#8217;a say\u0131l\u0131 g\u00fcnler kald\u0131. Mezitli halk\u0131m\u0131z ger\u00e7ek belediyecili\u011fi se\u00e7ecektir. Mersin B\u00fcy\u00fck\u015fehir Belediye Ba\u015fkanl\u0131\u011f\u0131 se\u00e7iminde de Serdar Ba\u015fkan\u0131m\u0131za destek verirseniz, birlikteli\u011fin Mezitli il\u00e7emize kazan\u0131mlar\u0131n\u0131 bizzat ya\u015fayacaks\u0131n\u0131z.&#8221; dedi.<\/p>\n","protected":false},"excerpt":{"rendered":"<p>Milliyet\u00e7i Hareket Partisi Mersin Milletvekili ve MYK \u00dcyesi Dr. Levent Uysal, Cumhur \u0130ttifak\u0131 AK Parti Belediye Ba\u015fkan Aday\u0131 Mevl\u00fct Ekmek\u00e7i taraf\u0131ndan organize edilen &#8220;B\u00fcy\u00fck Mezitli Y\u00fcr\u00fcy\u00fc\u015f\u00fc&#8221;ne kat\u0131ld\u0131. Uysal &#8220;Mezitli&#8217;de art\u0131k ger\u00e7ek belediyecilik zaman\u0131. Cumhur \u0130ttifak\u0131 AK Parti Mezitli Belediye Ba\u015fkan Aday\u0131m\u0131z Mevl\u00fct Ekmek\u00e7i, kaliteli ve g\u00fczelle\u015fen Mezitli&#8217;yi sizlerin deste\u011fiyle in\u015fa edecek.&#8221;\u015feklinde konu\u015ftu. Cumhur \u0130ttifak\u0131, yerel [&hellip;]<\/p>\n","protected":false},"author":2,"featured_media":31671,"comment_status":"open","ping_status":"open","sticky":false,"template":"","format":"standard","meta":{"footnotes":""},"categories":[3,6],"tags":[],"class_list":["post-31670","post","type-post","status-publish","format-standard","has-post-thumbnail","hentry","category-manset","category-siyaset-2"],"views":5,"_links":{"self":[{"href":"https:\/\/mersinkadingazetesi.com\/index.php?rest_route=\/wp\/v2\/posts\/31670"}],"collection":[{"href":"https:\/\/mersinkadingazetesi.com\/index.php?rest_route=\/wp\/v2\/posts"}],"about":[{"href":"https:\/\/mersinkadingazetesi.com\/index.php?rest_route=\/wp\/v2\/types\/post"}],"author":[{"embeddable":true,"href":"https:\/\/mersinkadingazetesi.com\/index.php?rest_route=\/wp\/v2\/users\/2"}],"replies":[{"embeddable":true,"href":"https:\/\/mersinkadingazetesi.com\/index.php?rest_route=%2Fwp%2Fv2%2Fcomments&post=31670"}],"version-history":[{"count":0,"href":"https:\/\/mersinkadingazetesi.com\/index.php?rest_route=\/wp\/v2\/posts\/31670\/revisions"}],"wp:featuredmedia":[{"embeddable":true,"href":"https:\/\/mersinkadingazetesi.com\/index.php?rest_route=\/wp\/v2\/media\/31671"}],"wp:attachment":[{"href":"https:\/\/mersinkadingazetesi.com\/index.php?rest_route=%2Fwp%2Fv2%2Fmedia&parent=31670"}],"wp:term":[{"taxonomy":"category","embeddable":true,"href":"https:\/\/mersinkadingazetesi.com\/index.php?rest_route=%2Fwp%2Fv2%2Fcategories&post=31670"},{"taxonomy":"post_tag","embeddable":true,"href":"https:\/\/mersinkadingazetesi.com\/index.php?rest_route=%2Fwp%2Fv2%2Ftags&post=31670"}],"curies":[{"name":"wp","href":"https:\/\/api.w.org\/{rel}","templated":true}]}}