{"id":31673,"date":"2024-03-24T11:27:06","date_gmt":"2024-03-24T08:27:06","guid":{"rendered":"http:\/\/mersinkadingazetesi.com\/?p=31673"},"modified":"2024-03-24T11:27:06","modified_gmt":"2024-03-24T08:27:06","slug":"oz-aktif-yasam-merkezleri-ve-emekli-lokalleri-kuracagiz","status":"publish","type":"post","link":"https:\/\/mersinkadingazetesi.com\/?p=31673","title":{"rendered":"\u00d6z: &#8220;Aktif Ya\u015fam merkezleri ve emekli lokalleri kuraca\u011f\u0131z&#8221;"},"content":{"rendered":"<p>Cumhur \u0130ttifak\u0131 Toroslar Belediye Ba\u015fkan Aday\u0131 Dr. Ali \u00d6z, &#8220;Sa\u011fl\u0131k kurulu\u015flar\u0131 ile koordinasyonu sa\u011flayan, toplumun ve bireylerin sa\u011fl\u0131\u011f\u0131n\u0131 koruyan toplum sa\u011fl\u0131k merkezlerinin say\u0131s\u0131n\u0131 art\u0131raca\u011f\u0131z. Ya\u015fl\u0131lar\u0131m\u0131z\u0131 hem fiziken hem de sosyal y\u00f6nden destekleyecek aktif ya\u015fam merkezleri kuraca\u011f\u0131z. Ayr\u0131ca emeklilerimizin bir arada kaliteli zaman ge\u00e7irebilece\u011fi emekli lokalleri olu\u015fturaca\u011f\u0131z&#8221; dedi.<\/p>\n<p>Cumhur \u0130ttifak\u0131 Toroslar Belediye Ba\u015fkan Aday\u0131 Dr. Ali \u00d6z, se\u00e7im \u00e7al\u0131\u015fmas\u0131 kapsam\u0131nda \u00c7opurlu, Resul, Buluklu, Ka\u015fl\u0131, D\u00fc\u011fd\u00fc\u00f6ren, Dar\u0131sekisi, So\u011fucak, Bekiralan\u0131 mahallelerini ziyaret etti. Ziyarete AK Parti Toroslar \u0130l\u00e7e Ba\u015fkan\u0131 Ferdi \u00c7okkeser, MHP Toroslar \u0130l\u00e7e Ba\u015fkan\u0131 Osman Mete Y\u0131ld\u0131z ve Toroslar \u00dclk\u00fc Ocaklar\u0131 Ba\u015fkan\u0131 Yunus Emre Tugay da e\u015flik etti. Ziyarette adaklar kesilerek kar\u015f\u0131lanan \u00d6z, se\u00e7ildi\u011fi takdirde hayata ge\u00e7irece\u011fi projeleri anlatt\u0131, vatanda\u015flardan destek s\u00f6z\u00fc ald\u0131.<\/p>\n<p>&#8220;\u015eEFKATL\u0130 EL\u0130M\u0130Z HEP \u00dcZER\u0130N\u0130ZDE OLACAK&#8221;<\/p>\n<p>Toroslar i\u00e7in birbirinden \u00f6nemli 33 proje haz\u0131rlad\u0131klar\u0131n\u0131 ve se\u00e7ildikten sonra t\u00fcm projeleri hayata ge\u00e7irece\u011fini vurgulayan \u00d6z, &#8220;Sa\u011fl\u0131k kurulu\u015flar\u0131 ile koordinasyonu sa\u011flayan, toplumun ve bireylerin sa\u011fl\u0131\u011f\u0131n\u0131 koruyan toplum sa\u011fl\u0131k merkezlerinin say\u0131s\u0131n\u0131 art\u0131raca\u011f\u0131z. \u00c7\u00fcnk\u00fc sa\u011fl\u0131k her \u015feyin ba\u015f\u0131d\u0131r. Toroslar&#8217;daki ya\u015f alm\u0131\u015f sayg\u0131de\u011fer b\u00fcy\u00fcklerimizin ve bak\u0131ma muhta\u00e7 vatanda\u015flar\u0131m\u0131z\u0131n her daim yan\u0131 ba\u015f\u0131nda olaca\u011f\u0131z. Belediyemizin \u015fefkatli elini hep onlar\u0131n \u00fczerinde tutaca\u011f\u0131z. Onlar\u0131 evlerinde ziyaret ederek sa\u011fl\u0131k sorunlar\u0131na \u00e7\u00f6z\u00fcm \u00fcretece\u011fiz ve bak\u0131mlar\u0131 konusunda yak\u0131nlar\u0131na destek olaca\u011f\u0131z&#8221; dedi.<\/p>\n<p>&#8220;S\u0130Z KALACAK YER SORUNUNU DERT ETMEY\u0130N! B\u0130Z \u00c7\u00d6ZER\u0130Z&#8221;<\/p>\n<p>Toroslar&#8217;a hasta yak\u0131nlar\u0131n\u0131n konaklayaca\u011f\u0131 Konuk Evi kuracaklar\u0131n\u0131 belirten Dr. Ali \u00d6z, &#8220;\u0130l\u00e7emizde bulunan \u015eehir Hastanesi&#8217;nde her g\u00fcn binlerce vatanda\u015f\u0131m\u0131z tedavi g\u00f6rmektedir. Hasta yak\u0131nlar\u0131n\u0131n en \u00f6nemli sorunlar\u0131ndan biri ge\u00e7ici konaklama yeri bulamamalar\u0131d\u0131r. Vatanda\u015f art\u0131k kalacak sorununu dert etmeyecek. \u00c7\u00fcnk\u00fc onu da \u00e7\u00f6zece\u011fiz. Belediye eliyle hastane \u00e7evresinde, hasta yak\u0131nlar\u0131n\u0131n konaklayaca\u011f\u0131 Konuk Evi&#8217;ni il\u00e7emize kazand\u0131raca\u011f\u0131z. Tam donan\u0131ml\u0131 olacak olan Konuk Evi&#8217;nde konaklayacak vatanda\u015flar\u0131m\u0131z kendilerini evlerinde gibi hissedecekler&#8221; diye konu\u015ftu.<\/p>\n<p>&#8220;AKT\u0130F YA\u015eAM MERKEZLER\u0130 VE EMEKL\u0130 LOKALLER\u0130 KURACA\u011eIZ&#8221;<\/p>\n<p>Toroslar&#8217;da bir\u00e7ok yenilik\u00e7i projeleri hayata ge\u00e7ireceklerinin alt\u0131n\u0131 \u00e7izen Cumhur \u0130ttifak\u0131 Toroslar Belediye Ba\u015fkan Aday\u0131 Dr. Ali \u00d6z, &#8220;Ya\u015fl\u0131lar\u0131m\u0131z\u0131 hem fiziken hem de sosyal y\u00f6nden destekleyecek aktif ya\u015fam merkezleri kuraca\u011f\u0131z. \u0130\u00e7erisinde t\u0131bbi destek birimleri olan, spor, sosyal ve k\u00fclt\u00fcrel etkinliklerin yap\u0131labildi\u011fi, y\u00fcksek standartl\u0131 bir ya\u015fam ve bak\u0131m merkezini il\u00e7emize kazand\u0131raca\u011f\u0131z. Ayr\u0131ca emeklilerimizin bir arada kaliteli zaman ge\u00e7irebilece\u011fi emekli lokalleri olu\u015fturaca\u011f\u0131z. Bu sayede mutlu ikinci baharlar Toroslar&#8217;da ya\u015fanacak&#8221; \u015feklinde konu\u015ftu.<\/p>\n","protected":false},"excerpt":{"rendered":"<p>Cumhur \u0130ttifak\u0131 Toroslar Belediye Ba\u015fkan Aday\u0131 Dr. Ali \u00d6z, &#8220;Sa\u011fl\u0131k kurulu\u015flar\u0131 ile koordinasyonu sa\u011flayan, toplumun ve bireylerin sa\u011fl\u0131\u011f\u0131n\u0131 koruyan toplum sa\u011fl\u0131k merkezlerinin say\u0131s\u0131n\u0131 art\u0131raca\u011f\u0131z. Ya\u015fl\u0131lar\u0131m\u0131z\u0131 hem fiziken hem de sosyal y\u00f6nden destekleyecek aktif ya\u015fam merkezleri kuraca\u011f\u0131z. Ayr\u0131ca emeklilerimizin bir arada kaliteli zaman ge\u00e7irebilece\u011fi emekli lokalleri olu\u015fturaca\u011f\u0131z&#8221; dedi. Cumhur \u0130ttifak\u0131 Toroslar Belediye Ba\u015fkan Aday\u0131 Dr. Ali [&hellip;]<\/p>\n","protected":false},"author":2,"featured_media":31674,"comment_status":"open","ping_status":"open","sticky":false,"template":"","format":"standard","meta":{"footnotes":""},"categories":[3,6],"tags":[],"class_list":["post-31673","post","type-post","status-publish","format-standard","has-post-thumbnail","hentry","category-manset","category-siyaset-2"],"views":8,"_links":{"self":[{"href":"https:\/\/mersinkadingazetesi.com\/index.php?rest_route=\/wp\/v2\/posts\/31673"}],"collection":[{"href":"https:\/\/mersinkadingazetesi.com\/index.php?rest_route=\/wp\/v2\/posts"}],"about":[{"href":"https:\/\/mersinkadingazetesi.com\/index.php?rest_route=\/wp\/v2\/types\/post"}],"author":[{"embeddable":true,"href":"https:\/\/mersinkadingazetesi.com\/index.php?rest_route=\/wp\/v2\/users\/2"}],"replies":[{"embeddable":true,"href":"https:\/\/mersinkadingazetesi.com\/index.php?rest_route=%2Fwp%2Fv2%2Fcomments&post=31673"}],"version-history":[{"count":0,"href":"https:\/\/mersinkadingazetesi.com\/index.php?rest_route=\/wp\/v2\/posts\/31673\/revisions"}],"wp:featuredmedia":[{"embeddable":true,"href":"https:\/\/mersinkadingazetesi.com\/index.php?rest_route=\/wp\/v2\/media\/31674"}],"wp:attachment":[{"href":"https:\/\/mersinkadingazetesi.com\/index.php?rest_route=%2Fwp%2Fv2%2Fmedia&parent=31673"}],"wp:term":[{"taxonomy":"category","embeddable":true,"href":"https:\/\/mersinkadingazetesi.com\/index.php?rest_route=%2Fwp%2Fv2%2Fcategories&post=31673"},{"taxonomy":"post_tag","embeddable":true,"href":"https:\/\/mersinkadingazetesi.com\/index.php?rest_route=%2Fwp%2Fv2%2Ftags&post=31673"}],"curies":[{"name":"wp","href":"https:\/\/api.w.org\/{rel}","templated":true}]}}