{"id":31676,"date":"2024-03-24T11:27:52","date_gmt":"2024-03-24T08:27:52","guid":{"rendered":"http:\/\/mersinkadingazetesi.com\/?p=31676"},"modified":"2024-03-24T11:27:52","modified_gmt":"2024-03-24T08:27:52","slug":"5-yili-bosa-harcayan-degil-soylediklerini-yapabilecek-bir-serdar-soydan-tercihiniz-var","status":"publish","type":"post","link":"https:\/\/mersinkadingazetesi.com\/?p=31676","title":{"rendered":"&#8220;5 Y\u0131l\u0131 bo\u015fa harcayan de\u011fil, s\u00f6ylediklerini yapabilecek bir Serdar Soydan tercihiniz var&#8221;"},"content":{"rendered":"<p>Cumhur \u0130ttifak\u0131 Mersin B\u00fcy\u00fck\u015fehir Belediye Ba\u015fkan Aday\u0131 Serdar Soydan, Projelerini hayata ge\u00e7irebilecek aday\u0131n kendisi oldu\u011funu belirterek, &#8220;Kar\u015f\u0131n\u0131zda 5 y\u0131l\u0131n\u0131 bo\u015fa harcam\u0131\u015f biri de\u011fil, s\u00f6ylediklerini ve projelerini hayata ge\u00e7irebilecek bir Serdar Soydan tercihiniz var. Vaatlerinin yar\u0131s\u0131n\u0131 bile yapamam\u0131\u015f biri de\u011fil, Mersin&#8217;i hak etti\u011fi yere getirecek bir Serdar Soydan tercihiniz var.&#8221; Dedi. <\/p>\n<p>&#8220;\u0130ktidarla ve il\u00e7e belediyeleri ile kavgal\u0131 de\u011fil, uyum i\u00e7inde olaca\u011f\u0131z&#8221;<\/p>\n<p>Esnaf\u0131 ile i\u015f insanlar\u0131 ile kavgal\u0131 bir belediyenin kente bir yarar getirmeyece\u011fini kaydeden Serdar Soydan, \u015funlar\u0131 s\u00f6yledi:  &#8220;Mersin&#8217;de ba\u015far\u0131l\u0131 bir belediye ba\u015fkan\u0131 olmak istiyorsak, \u00f6nce esnaf\u0131m\u0131zla bar\u0131\u015f\u0131k olmal\u0131y\u0131z. Sivil toplum kurulu\u015flar\u0131, di\u011fer siyasi g\u00f6r\u00fc\u015ften olan vatanda\u015flar\u0131m\u0131zla, kent dinamikleri ile bir b\u00fct\u00fcn olaca\u011f\u0131z. \u0130ktidarla ve il\u00e7e belediyeleri ile kavgal\u0131 de\u011fil, uyum i\u00e7inde olaca\u011f\u0131z. Bu uyum, verim ve ba\u015far\u0131y\u0131 getirir. Ego ve kibri bir kenara b\u0131rakmak gerekiyor. Bu kentte ya\u015fayan vatanda\u015flar\u0131m\u0131z, bizi \u015fehrin emini olarak se\u00e7iyorlar ve g\u00fcveniyorlar.&#8221; <\/p>\n<p>&#8220;Mersin&#8217;e hizmet getirmek ad\u0131na t\u00fcm kap\u0131lar\u0131 \u00e7almal\u0131y\u0131z&#8221;<\/p>\n<p>Diyalogunun \u00f6nemine dikkat \u00e7eken Soydan: &#8220;Mersin&#8217;e hizmet getirmek ad\u0131na \u00e7al\u0131nmas\u0131 gereken t\u00fcm kap\u0131lar\u0131 \u00e7almal\u0131y\u0131z. Bakanl\u0131klarla diyalog i\u00e7inde olmal\u0131y\u0131z. &#8216;Biz o Bakana gitmeyiz, biz onu tan\u0131may\u0131z&#8217; anlay\u0131\u015f\u0131 Mersin&#8217;e zarar verir. Samimiyet ve tevazu ile Mersin ad\u0131na hizmet \u00fcretmek gerekiyor. &#8221; Dedi. <\/p>\n","protected":false},"excerpt":{"rendered":"<p>Cumhur \u0130ttifak\u0131 Mersin B\u00fcy\u00fck\u015fehir Belediye Ba\u015fkan Aday\u0131 Serdar Soydan, Projelerini hayata ge\u00e7irebilecek aday\u0131n kendisi oldu\u011funu belirterek, &#8220;Kar\u015f\u0131n\u0131zda 5 y\u0131l\u0131n\u0131 bo\u015fa harcam\u0131\u015f biri de\u011fil, s\u00f6ylediklerini ve projelerini hayata ge\u00e7irebilecek bir Serdar Soydan tercihiniz var. Vaatlerinin yar\u0131s\u0131n\u0131 bile yapamam\u0131\u015f biri de\u011fil, Mersin&#8217;i hak etti\u011fi yere getirecek bir Serdar Soydan tercihiniz var.&#8221; Dedi. &#8220;\u0130ktidarla ve il\u00e7e belediyeleri ile [&hellip;]<\/p>\n","protected":false},"author":2,"featured_media":31677,"comment_status":"open","ping_status":"open","sticky":false,"template":"","format":"standard","meta":{"footnotes":""},"categories":[3,6],"tags":[],"class_list":["post-31676","post","type-post","status-publish","format-standard","has-post-thumbnail","hentry","category-manset","category-siyaset-2"],"views":2,"_links":{"self":[{"href":"https:\/\/mersinkadingazetesi.com\/index.php?rest_route=\/wp\/v2\/posts\/31676"}],"collection":[{"href":"https:\/\/mersinkadingazetesi.com\/index.php?rest_route=\/wp\/v2\/posts"}],"about":[{"href":"https:\/\/mersinkadingazetesi.com\/index.php?rest_route=\/wp\/v2\/types\/post"}],"author":[{"embeddable":true,"href":"https:\/\/mersinkadingazetesi.com\/index.php?rest_route=\/wp\/v2\/users\/2"}],"replies":[{"embeddable":true,"href":"https:\/\/mersinkadingazetesi.com\/index.php?rest_route=%2Fwp%2Fv2%2Fcomments&post=31676"}],"version-history":[{"count":0,"href":"https:\/\/mersinkadingazetesi.com\/index.php?rest_route=\/wp\/v2\/posts\/31676\/revisions"}],"wp:featuredmedia":[{"embeddable":true,"href":"https:\/\/mersinkadingazetesi.com\/index.php?rest_route=\/wp\/v2\/media\/31677"}],"wp:attachment":[{"href":"https:\/\/mersinkadingazetesi.com\/index.php?rest_route=%2Fwp%2Fv2%2Fmedia&parent=31676"}],"wp:term":[{"taxonomy":"category","embeddable":true,"href":"https:\/\/mersinkadingazetesi.com\/index.php?rest_route=%2Fwp%2Fv2%2Fcategories&post=31676"},{"taxonomy":"post_tag","embeddable":true,"href":"https:\/\/mersinkadingazetesi.com\/index.php?rest_route=%2Fwp%2Fv2%2Ftags&post=31676"}],"curies":[{"name":"wp","href":"https:\/\/api.w.org\/{rel}","templated":true}]}}