{"id":31679,"date":"2024-03-24T11:53:03","date_gmt":"2024-03-24T08:53:03","guid":{"rendered":"http:\/\/mersinkadingazetesi.com\/?p=31679"},"modified":"2024-03-24T11:53:03","modified_gmt":"2024-03-24T08:53:03","slug":"ekmekciden-rakiplerine-tarihi-cagri","status":"publish","type":"post","link":"https:\/\/mersinkadingazetesi.com\/?p=31679","title":{"rendered":"Ekmekci\u2019den rakiplerine tarihi \u00e7a\u011fr\u0131"},"content":{"rendered":"<p>Cumhur \u0130ttifak\u0131 Mezitli Belediye Ba\u015fkan Aday\u0131 Mevl\u00fct Ekmekci\u2019den rakip adaylara tarihi bir \u00e7a\u011fr\u0131 geldi. T\u00fcm adaylar\u0131 herkesin izleyebilece\u011fi bir televizyon program\u0131nda projelerini yar\u0131\u015ft\u0131rmaya davet eden Ekmekci, \u201cArt\u0131k futbol taraftar\u0131 gibi birilerini desteklemek anlay\u0131\u015f\u0131n\u0131 k\u0131ral\u0131m ve en iyi hizmeti kim yapacaksa ona oy verilsin\u201d dedi.<\/p>\n<p>&#8212;&#8212;&#8212;&#8212;&#8212;&#8212;&#8211;<\/p>\n<p>Cumhur \u0130ttifak\u0131 Mezitli Belediye Ba\u015fkan Aday\u0131 Mevl\u00fct Ekmekci, se\u00e7ilmesinin hemen ard\u0131ndan Mezitli\u2019yi ata\u011fa ge\u00e7ireceklerini s\u00f6yledi. Toplumun t\u00fcm kesimlerine hitap eden projelerini a\u00e7\u0131klad\u0131\u011f\u0131 ilk andan itibaren vatanda\u015flardan b\u00fcy\u00fck destek ald\u0131\u011f\u0131n\u0131 vurgulayan Ekmekci, tamam\u0131 alan\u0131nda uzman isimler taraf\u0131ndan haz\u0131rlanan projelerinin Mezitli\u2019nin kronikle\u015fen t\u00fcm sorunlar\u0131na \u00e7\u00f6z\u00fcm \u00fcretecek d\u00fczeyde oldu\u011funu ifade etti.<br \/>\nMezitli i\u00e7in yar\u0131\u015fan di\u011fer adaylara da bir \u00e7a\u011fr\u0131da bulunan Ekmekci, \u201cMezitli i\u00e7in sahaya \u00e7\u0131kan t\u00fcm adaylar\u0131m\u0131zla kamuoyu \u00f6n\u00fcnde konu\u015fmaya haz\u0131r\u0131m. Mezitli\u2019ye kim nas\u0131l hizmet etmek istiyorsa gelsin tart\u0131\u015fal\u0131m. Halk\u0131m\u0131z hepsini dinlesin ve ona g\u00f6re karar versin. Art\u0131k futbol taraftar\u0131 gibi birilerini desteklemek anlay\u0131\u015f\u0131n\u0131 k\u0131ral\u0131m ve en iyi hizmeti kim yapacaksa ona oy verilsin\u201d dedi.<br \/>\n\u00d6rnek bir se\u00e7im s\u00fcreci y\u00fcr\u00fctt\u00fcklerinin alt\u0131n\u0131 \u00e7izen Ekmekci, projelerinin vatanda\u015flardan b\u00fcy\u00fck destek g\u00f6rd\u00fc\u011f\u00fcn\u00fc belirterek, \u201cTek derdimiz Mezitli\u2019 ye hizmet etmek. Hizmet i\u00e7in \u015fuan adaylar\u0131m\u0131z gelsin, ayn\u0131 masada konu\u015fal\u0131m tart\u0131\u015fal\u0131m, ben var\u0131m. Sorunlar\u0131 masaya yat\u0131ral\u0131m, yeter ki Mezitlimiz kazans\u0131n. Hepimiz bir masa etraf\u0131nda otural\u0131m ve samimi bir \u015fekilde projelerimizi yar\u0131\u015ft\u0131ral\u0131m. Mezitli\u2019ye hizmeti en iyi kim yapacaksa, en iyi yat\u0131r\u0131m\u0131 kim getirebilecekse o kazans\u0131n\u201d ifadelerini kulland\u0131.<\/p>\n","protected":false},"excerpt":{"rendered":"<p>Cumhur \u0130ttifak\u0131 Mezitli Belediye Ba\u015fkan Aday\u0131 Mevl\u00fct Ekmekci\u2019den rakip adaylara tarihi bir \u00e7a\u011fr\u0131 geldi. T\u00fcm adaylar\u0131 herkesin izleyebilece\u011fi bir televizyon program\u0131nda projelerini yar\u0131\u015ft\u0131rmaya davet eden Ekmekci, \u201cArt\u0131k futbol taraftar\u0131 gibi birilerini desteklemek anlay\u0131\u015f\u0131n\u0131 k\u0131ral\u0131m ve en iyi hizmeti kim yapacaksa ona oy verilsin\u201d dedi. &#8212;&#8212;&#8212;&#8212;&#8212;&#8212;&#8211; Cumhur \u0130ttifak\u0131 Mezitli Belediye Ba\u015fkan Aday\u0131 Mevl\u00fct Ekmekci, se\u00e7ilmesinin hemen [&hellip;]<\/p>\n","protected":false},"author":2,"featured_media":31680,"comment_status":"open","ping_status":"open","sticky":false,"template":"","format":"standard","meta":{"footnotes":""},"categories":[6],"tags":[],"class_list":["post-31679","post","type-post","status-publish","format-standard","has-post-thumbnail","hentry","category-siyaset-2"],"views":5,"_links":{"self":[{"href":"https:\/\/mersinkadingazetesi.com\/index.php?rest_route=\/wp\/v2\/posts\/31679"}],"collection":[{"href":"https:\/\/mersinkadingazetesi.com\/index.php?rest_route=\/wp\/v2\/posts"}],"about":[{"href":"https:\/\/mersinkadingazetesi.com\/index.php?rest_route=\/wp\/v2\/types\/post"}],"author":[{"embeddable":true,"href":"https:\/\/mersinkadingazetesi.com\/index.php?rest_route=\/wp\/v2\/users\/2"}],"replies":[{"embeddable":true,"href":"https:\/\/mersinkadingazetesi.com\/index.php?rest_route=%2Fwp%2Fv2%2Fcomments&post=31679"}],"version-history":[{"count":0,"href":"https:\/\/mersinkadingazetesi.com\/index.php?rest_route=\/wp\/v2\/posts\/31679\/revisions"}],"wp:featuredmedia":[{"embeddable":true,"href":"https:\/\/mersinkadingazetesi.com\/index.php?rest_route=\/wp\/v2\/media\/31680"}],"wp:attachment":[{"href":"https:\/\/mersinkadingazetesi.com\/index.php?rest_route=%2Fwp%2Fv2%2Fmedia&parent=31679"}],"wp:term":[{"taxonomy":"category","embeddable":true,"href":"https:\/\/mersinkadingazetesi.com\/index.php?rest_route=%2Fwp%2Fv2%2Fcategories&post=31679"},{"taxonomy":"post_tag","embeddable":true,"href":"https:\/\/mersinkadingazetesi.com\/index.php?rest_route=%2Fwp%2Fv2%2Ftags&post=31679"}],"curies":[{"name":"wp","href":"https:\/\/api.w.org\/{rel}","templated":true}]}}