{"id":31685,"date":"2024-03-24T16:20:16","date_gmt":"2024-03-24T13:20:16","guid":{"rendered":"http:\/\/mersinkadingazetesi.com\/?p=31685"},"modified":"2024-03-24T16:20:16","modified_gmt":"2024-03-24T13:20:16","slug":"serdar-soydan-ilk-kez-oy-kullanacaklar-ile-kararsiz-gencler-bize-oy-veriyor","status":"publish","type":"post","link":"https:\/\/mersinkadingazetesi.com\/?p=31685","title":{"rendered":"Serdar Soydan: &#8220;\u0130lk kez oy kullanacaklar ile karars\u0131z gen\u00e7ler bize oy veriyor&#8221;"},"content":{"rendered":"<p>Cumhur \u0130ttifak\u0131 Mersin B\u00fcy\u00fck\u015fehir Belediye Ba\u015fkan Aday\u0131 Serdar Soydan, Karars\u0131z gen\u00e7ler ile ilk kez oy kullanacak gen\u00e7lerin en \u00e7ok kendilerini yak\u0131n g\u00f6rd\u00fc\u011f\u00fcn\u00fc belirterek, &#8220;Onlar\u0131 en iyi anlayacak ki\u015finin biz oldu\u011fumuzu g\u00f6rd\u00fcler. Gelece\u011fimizin teminat\u0131 gen\u00e7lerimiz \u00e7ok \u00f6zel projeler haz\u0131rlad\u0131k.&#8221; Dedi.<\/p>\n<p>&#8220;Her ay 10 GB \u0130nternet ile E Spor Arena, Gen\u00e7 Mersin, Yetenekler Sahnesi gibi projelerimiz var&#8221;<\/p>\n<p>Toroslar \u0130l\u00e7esinde yer alan Yunus Emre K\u00fclt\u00fcr Merkezinde ger\u00e7ekle\u015fen Gen\u00e7lik Bulu\u015fmas\u0131nda konu\u015fan Serdar Soydan, gen\u00e7lerden gelen sorulara tek tek yan\u0131t vererek projelerini anlatt\u0131:  &#8220;Kariyer planlamalar\u0131 ile yeteneklerinizi ortaya \u00e7\u0131karak k\u00fclt\u00fcr &#8211; sanat alanlar\u0131nda projelere imza ataca\u011f\u0131z. Gen\u00e7 Mersin K\u00fclt\u00fcr ve Ya\u015fam Merkezi ile Bilim ve Gen\u00e7lik Merkezini olu\u015fturaca\u011f\u0131z. Ayr\u0131ca Yetenekler Sahnesi projemizi de \u00e7ok \u00f6nemsiyoruz. Burada gen\u00e7lerimiz sinema ve tiyatro alanlar\u0131ndaki yeteneklerini geli\u015ftirebilecekler. Yine iddial\u0131 oldu\u011fumuz, e\u015fi, benzeri olamayan E Spor Arena projemizde var. Mersin&#8217;de gen\u00e7lerimizin yan\u0131nda olaca\u011f\u0131z ve \u00f6zg\u00fcrce internette dola\u015fmalar\u0131 i\u00e7in her ay 10 GB internet paketi ile burs verece\u011fiz.&#8221;<\/p>\n","protected":false},"excerpt":{"rendered":"<p>Cumhur \u0130ttifak\u0131 Mersin B\u00fcy\u00fck\u015fehir Belediye Ba\u015fkan Aday\u0131 Serdar Soydan, Karars\u0131z gen\u00e7ler ile ilk kez oy kullanacak gen\u00e7lerin en \u00e7ok kendilerini yak\u0131n g\u00f6rd\u00fc\u011f\u00fcn\u00fc belirterek, &#8220;Onlar\u0131 en iyi anlayacak ki\u015finin biz oldu\u011fumuzu g\u00f6rd\u00fcler. Gelece\u011fimizin teminat\u0131 gen\u00e7lerimiz \u00e7ok \u00f6zel projeler haz\u0131rlad\u0131k.&#8221; Dedi. &#8220;Her ay 10 GB \u0130nternet ile E Spor Arena, Gen\u00e7 Mersin, Yetenekler Sahnesi gibi projelerimiz var&#8221; [&hellip;]<\/p>\n","protected":false},"author":2,"featured_media":31686,"comment_status":"open","ping_status":"open","sticky":false,"template":"","format":"standard","meta":{"footnotes":""},"categories":[3,6],"tags":[],"class_list":["post-31685","post","type-post","status-publish","format-standard","has-post-thumbnail","hentry","category-manset","category-siyaset-2"],"views":10,"_links":{"self":[{"href":"https:\/\/mersinkadingazetesi.com\/index.php?rest_route=\/wp\/v2\/posts\/31685"}],"collection":[{"href":"https:\/\/mersinkadingazetesi.com\/index.php?rest_route=\/wp\/v2\/posts"}],"about":[{"href":"https:\/\/mersinkadingazetesi.com\/index.php?rest_route=\/wp\/v2\/types\/post"}],"author":[{"embeddable":true,"href":"https:\/\/mersinkadingazetesi.com\/index.php?rest_route=\/wp\/v2\/users\/2"}],"replies":[{"embeddable":true,"href":"https:\/\/mersinkadingazetesi.com\/index.php?rest_route=%2Fwp%2Fv2%2Fcomments&post=31685"}],"version-history":[{"count":0,"href":"https:\/\/mersinkadingazetesi.com\/index.php?rest_route=\/wp\/v2\/posts\/31685\/revisions"}],"wp:featuredmedia":[{"embeddable":true,"href":"https:\/\/mersinkadingazetesi.com\/index.php?rest_route=\/wp\/v2\/media\/31686"}],"wp:attachment":[{"href":"https:\/\/mersinkadingazetesi.com\/index.php?rest_route=%2Fwp%2Fv2%2Fmedia&parent=31685"}],"wp:term":[{"taxonomy":"category","embeddable":true,"href":"https:\/\/mersinkadingazetesi.com\/index.php?rest_route=%2Fwp%2Fv2%2Fcategories&post=31685"},{"taxonomy":"post_tag","embeddable":true,"href":"https:\/\/mersinkadingazetesi.com\/index.php?rest_route=%2Fwp%2Fv2%2Ftags&post=31685"}],"curies":[{"name":"wp","href":"https:\/\/api.w.org\/{rel}","templated":true}]}}