{"id":31691,"date":"2024-03-25T12:34:32","date_gmt":"2024-03-25T09:34:32","guid":{"rendered":"http:\/\/mersinkadingazetesi.com\/?p=31691"},"modified":"2024-03-25T12:34:32","modified_gmt":"2024-03-25T09:34:32","slug":"serdar-soydan-buyuksehirin-butcesi-emekliye-genclere-yatirimlara-yeter","status":"publish","type":"post","link":"https:\/\/mersinkadingazetesi.com\/?p=31691","title":{"rendered":"Serdar Soydan: &#8220;B\u00fcy\u00fck\u015fehir&#8217;in b\u00fct\u00e7esi emekliye, gen\u00e7lere, yat\u0131r\u0131mlara yeter&#8221;"},"content":{"rendered":"<p>Cumhur \u0130ttifak\u0131 Mersin B\u00fcy\u00fck\u015fehir Belediye Ba\u015fkan Aday\u0131 Serdar Soydan, &#8220;B\u00fcy\u00fck\u015fehir Belediyesinin b\u00fct\u00e7esi do\u011fru kullan\u0131l\u0131rsa, Emekliye 10 Bin TL destek verir, gen\u00e7lerin gelece\u011fine \u0131\u015f\u0131k tutar, 19 May\u0131s&#8217;ta t\u00fcm \u00fcniversiteli gen\u00e7lerimize 1.000 TL sosyal destek verir , dar gelirli vatanda\u015f\u0131m\u0131z\u0131n yan\u0131nda olur, Mersin&#8217;in kalk\u0131nmas\u0131na, s\u00f6z verdi\u011fimiz projelerin hayata ge\u00e7mesine yeterli olur. &#8221; Dedi.<\/p>\n<p>&#8220;Mersin&#8217;in as\u0131l ve acil sorunlar\u0131na e\u011filece\u011fiz&#8221;<\/p>\n<p>Sosyal belediyecilik ile yol, kald\u0131r\u0131m yapman\u0131n art\u0131k t\u00fcm belediyelerin rutin i\u015fleri oldu\u011fu kaydeden Serdar Soydan, se\u00e7im \u00e7al\u0131\u015fmalar\u0131 kapsam\u0131nda kat\u0131ld\u0131\u011f\u0131 etkinliklerde, g\u00f6reve geldiklerinde asli g\u00f6revlerinin yan\u0131 s\u0131ra, Mersin&#8217;in as\u0131l ve acil sorunlar\u0131na e\u011fileceklerini, vatanda\u015f\u0131n hayat\u0131n\u0131 kolayla\u015ft\u0131racak, kente istihdam sa\u011flayacak projelere ivedilikle ba\u015flayacaklar\u0131n\u0131 s\u00f6yledi.<\/p>\n<p>&#8220;Mersin halk\u0131 art\u0131k Cumhur \u0130ttifak\u0131n\u0131n g\u00fcc\u00fcn\u00fc kentte g\u00f6rmek istiyor&#8221;<\/p>\n<p>Kat\u0131ld\u0131\u011f\u0131 se\u00e7im \u00e7al\u0131\u015fmalar\u0131nda vatanda\u015flar\u0131n kendilerine Mersin&#8217;in sorunlar\u0131n\u0131 dile getirdiklerini anlatan Soydan, &#8220;Mersin&#8217;in hala bildik sorunlarla zaman kaybetmesi bizleri \u00fcz\u00fcyor. Halk\u0131m\u0131zda bu sorunlar\u0131 bizim \u00e7\u00f6zece\u011fimizi \u00e7ok iyi biliyor. Onlarda art\u0131k Mersin&#8217;de Cumhur \u0130ttifak\u0131n\u0131n g\u00fcc\u00fcn\u00fc g\u00f6rmek istiyorlar. Bizde onlara her zaman umutsuzlu\u011fa kap\u0131lamamalar\u0131n\u0131, &#8216;\u00fcretken ve israftan uzak belediyecili\u011fe \u00e7ok az kald\u0131\u011f\u0131n\u0131, Mersin&#8217;i Ya\u015fa, Mersin&#8217;i Hisset. \u015eehrimizin g\u00fczelliklerini ke\u015ffet, enerjisini hisset, ya\u015fam\u0131n tad\u0131n\u0131 \u00e7\u0131kar! G\u00fczel g\u00fcnler \u00e7ok yak\u0131n&#8217; diyoruz.&#8221;  \u0130fadelerini kulland\u0131.<\/p>\n<p>&#8220;Karavan Park Otelleri yapaca\u011f\u0131z&#8221;<\/p>\n<p>\u00c7ok g\u00fczel projeler yapacaklar\u0131n\u0131 da anlatan Soydan, &#8220;Her yer m\u00fczik sesi ile \u00e7\u0131nlayacak. Bir liman kenti olan Mersin&#8217;de konteyneri farkl\u0131 bir bak\u0131\u015f a\u00e7\u0131s\u0131 ile ele al\u0131p Gen\u00e7lere yeni sosyal alanlar yarataca\u011f\u0131z. Hem\u015fehrilerimizin bir araya gelip nefes alabilece\u011fi, sosyal ve \u00f6zg\u00fcr bir alan olu\u015fturaca\u011f\u0131z. \u00c7ok talep g\u00f6ren bir proje; oda T\u00fcrkiye&#8217;de karavan sevdal\u0131s\u0131 Mersin&#8217;imize gelip de vakit ge\u00e7irmek isteyenler, bu k\u00fclt\u00fcr rotas\u0131n\u0131 izlemek isteyenler i\u00e7in karavan turizminde belli noktalarda Karavan Park Otelleri in\u015fa edece\u011fiz &#8221; Diye konu\u015ftu.<\/p>\n","protected":false},"excerpt":{"rendered":"<p>Cumhur \u0130ttifak\u0131 Mersin B\u00fcy\u00fck\u015fehir Belediye Ba\u015fkan Aday\u0131 Serdar Soydan, &#8220;B\u00fcy\u00fck\u015fehir Belediyesinin b\u00fct\u00e7esi do\u011fru kullan\u0131l\u0131rsa, Emekliye 10 Bin TL destek verir, gen\u00e7lerin gelece\u011fine \u0131\u015f\u0131k tutar, 19 May\u0131s&#8217;ta t\u00fcm \u00fcniversiteli gen\u00e7lerimize 1.000 TL sosyal destek verir , dar gelirli vatanda\u015f\u0131m\u0131z\u0131n yan\u0131nda olur, Mersin&#8217;in kalk\u0131nmas\u0131na, s\u00f6z verdi\u011fimiz projelerin hayata ge\u00e7mesine yeterli olur. &#8221; Dedi. &#8220;Mersin&#8217;in as\u0131l ve acil [&hellip;]<\/p>\n","protected":false},"author":2,"featured_media":31692,"comment_status":"open","ping_status":"open","sticky":false,"template":"","format":"standard","meta":{"footnotes":""},"categories":[3,6],"tags":[],"class_list":["post-31691","post","type-post","status-publish","format-standard","has-post-thumbnail","hentry","category-manset","category-siyaset-2"],"views":4,"_links":{"self":[{"href":"https:\/\/mersinkadingazetesi.com\/index.php?rest_route=\/wp\/v2\/posts\/31691"}],"collection":[{"href":"https:\/\/mersinkadingazetesi.com\/index.php?rest_route=\/wp\/v2\/posts"}],"about":[{"href":"https:\/\/mersinkadingazetesi.com\/index.php?rest_route=\/wp\/v2\/types\/post"}],"author":[{"embeddable":true,"href":"https:\/\/mersinkadingazetesi.com\/index.php?rest_route=\/wp\/v2\/users\/2"}],"replies":[{"embeddable":true,"href":"https:\/\/mersinkadingazetesi.com\/index.php?rest_route=%2Fwp%2Fv2%2Fcomments&post=31691"}],"version-history":[{"count":0,"href":"https:\/\/mersinkadingazetesi.com\/index.php?rest_route=\/wp\/v2\/posts\/31691\/revisions"}],"wp:featuredmedia":[{"embeddable":true,"href":"https:\/\/mersinkadingazetesi.com\/index.php?rest_route=\/wp\/v2\/media\/31692"}],"wp:attachment":[{"href":"https:\/\/mersinkadingazetesi.com\/index.php?rest_route=%2Fwp%2Fv2%2Fmedia&parent=31691"}],"wp:term":[{"taxonomy":"category","embeddable":true,"href":"https:\/\/mersinkadingazetesi.com\/index.php?rest_route=%2Fwp%2Fv2%2Fcategories&post=31691"},{"taxonomy":"post_tag","embeddable":true,"href":"https:\/\/mersinkadingazetesi.com\/index.php?rest_route=%2Fwp%2Fv2%2Ftags&post=31691"}],"curies":[{"name":"wp","href":"https:\/\/api.w.org\/{rel}","templated":true}]}}