{"id":31697,"date":"2024-03-25T12:39:12","date_gmt":"2024-03-25T09:39:12","guid":{"rendered":"http:\/\/mersinkadingazetesi.com\/?p=31697"},"modified":"2024-03-25T12:39:12","modified_gmt":"2024-03-25T09:39:12","slug":"su-kaynaklarinin-verimli-kullanilmasi-dunya-barisina-katki-saglar","status":"publish","type":"post","link":"https:\/\/mersinkadingazetesi.com\/?p=31697","title":{"rendered":"SU KAYNAKLARININ VER\u0130ML\u0130 KULLANILMASI D\u00dcNYA BARI\u015eINA KATKI SA\u011eLAR"},"content":{"rendered":"<p>\u00d6zellikle son y\u0131llarda iklim krizinin getirmi\u015f oldu\u011fu sorunlara kar\u015f\u0131, kent genelinde s\u00fcrd\u00fcr\u00fclebilir kalk\u0131nman\u0131n \u00f6n\u00fcn\u00fc a\u00e7an ve \u00e7evre bilinci olu\u015fturan Mersin B\u00fcy\u00fck\u015fehir Belediyesi, &#8217;22 Mart D\u00fcnya Su G\u00fcn\u00fc&#8217; kapsam\u0131nda &#8216;Suyun Ser\u00fcveni&#8217; konulu panel d\u00fczenledi. \u0130klim De\u011fi\u015fikli\u011fi ve S\u0131f\u0131r At\u0131k Dairesi Ba\u015fkanl\u0131\u011f\u0131 ile Mersin Su ve Kanalizasyon \u0130daresi (MESK\u0130) Genel M\u00fcd\u00fcrl\u00fc\u011f\u00fc i\u015f birli\u011finde Mercan 100. Y\u0131l \u0130klim ve \u00c7evre Bilim Merkezi&#8217;nde d\u00fczenlenen panelde, su kaynaklar\u0131n\u0131n daha etkin ve verimli bir \u015fekilde kullan\u0131lmas\u0131 i\u00e7in yap\u0131lmas\u0131 gerekenler ele al\u0131nd\u0131.<\/p>\n<p>\u0130klim De\u011fi\u015fikli\u011fi ve S\u0131f\u0131r At\u0131k Dairesi Ba\u015fkan\u0131 Dr. Kemal Zorlu&#8217;nun moderat\u00f6rl\u00fc\u011f\u00fcnde ger\u00e7ekle\u015fen panelde; ODT\u00dc Deniz Bilimleri Enstit\u00fcs\u00fc&#8217;nden Dr. \u00d6\u011fretim \u00dcyesi Korhan \u00d6zcan, &#8216;Mersin&#8217;in Su Ekosistemleri: Antroposen \u00c7a\u011f\u0131n\u0131n Kentlerinde Do\u011fay\u0131 Nas\u0131l Koruyabiliriz?&#8217; ba\u015fl\u0131kl\u0131 sunum yapt\u0131. Mersin&#8217;in co\u011frafi konumu ve iklimi itibariyle de\u011fi\u015fik ku\u015f t\u00fcrlerinin ya\u015fam\u0131 i\u00e7in uygun bir ortama sahip oldu\u011funu aktaran Dr. \u00d6zcan, b\u00f6lge ekosistemini korumak ad\u0131na dikkat edilmesi gereken hususlar\u0131 ele ald\u0131. Ka\u00e7ak avc\u0131l\u0131k, \u00e7evre kirlili\u011fi, hayvanlar ve \u00fcreme habitatlar\u0131 hakk\u0131nda bilgiler veren Dr. \u00d6zcan, do\u011fada yok olma tehlikesi ile kar\u015f\u0131 kar\u015f\u0131ya kalan ku\u015f t\u00fcrleri ile ilgili yap\u0131lmas\u0131 gereken \u00e7al\u0131\u015fmalara de\u011findi.<\/p>\n<p>Oturumda, kent genelinde su kaynaklar\u0131n\u0131n korunmas\u0131 i\u00e7in yap\u0131lmas\u0131 gerekenler ele al\u0131nd\u0131<\/p>\n<p>MESK\u0130 b\u00fcnyesinde g\u00f6rev yapan \u00c7evre M\u00fchendisi Taylan \u00d6zg\u00fcr Sa\u011flam, &#8216;Havzadan Denize Suyun Ser\u00fcveni&#8217; ba\u015fl\u0131kl\u0131 sunum ger\u00e7ekle\u015ftirdi.  Kara, deniz ve k\u0131y\u0131 ekosistemlerinin birbiriyle ili\u015fkili oldu\u011funu belirten Sa\u011flam, bu ekosistemi korumak ad\u0131na Mersin B\u00fcy\u00fck\u015fehir Belediyesi&#8217;nin kent genelinde ger\u00e7ekle\u015ftirdi\u011fi s\u00fcrd\u00fcr\u00fclebilir \u00e7al\u0131\u015fmalar\u0131 anlatt\u0131.<\/p>\n<p>Mersin \u00dcniversitesi&#8217;nden Ara\u015ft\u0131rma G\u00f6revlisi Dr. Fatma Deniz ise, &#8216;Su Ayak \u0130zi&#8217; konulu sunumunda, \u00fcretim ve t\u00fcketime ba\u011fl\u0131 olarak insanlar\u0131n kullanm\u0131\u015f oldu\u011fu su kullan\u0131m kapasitesini aktard\u0131. Dr. Deniz, g\u00fcndelik hayatta \u00fcretim ve t\u00fcketim a\u015famas\u0131n\u0131n her alan\u0131nda insanlar\u0131n kulland\u0131\u011f\u0131 toplam su miktar\u0131n\u0131 ele ald\u0131. Dr. Deniz, su kaynaklar\u0131n\u0131n daha etkin ve ak\u0131lc\u0131 bir \u015fekilde kullan\u0131lmas\u0131n\u0131 yayg\u0131nla\u015ft\u0131rmak amac\u0131yla, daha az su kullan\u0131m\u0131n\u0131n y\u00f6ntemlerini ve su ayak izinin nas\u0131l azalt\u0131labilece\u011finin \u00e7\u00f6z\u00fcm \u00f6nerilerini kat\u0131l\u0131mc\u0131larla payla\u015ft\u0131.<\/p>\n<p>Panelin son konu\u015fmac\u0131s\u0131 Mersin \u00dcniversitesi&#8217;nden Prof. Dr. C\u00fcneyt G\u00fcler de, &#8216;Ya\u011fmur Suyu Hasad\u0131&#8217; ba\u015fl\u0131kl\u0131 sunumunda; do\u011fada su d\u00f6ng\u00fcs\u00fcn\u00fcn nas\u0131l olu\u015ftu\u011funu, d\u00fcnyada su rezervlerinin da\u011f\u0131l\u0131m\u0131n\u0131 ve T\u00fcrkiye&#8217;de su kaynaklar\u0131n\u0131n durumunu ele ald\u0131. Sunumlar\u0131n ard\u0131ndan konu\u015fmac\u0131lar, kat\u0131l\u0131mc\u0131lar\u0131n sorular\u0131n\u0131 yan\u0131tlad\u0131.<\/p>\n<p>Dr. Zorlu: &#8220;Su kaynaklar\u0131m\u0131z\u0131 daha etkin ve verimli bir \u015fekilde kullanmak zorunday\u0131z&#8221;<\/p>\n<p>\u0130klim De\u011fi\u015fikli\u011fi ve S\u0131f\u0131r At\u0131k Dairesi Ba\u015fkan\u0131 Dr. Kemal Zorlu, her y\u0131l &#8217;22 Mart D\u00fcnya Su G\u00fcn\u00fc&#8217; n\u00fcn farkl\u0131 bir tema ile ger\u00e7ekle\u015ftirildi\u011fini, bu y\u0131l ise &#8216;Bar\u0131\u015f \u0130\u00e7in Sudan Faydalanmak&#8217; temas\u0131n\u0131n se\u00e7ildi\u011fini dile getirdi. Dr. Zorlu, &#8220;Genelde al\u0131\u015f\u0131k oldu\u011fumuz tablo suyun d\u00fcnyada bar\u0131\u015fa vesile olmas\u0131 de\u011fil, sava\u015f ve kavgalara sebep olmas\u0131d\u0131r. \u00c7\u00fcnk\u00fc su kaynaklar\u0131n\u0131 etkin ve verimli kullanm\u0131yoruz. Do\u011fa temelli bir \u015fehircilik anlay\u0131\u015f\u0131 benimsemiyor ve d\u00fcnya n\u00fcfusuna yeterli miktarda suyun ula\u015fmas\u0131nda problemler ya\u015f\u0131yoruz. Bu da bar\u0131\u015fa vesile olmaktan ziyade, daha \u00e7ok sava\u015fa ve kavgaya sebep oluyor. E\u011fer su kaynaklar\u0131m\u0131z\u0131 etkin ve verimli bir \u015fekilde kullanabilir, su kaynaklar\u0131m\u0131z\u0131 koruyabilirsek, suyu sava\u015f nedeni olmaktan \u00e7\u0131kart\u0131p, bir bar\u0131\u015f vesilesi haline getirebiliriz&#8221; dedi.<\/p>\n<p>&#8220;Merkezimizi 4 ayda 60 bin ki\u015fi ziyaret etti&#8221;<\/p>\n<p>4 ay \u00f6nce hizmete a\u00e7\u0131lan Mercan 100. Y\u0131l \u0130klim ve \u00c7evre Bilim Merkezi hakk\u0131nda da bilgi veren Dr. Zorlu, &#8220;Bu s\u00fcre i\u00e7erisinde merkezi, \u00e7o\u011funlu\u011fu \u00e7ocuklar ve gen\u00e7ler olmak \u00fczere 60 bin ki\u015fi ziyaret etti. Bu merkezin ama\u00e7lar\u0131ndan biri de, suyun etkin ve verimli bir \u015fekilde kullan\u0131lmas\u0131 ile su tasarrufunun \u00fcst d\u00fczeye \u00e7\u0131kart\u0131lmas\u0131 konusunda bilin\u00e7 olu\u015fturmakt\u0131r. Merkezimizde; iklim, \u00e7evre, at\u0131k, geri d\u00f6n\u00fc\u015f\u00fcm, su gibi farkl\u0131 13 temada deney d\u00fczene\u011fimiz var. Projemiz tamamland\u0131\u011f\u0131nda ise, toplamda 120 adet deney d\u00fczene\u011fimiz olacak&#8221; ifadelerini kulland\u0131.   <\/p>\n<p>Etkinlik, merkezde yer alan planetaryumda d\u00fcnyan\u0131n olu\u015fumunu, ya\u015fam ve karbon d\u00f6ng\u00fcs\u00fcn\u00fc, di\u011fer gezegenlere k\u0131yasla d\u00fcnyada ya\u015faman\u0131n avantajlar\u0131n\u0131 anlatan &#8216;Dinamik D\u00fcnya&#8217; konulu k\u0131sa filmin izlenmesinin ard\u0131ndan son buldu.<\/p>\n","protected":false},"excerpt":{"rendered":"<p>\u00d6zellikle son y\u0131llarda iklim krizinin getirmi\u015f oldu\u011fu sorunlara kar\u015f\u0131, kent genelinde s\u00fcrd\u00fcr\u00fclebilir kalk\u0131nman\u0131n \u00f6n\u00fcn\u00fc a\u00e7an ve \u00e7evre bilinci olu\u015fturan Mersin B\u00fcy\u00fck\u015fehir Belediyesi, &#8217;22 Mart D\u00fcnya Su G\u00fcn\u00fc&#8217; kapsam\u0131nda &#8216;Suyun Ser\u00fcveni&#8217; konulu panel d\u00fczenledi. \u0130klim De\u011fi\u015fikli\u011fi ve S\u0131f\u0131r At\u0131k Dairesi Ba\u015fkanl\u0131\u011f\u0131 ile Mersin Su ve Kanalizasyon \u0130daresi (MESK\u0130) Genel M\u00fcd\u00fcrl\u00fc\u011f\u00fc i\u015f birli\u011finde Mercan 100. Y\u0131l \u0130klim [&hellip;]<\/p>\n","protected":false},"author":2,"featured_media":31698,"comment_status":"open","ping_status":"open","sticky":false,"template":"","format":"standard","meta":{"footnotes":""},"categories":[7,2,3],"tags":[],"class_list":["post-31697","post","type-post","status-publish","format-standard","has-post-thumbnail","hentry","category-dunya","category-gundem","category-manset"],"views":5,"_links":{"self":[{"href":"https:\/\/mersinkadingazetesi.com\/index.php?rest_route=\/wp\/v2\/posts\/31697"}],"collection":[{"href":"https:\/\/mersinkadingazetesi.com\/index.php?rest_route=\/wp\/v2\/posts"}],"about":[{"href":"https:\/\/mersinkadingazetesi.com\/index.php?rest_route=\/wp\/v2\/types\/post"}],"author":[{"embeddable":true,"href":"https:\/\/mersinkadingazetesi.com\/index.php?rest_route=\/wp\/v2\/users\/2"}],"replies":[{"embeddable":true,"href":"https:\/\/mersinkadingazetesi.com\/index.php?rest_route=%2Fwp%2Fv2%2Fcomments&post=31697"}],"version-history":[{"count":0,"href":"https:\/\/mersinkadingazetesi.com\/index.php?rest_route=\/wp\/v2\/posts\/31697\/revisions"}],"wp:featuredmedia":[{"embeddable":true,"href":"https:\/\/mersinkadingazetesi.com\/index.php?rest_route=\/wp\/v2\/media\/31698"}],"wp:attachment":[{"href":"https:\/\/mersinkadingazetesi.com\/index.php?rest_route=%2Fwp%2Fv2%2Fmedia&parent=31697"}],"wp:term":[{"taxonomy":"category","embeddable":true,"href":"https:\/\/mersinkadingazetesi.com\/index.php?rest_route=%2Fwp%2Fv2%2Fcategories&post=31697"},{"taxonomy":"post_tag","embeddable":true,"href":"https:\/\/mersinkadingazetesi.com\/index.php?rest_route=%2Fwp%2Fv2%2Ftags&post=31697"}],"curies":[{"name":"wp","href":"https:\/\/api.w.org\/{rel}","templated":true}]}}