{"id":31706,"date":"2024-03-25T12:43:37","date_gmt":"2024-03-25T09:43:37","guid":{"rendered":"http:\/\/mersinkadingazetesi.com\/?p=31706"},"modified":"2024-03-25T12:43:37","modified_gmt":"2024-03-25T09:43:37","slug":"dr-ali-oz-genclerin-bizden-istedigi-tum-projeler-hayata-gecirilecek","status":"publish","type":"post","link":"https:\/\/mersinkadingazetesi.com\/?p=31706","title":{"rendered":"Dr. Ali \u00d6z: &#8220;Gen\u00e7lerin bizden istedi\u011fi t\u00fcm projeler hayata ge\u00e7irilecek&#8221;"},"content":{"rendered":"<p>&#8216;B\u00fcy\u00fck Gen\u00e7lik Bulu\u015fmas\u0131&#8217; etkinli\u011finde konu\u015fan \u00d6z, &#8220;Toroslar&#8217;da gen\u00e7lerin bizden istedi\u011fi projelerimiz haz\u0131r. Gen\u00e7lerle birlikte hareket ederek bizden istedikleri t\u00fcm projeleri hayata ge\u00e7irece\u011fiz. Gelece\u011fimizin teminat\u0131 olan gen\u00e7ler hem siyasette hem de Toroslar&#8217;\u0131n geli\u015fmesinde \u00f6nc\u00fc rol oynayacakt\u0131r&#8221; dedi.<\/p>\n<p>Cumhur \u0130ttifak\u0131 Toroslar Belediye Ba\u015fkan Aday\u0131 Dr. Ali \u00d6z, MHP Mersin Milletvekili Levent Uysal ve Cumhur \u0130ttifak\u0131 B\u00fcy\u00fck\u015fehir Belediye Ba\u015fkan Aday\u0131 Serdar Soydan ile birlikte Yunus Emre K\u00fclt\u00fcr Merkezinde ger\u00e7ekle\u015ftirilen &#8216;B\u00fcy\u00fck Gen\u00e7lik Bulu\u015fmas\u0131&#8217; etkinli\u011finde gen\u00e7lerle bir araya geldi. Yo\u011fun kat\u0131l\u0131m\u0131n oldu\u011fu etkinlikte salon tamamen dolarken \u00d6z gen\u00e7lerin sorular\u0131n\u0131 yan\u0131tlad\u0131, projelerini anlatt\u0131. \u00d6z, ayr\u0131ca ilk kez oy kullanacak olan gen\u00e7lere de seslenerek Cumhur \u0130ttifak\u0131 B\u00fcy\u00fck\u015fehir Belediye Ba\u015fkan Aday\u0131 Serdar Soydan&#8217;a da destek vermelerini istedi.<\/p>\n<p>&#8220;TOROSLAR&#8217;DA \u0130\u015eS\u0130Z GEN\u00c7 KALMAYACAK&#8221;<\/p>\n<p>B\u00fcy\u00fck\u015fehir Belediye Ba\u015fkan Aday\u0131 Serdar Soydan ile birlikte se\u00e7ildikleri takdirde hayata ge\u00e7irecekleri projelerle birlikte il\u00e7ede i\u015fsiz gen\u00e7 b\u0131rakmayacaklar\u0131n\u0131n alt\u0131n\u0131 \u00e7izen \u00d6z, &#8220;Gen\u00e7ler i\u00e7in \u00e7ok \u00f6nemli projeler haz\u0131rlad\u0131k. Haz\u0131rlad\u0131\u011f\u0131m\u0131z 33 projenin neredeyse yar\u0131s\u0131ndan fazlas\u0131 gen\u00e7lerimizi ilgilendiriyor. Bu projeleri hayata ge\u00e7irece\u011fiz ve Toroslar&#8217;da i\u015fsiz gen\u00e7 b\u0131rakmayaca\u011f\u0131z. Bu projeler sayesinde gen\u00e7lerimiz hem istihdam edilerek i\u015f sahibi olacak hem de hem de il\u00e7emizin kalk\u0131nmas\u0131nda \u00f6nemli rol oynayacak&#8221; dedi.<\/p>\n<p>&#8220;SPOR DEN\u0130L\u0130NCE AKLA \u0130LK GELEN \u0130L\u00c7E TOROSLAR OLACAK&#8221;<\/p>\n<p>Gen\u00e7lerin sorular\u0131n\u0131 yan\u0131tlayan \u00d6z, &#8220;\u0130l\u00e7emizi sporun merkezi haline getirece\u011fiz. Mersin&#8217;de spor denilince akla ilk gelen il\u00e7e Toroslar olacak. \u0130\u00e7erisinde futbol, basketbol, y\u00fczme alanlar\u0131, voleybol, tenis kortlar\u0131 ve atletizm gibi bir\u00e7ok spor dal\u0131n\u0131n yap\u0131labildi\u011fi devasa tesisi Toroslar&#8217;a kazand\u0131raca\u011f\u0131z. Burada ba\u015far\u0131l\u0131 sporcu gen\u00e7ler yeti\u015ftirilmesine \u00f6nc\u00fcl\u00fck edece\u011fiz ve hem T\u00fcrkiye&#8217;de hem de Avrupa&#8217;da \u015fampiyonluklar\u0131n gururunu ya\u015fayaca\u011f\u0131z&#8221; diye konu\u015ftu.<\/p>\n<p>&#8220;E\u011e\u0130T\u0130M VE SOSYAL PROJELERLE TOROSLAR B\u0130R \u00dcST L\u0130GE \u00c7IKACAK&#8221;<\/p>\n<p>\u0130l\u00e7eye kazand\u0131racaklar\u0131 en \u00f6nemli projelerin ba\u015f\u0131nda \u00fcniversite kamp\u00fcs\u00fc, \u00f6\u011frenci yurtlar\u0131, k\u00fclt\u00fcr ve sanat merkezleri geldi\u011fini vurgulayan \u00d6z, &#8220;Daha \u00f6nce de belirtti\u011fim gibi hayalim olan Toroslar&#8217;\u0131n gelece\u011fi i\u00e7in projelerimiz haz\u0131r. E\u011fitim ve sosyal projelerle birlikte Toroslar&#8217;\u0131 bir \u00fcst lige \u00e7\u0131karacak projeleri zaman kaybetmeden hayata ge\u00e7irece\u011fiz. Toroslar&#8217;a \u00fcniversite kamp\u00fcs\u00fc, \u00f6\u011frenci yurtlar\u0131 ile k\u00fclt\u00fcr ve sanat merkezleri kazand\u0131raca\u011f\u0131z&#8221; \u015feklinde konu\u015ftu.<\/p>\n<p> &#8220;GEN\u00c7LER\u0130M\u0130Z TOROSLAR&#8217;IN GEL\u0130\u015eMES\u0130NDE \u00d6NC\u00dc ROL OYNAYACAK&#8221;<\/p>\n<p>Gen\u00e7lere b\u00fcy\u00fck \u00f6nem verdiklerini ve Toroslar&#8217;\u0131n gelece\u011fi i\u00e7in gen\u00e7lerin b\u00fcy\u00fck bir f\u0131rsat oldu\u011funu ifade eden \u00d6z, &#8220;Gelece\u011fimizin teminat\u0131 olan gen\u00e7ler hem siyasette hem de Toroslar&#8217;\u0131n geli\u015fmesinde \u00f6nc\u00fc rol oynayacak. \u0130l\u00e7enin ekonomik anlamda kalk\u0131nmas\u0131n\u0131 sa\u011flayacak projelerimizde gen\u00e7lerimiz hep bizimle beraber olacak. Bu sayede hem il\u00e7ede gen\u00e7 i\u015fsizlik oran\u0131n\u0131 d\u00fc\u015f\u00fcrece\u011fiz hem de gen\u00e7lerimize \u00f6nemli bir misyon y\u00fckleyece\u011fiz&#8221; dedi.<\/p>\n","protected":false},"excerpt":{"rendered":"<p>&#8216;B\u00fcy\u00fck Gen\u00e7lik Bulu\u015fmas\u0131&#8217; etkinli\u011finde konu\u015fan \u00d6z, &#8220;Toroslar&#8217;da gen\u00e7lerin bizden istedi\u011fi projelerimiz haz\u0131r. Gen\u00e7lerle birlikte hareket ederek bizden istedikleri t\u00fcm projeleri hayata ge\u00e7irece\u011fiz. Gelece\u011fimizin teminat\u0131 olan gen\u00e7ler hem siyasette hem de Toroslar&#8217;\u0131n geli\u015fmesinde \u00f6nc\u00fc rol oynayacakt\u0131r&#8221; dedi. Cumhur \u0130ttifak\u0131 Toroslar Belediye Ba\u015fkan Aday\u0131 Dr. Ali \u00d6z, MHP Mersin Milletvekili Levent Uysal ve Cumhur \u0130ttifak\u0131 B\u00fcy\u00fck\u015fehir Belediye [&hellip;]<\/p>\n","protected":false},"author":2,"featured_media":31707,"comment_status":"open","ping_status":"open","sticky":false,"template":"","format":"standard","meta":{"footnotes":""},"categories":[3,6],"tags":[],"class_list":["post-31706","post","type-post","status-publish","format-standard","has-post-thumbnail","hentry","category-manset","category-siyaset-2"],"views":2,"_links":{"self":[{"href":"https:\/\/mersinkadingazetesi.com\/index.php?rest_route=\/wp\/v2\/posts\/31706"}],"collection":[{"href":"https:\/\/mersinkadingazetesi.com\/index.php?rest_route=\/wp\/v2\/posts"}],"about":[{"href":"https:\/\/mersinkadingazetesi.com\/index.php?rest_route=\/wp\/v2\/types\/post"}],"author":[{"embeddable":true,"href":"https:\/\/mersinkadingazetesi.com\/index.php?rest_route=\/wp\/v2\/users\/2"}],"replies":[{"embeddable":true,"href":"https:\/\/mersinkadingazetesi.com\/index.php?rest_route=%2Fwp%2Fv2%2Fcomments&post=31706"}],"version-history":[{"count":0,"href":"https:\/\/mersinkadingazetesi.com\/index.php?rest_route=\/wp\/v2\/posts\/31706\/revisions"}],"wp:featuredmedia":[{"embeddable":true,"href":"https:\/\/mersinkadingazetesi.com\/index.php?rest_route=\/wp\/v2\/media\/31707"}],"wp:attachment":[{"href":"https:\/\/mersinkadingazetesi.com\/index.php?rest_route=%2Fwp%2Fv2%2Fmedia&parent=31706"}],"wp:term":[{"taxonomy":"category","embeddable":true,"href":"https:\/\/mersinkadingazetesi.com\/index.php?rest_route=%2Fwp%2Fv2%2Fcategories&post=31706"},{"taxonomy":"post_tag","embeddable":true,"href":"https:\/\/mersinkadingazetesi.com\/index.php?rest_route=%2Fwp%2Fv2%2Ftags&post=31706"}],"curies":[{"name":"wp","href":"https:\/\/api.w.org\/{rel}","templated":true}]}}