{"id":31716,"date":"2024-03-25T15:58:01","date_gmt":"2024-03-25T12:58:01","guid":{"rendered":"http:\/\/mersinkadingazetesi.com\/?p=31716"},"modified":"2024-03-25T15:58:07","modified_gmt":"2024-03-25T12:58:07","slug":"dutar-egitime-destek-verecegiz-gelecegimizi-aydinlatacagiz","status":"publish","type":"post","link":"https:\/\/mersinkadingazetesi.com\/?p=31716","title":{"rendered":"DUTAR: \u2018E\u011e\u0130T\u0130ME DESTEK VERECE\u011e\u0130Z, GELECE\u011e\u0130M\u0130Z\u0130 AYDINLATACA\u011eIZ\u2019"},"content":{"rendered":"<p>31 Mart se\u00e7imlerine art\u0131k say\u0131l\u0131 g\u00fcnler kal\u0131rken, adaylar da \u00e7al\u0131\u015fmalar\u0131n\u0131 s\u00fcrd\u00fcr\u00fcyor. Bu kapsamda mahalle mahalle gezerek vatanda\u015flarla ve esnaflarla bir araya gelen \u0130Y\u0130 Parti Erdemli Belediye Ba\u015fkan Aday\u0131 Mehmet Dutar, ba\u015fkan se\u00e7ilmesi durumunda \u201990 \u0130Y\u0130 Proje\u2019 hayata ge\u00e7ireceklerini m\u00fcjdeledi.<br \/>\nHer kesimden ve her ya\u015ftan vatanda\u015f\u0131n yan\u0131nda olacaklar\u0131n\u0131 belirten Dutar, Erdemli\u2019de ya\u015fayan bir ki\u015finin bile ma\u011fdur olmadan, huzur ve refah i\u00e7inde ya\u015fayaca\u011f\u0131n\u0131 s\u00f6yledi.<br \/>\n90 \u0130Y\u0130 Proje\u2019den bir tanesi olan e\u011fitim ile ilgili a\u00e7\u0131klamalarda bulunan Dutar, Erdemli il\u00e7esinin gelece\u011finin gen\u00e7lerin elinde oldu\u011funu belirtti. Erdemli\u2019nin gelece\u011fi i\u00e7in e\u011fitimin \u00f6nemli oldu\u011funu dile getiren Dutar, bu nedenle e\u011fitim seviyesini daha \u00fcst seviyeye ta\u015f\u0131mak amac\u0131yla e\u011fitime ayr\u0131 bir \u00f6nem verdiklerini ifade etti.<\/p>\n<p>G\u00f6reve geldikleri takdirde Erdemlili \u00f6\u011frencilere burs imkan\u0131 sa\u011flayacaklar\u0131n\u0131 s\u00f6yleyen Dutar, gen\u00e7lerin e\u011fitimine her zaman destek vereceklerini belirtti. Dutar, \u201c\u00dclkemizin istikbali gen\u00e7lerimize emanet. Gelecek i\u00e7in adil, g\u00fcvenilir, d\u00fcr\u00fcst, merhametli, \u0130Y\u0130 bireyler yeti\u015ftirmenin yolu da e\u011fitimden ge\u00e7iyor. Bundan dolay\u0131 e\u011fitime \u00e7ok \u00f6nem veriyorum. Ba\u015fkan se\u00e7ildi\u011fim takdirde e\u011fitime destek verece\u011fiz. Erdemli\u2019de ikamet eden ve \u00fcniversite kazanan \u00f6\u011frencilerimize burs deste\u011fi sa\u011flayaca\u011f\u0131z. Gelece\u011fimizi ayd\u0131nlataca\u011f\u0131z.\u201d dedi. (Haber Merkezi)<\/p>\n","protected":false},"excerpt":{"rendered":"<p>31 Mart se\u00e7imlerine art\u0131k say\u0131l\u0131 g\u00fcnler kal\u0131rken, adaylar da \u00e7al\u0131\u015fmalar\u0131n\u0131 s\u00fcrd\u00fcr\u00fcyor. Bu kapsamda mahalle mahalle gezerek vatanda\u015flarla ve esnaflarla bir araya gelen \u0130Y\u0130 Parti Erdemli Belediye Ba\u015fkan Aday\u0131 Mehmet Dutar, ba\u015fkan se\u00e7ilmesi durumunda \u201990 \u0130Y\u0130 Proje\u2019 hayata ge\u00e7ireceklerini m\u00fcjdeledi. Her kesimden ve her ya\u015ftan vatanda\u015f\u0131n yan\u0131nda olacaklar\u0131n\u0131 belirten Dutar, Erdemli\u2019de ya\u015fayan bir ki\u015finin bile ma\u011fdur [&hellip;]<\/p>\n","protected":false},"author":2,"featured_media":31717,"comment_status":"open","ping_status":"open","sticky":false,"template":"","format":"standard","meta":{"footnotes":""},"categories":[1,6],"tags":[],"class_list":["post-31716","post","type-post","status-publish","format-standard","has-post-thumbnail","hentry","category-genel","category-siyaset-2"],"views":13,"_links":{"self":[{"href":"https:\/\/mersinkadingazetesi.com\/index.php?rest_route=\/wp\/v2\/posts\/31716"}],"collection":[{"href":"https:\/\/mersinkadingazetesi.com\/index.php?rest_route=\/wp\/v2\/posts"}],"about":[{"href":"https:\/\/mersinkadingazetesi.com\/index.php?rest_route=\/wp\/v2\/types\/post"}],"author":[{"embeddable":true,"href":"https:\/\/mersinkadingazetesi.com\/index.php?rest_route=\/wp\/v2\/users\/2"}],"replies":[{"embeddable":true,"href":"https:\/\/mersinkadingazetesi.com\/index.php?rest_route=%2Fwp%2Fv2%2Fcomments&post=31716"}],"version-history":[{"count":0,"href":"https:\/\/mersinkadingazetesi.com\/index.php?rest_route=\/wp\/v2\/posts\/31716\/revisions"}],"wp:featuredmedia":[{"embeddable":true,"href":"https:\/\/mersinkadingazetesi.com\/index.php?rest_route=\/wp\/v2\/media\/31717"}],"wp:attachment":[{"href":"https:\/\/mersinkadingazetesi.com\/index.php?rest_route=%2Fwp%2Fv2%2Fmedia&parent=31716"}],"wp:term":[{"taxonomy":"category","embeddable":true,"href":"https:\/\/mersinkadingazetesi.com\/index.php?rest_route=%2Fwp%2Fv2%2Fcategories&post=31716"},{"taxonomy":"post_tag","embeddable":true,"href":"https:\/\/mersinkadingazetesi.com\/index.php?rest_route=%2Fwp%2Fv2%2Ftags&post=31716"}],"curies":[{"name":"wp","href":"https:\/\/api.w.org\/{rel}","templated":true}]}}