{"id":31723,"date":"2024-03-26T12:26:47","date_gmt":"2024-03-26T09:26:47","guid":{"rendered":"http:\/\/mersinkadingazetesi.com\/?p=31723"},"modified":"2024-03-26T12:26:47","modified_gmt":"2024-03-26T09:26:47","slug":"chpli-ali-boltac-tarsusu-sevmek-yetmez-anlamak-onemli","status":"publish","type":"post","link":"https:\/\/mersinkadingazetesi.com\/?p=31723","title":{"rendered":"CHP&#8217;L\u0130 AL\u0130 BOLTA\u00c7 &#8220;TARSUS&#8217;U SEVMEK YETMEZ, ANLAMAK \u00d6NEML\u0130&#8221;"},"content":{"rendered":"<p>Tarsus&#8217;un hem k\u00fclt\u00fcr\u00fc, hem tarihi, hem de bereketli topraklar\u0131yla \u00e7ok zengin bir \u015fehir oldu\u011funu s\u00f6yleyen CHP Tarsus Belediye Ba\u015fkan Aday\u0131 Ali Bolta\u00e7, bu kadim \u015fehrin iyi y\u00f6netilmedi\u011fi ve \u00f6n\u00fcne vizyon konulmad\u0131\u011f\u0131 i\u00e7in bu halde oldu\u011funu s\u00f6yledi.<\/p>\n<p>&#8220;Tarsus&#8217;u sevmek yetmez, anlamak \u00f6nemlidir&#8221; diyen CHP&#8217;li gen\u00e7 ba\u015fkan aday\u0131, &#8220;Biz anlayan tarafta olaca\u011f\u0131z. Tarsus&#8217;u \u00f6n\u00fcm\u00fczdeki 5 y\u0131lda uyumlu ve huzurlu bir gelecek bekliyor. Sorunlar\u0131 biliyoruz ve bu sorunlar\u0131n bir par\u00e7as\u0131 olmayaca\u011f\u0131z. \u00c7\u00f6z\u00fcm i\u00e7in yola \u00e7\u0131kt\u0131k ve ba\u015faraca\u011f\u0131z.&#8221; dedi.<br \/>\nTarsus i\u00e7in farkl\u0131 sekt\u00f6rlerde ve alanlarda bir\u00e7ok proje haz\u0131rlad\u0131klar\u0131n\u0131 s\u00f6yleyen Ba\u015fkan aday\u0131 Ali Bolta\u00e7, &#8220;Tarsus haritas\u0131na iyi \u00e7al\u0131\u015ft\u0131k. Ne eksi\u011fi var biliyoruz. Tarihine, tar\u0131m\u0131na, sanayisine ve turizmine \u00f6nemli dokunu\u015flar yapaca\u011f\u0131z. Her \u015feyden \u00f6nemlisi, Tarsus&#8217;u 7\/24 ya\u015fayan bir \u015fehir haline getirece\u011fiz. Yar\u0131m saat \u00f6tedeki iki kente gidip &#8216;oh be d\u00fcnya varm\u0131\u015f&#8217; demeyecek bir Tarsus yarataca\u011f\u0131z. Her kesime ve her sekt\u00f6re y\u00f6nelik projelerimiz haz\u0131r. B\u00fcy\u00fck\u015fehir Belediye Ba\u015fkan\u0131m\u0131z ile birlikte bir s\u00fcreci uyumla ve i\u015fbirli\u011fi i\u00e7erisinde ge\u00e7irip Tarsus&#8217;un kabu\u011funu k\u0131rmas\u0131n\u0131 sa\u011flayaca\u011f\u0131z.&#8221; \u015feklinde konu\u015ftu.<\/p>\n<p>Tarsus&#8217;un ge\u00e7ti\u011fimiz 5 y\u0131l i\u00e7erisinde en b\u00fcy\u00fck \u015fans\u0131n\u0131n B\u00fcy\u00fck\u015fehir Belediye Ba\u015fkan\u0131 Vahap Se\u00e7er oldu\u011funa da dikkat \u00e7eken Ali Bolta\u00e7, &#8220;Ba\u015fkan\u0131m\u0131z bu se\u00e7imi de rahat bir \u015fekilde kazanacak. \u00d6zellikle biz Tarsus&#8217;lular bunun fark\u0131nday\u0131z. Onun Tarsus i\u00e7in neler yapt\u0131\u011f\u0131n\u0131n da fark\u0131nday\u0131z. Bu nedenle 1 Nisan itibariyle uyum ve i\u015fbirli\u011fi i\u00e7inde bir d\u00f6neme ad\u0131m ataca\u011f\u0131z. Kay\u0131p y\u0131llar\u0131 telafi edece\u011fiz. Vatanda\u015flar\u0131m\u0131z tercih yaparken uyum diyecek, huzur diyecek ve gen\u00e7lik diyecek. Mersin Vahap Se\u00e7er, Tarsus Ali Bolta\u00e7 diyecek.&#8221; diyerek s\u00f6zlerini noktalad\u0131.<\/p>\n","protected":false},"excerpt":{"rendered":"<p>Tarsus&#8217;un hem k\u00fclt\u00fcr\u00fc, hem tarihi, hem de bereketli topraklar\u0131yla \u00e7ok zengin bir \u015fehir oldu\u011funu s\u00f6yleyen CHP Tarsus Belediye Ba\u015fkan Aday\u0131 Ali Bolta\u00e7, bu kadim \u015fehrin iyi y\u00f6netilmedi\u011fi ve \u00f6n\u00fcne vizyon konulmad\u0131\u011f\u0131 i\u00e7in bu halde oldu\u011funu s\u00f6yledi. &#8220;Tarsus&#8217;u sevmek yetmez, anlamak \u00f6nemlidir&#8221; diyen CHP&#8217;li gen\u00e7 ba\u015fkan aday\u0131, &#8220;Biz anlayan tarafta olaca\u011f\u0131z. Tarsus&#8217;u \u00f6n\u00fcm\u00fczdeki 5 y\u0131lda uyumlu [&hellip;]<\/p>\n","protected":false},"author":2,"featured_media":31724,"comment_status":"open","ping_status":"open","sticky":false,"template":"","format":"standard","meta":{"footnotes":""},"categories":[3],"tags":[],"class_list":["post-31723","post","type-post","status-publish","format-standard","has-post-thumbnail","hentry","category-manset"],"views":2,"_links":{"self":[{"href":"https:\/\/mersinkadingazetesi.com\/index.php?rest_route=\/wp\/v2\/posts\/31723"}],"collection":[{"href":"https:\/\/mersinkadingazetesi.com\/index.php?rest_route=\/wp\/v2\/posts"}],"about":[{"href":"https:\/\/mersinkadingazetesi.com\/index.php?rest_route=\/wp\/v2\/types\/post"}],"author":[{"embeddable":true,"href":"https:\/\/mersinkadingazetesi.com\/index.php?rest_route=\/wp\/v2\/users\/2"}],"replies":[{"embeddable":true,"href":"https:\/\/mersinkadingazetesi.com\/index.php?rest_route=%2Fwp%2Fv2%2Fcomments&post=31723"}],"version-history":[{"count":0,"href":"https:\/\/mersinkadingazetesi.com\/index.php?rest_route=\/wp\/v2\/posts\/31723\/revisions"}],"wp:featuredmedia":[{"embeddable":true,"href":"https:\/\/mersinkadingazetesi.com\/index.php?rest_route=\/wp\/v2\/media\/31724"}],"wp:attachment":[{"href":"https:\/\/mersinkadingazetesi.com\/index.php?rest_route=%2Fwp%2Fv2%2Fmedia&parent=31723"}],"wp:term":[{"taxonomy":"category","embeddable":true,"href":"https:\/\/mersinkadingazetesi.com\/index.php?rest_route=%2Fwp%2Fv2%2Fcategories&post=31723"},{"taxonomy":"post_tag","embeddable":true,"href":"https:\/\/mersinkadingazetesi.com\/index.php?rest_route=%2Fwp%2Fv2%2Ftags&post=31723"}],"curies":[{"name":"wp","href":"https:\/\/api.w.org\/{rel}","templated":true}]}}