{"id":31726,"date":"2024-03-26T12:27:39","date_gmt":"2024-03-26T09:27:39","guid":{"rendered":"http:\/\/mersinkadingazetesi.com\/?p=31726"},"modified":"2024-03-26T12:27:39","modified_gmt":"2024-03-26T09:27:39","slug":"gencler-gencliklerini-yasayamiyor","status":"publish","type":"post","link":"https:\/\/mersinkadingazetesi.com\/?p=31726","title":{"rendered":"GEN\u00c7LER GEN\u00c7L\u0130KLER\u0130N\u0130 YA\u015eAYAMIYOR"},"content":{"rendered":"<p>CHP Toroslar Belediye Ba\u015fkan Aday\u0131 Abdurrahman Y\u0131ld\u0131z, Toroslar&#8217;da gen\u00e7lerin \u00e7eteler eliyle uyu\u015fturucu ve kumar batakl\u0131\u011f\u0131na \u00e7ekildi\u011fini, gen\u00e7liklerini ya\u015fayamad\u0131\u011f\u0131n\u0131 s\u00f6yledi. Y\u0131ld\u0131z, kad\u0131n ve gen\u00e7 i\u015fsizli\u011finin fazla oldu\u011fu Toroslar&#8217;da i\u015fsizli\u011fi \u00e7\u00f6zecek projeleri anlatt\u0131.<\/p>\n<p>CHP \/ TOROSLAR\/ MERS\u0130N- Cumhuriyet Halk Partisi Toroslar Belediye Ba\u015fkan Aday\u0131 Abdurrahman Y\u0131ld\u0131z, B\u00fcy\u00fck\u015fehir Belediye Ba\u015fkan\u0131 Vahap Se\u00e7er ile k\u00f6ylere yapt\u0131klar\u0131 gezide davul zurnalarla kar\u015f\u0131land\u0131. Demirta\u015f Mahallesi&#8217;nde se\u00e7im ofisi a\u00e7\u0131l\u0131\u015f\u0131n\u0131n bir mitinge d\u00f6n\u00fc\u015ft\u00fc\u011f\u00fcn\u00fc an\u0131msatan Y\u0131ld\u0131z, &#8220;Bu i\u015fi d\u00f6n\u00fc\u015ft\u00fcrmek isteyen bir irade olu\u015ftu&#8221; dedi.<\/p>\n<p>GEN\u00c7LER BATAKLI\u011eA \u00c7EK\u0130L\u0130YOR<\/p>\n<p>Toroslar&#8217;\u0131n kendisi ile ayn\u0131 d\u00f6nemde il\u00e7e stat\u00fcs\u00fcne kavu\u015ftu\u011fu di\u011fer il\u00e7elerin \u00e7ok gerisinde kald\u0131\u011f\u0131na i\u015faret eden Y\u0131ld\u0131z, mevcut belediye y\u00f6netiminin baz\u0131 mahalleler yokmu\u015f gibi davrand\u0131\u011f\u0131n\u0131 s\u00f6yledi.<\/p>\n<p>Yoksullu\u011fun derinden ya\u015fand\u0131\u011f\u0131 il\u00e7ede kad\u0131n ve gen\u00e7 i\u015fsizli\u011finin \u00e7ok y\u00fcksek oldu\u011funu kaydeden Y\u0131ld\u0131z, \u015funlar\u0131 s\u00f6yledi: &#8220;Toroslar&#8217;da gen\u00e7ler gen\u00e7liklerini ya\u015fayam\u0131yorlar. \u00c7eteler eliyle uyu\u015fturucu ve kumar batakl\u0131\u011f\u0131na \u00e7ekiliyorlar. Gen\u00e7lere mesleki e\u011fitim, bulma gibi destekler verecek, onlar i\u00e7in g\u00fcvenli sosyal alanlar olu\u015fturaca\u011f\u0131z. Gen\u00e7lerin arkada\u015flar\u0131 ile bula\u015fabilece\u011fi, spor yapabilece\u011fi ortamlar ve mekanlar haz\u0131rlayaca\u011f\u0131z.&#8221;<\/p>\n<p>\u0130ST\u0130HDAMA D\u00d6N\u00dcK PROJELER\u0130 HAYATA GE\u00c7\u0130RECE\u011e\u0130Z<\/p>\n<p>Toroslar&#8217;\u0131n yeni istihdam alanlar\u0131 yaratacak projelere ihtiyac\u0131 oldu\u011funu ifade eden Y\u0131ld\u0131z, &#8220;1 Nisan&#8217;dan itibaren istihdama d\u00f6n\u00fck projeleri hayata ge\u00e7irece\u011fiz. Yat\u0131r\u0131mc\u0131 yer istiyor. Ba\u015fka talepleri yok. Yat\u0131r\u0131m yapmak isteyenlerin \u00f6n\u00fcn\u00fc a\u00e7aca\u011f\u0131z. Toroslar&#8217;daki istihdam sorununu buradan \u00e7\u00f6zebiliriz. Belediyeye i\u015f\u00e7i alarak istihdam sorununun \u00e7\u00f6z\u00fclmesi m\u00fcmk\u00fcn de\u011fil&#8221; diye konu\u015ftu.<\/p>\n<p>TOROSLAR&#8217;DA EKONOM\u0130Y\u0130 CANLANDIRACA\u011eIZ<\/p>\n<p>Y\u0131ld\u0131z, tar\u0131m ve hayvanc\u0131l\u0131\u011f\u0131n da istihdam sorununun \u00e7\u00f6z\u00fclmesinde \u00f6nemli oldu\u011funa vurgu yaparak, &#8220;Ticareti, \u00fcretimi, tar\u0131m\u0131, hayvanc\u0131l\u0131\u011f\u0131, sanayiyi destekleyerek Toroslar&#8217;da ekonomiyi canland\u0131raca\u011f\u0131z. Toroslar halk\u0131n\u0131n istihdam i\u00e7in her g\u00fcn ba\u015fka il\u00e7elere ta\u015f\u0131nmas\u0131n\u0131 \u00f6nleyecek ve Toroslar&#8217;da insan onuruna yak\u0131\u015f\u0131r \u015fartlarda \u00e7al\u0131\u015f\u0131lacak sanayi siteleri kuraca\u011f\u0131z&#8221; dedi.<\/p>\n","protected":false},"excerpt":{"rendered":"<p>CHP Toroslar Belediye Ba\u015fkan Aday\u0131 Abdurrahman Y\u0131ld\u0131z, Toroslar&#8217;da gen\u00e7lerin \u00e7eteler eliyle uyu\u015fturucu ve kumar batakl\u0131\u011f\u0131na \u00e7ekildi\u011fini, gen\u00e7liklerini ya\u015fayamad\u0131\u011f\u0131n\u0131 s\u00f6yledi. Y\u0131ld\u0131z, kad\u0131n ve gen\u00e7 i\u015fsizli\u011finin fazla oldu\u011fu Toroslar&#8217;da i\u015fsizli\u011fi \u00e7\u00f6zecek projeleri anlatt\u0131. CHP \/ TOROSLAR\/ MERS\u0130N- Cumhuriyet Halk Partisi Toroslar Belediye Ba\u015fkan Aday\u0131 Abdurrahman Y\u0131ld\u0131z, B\u00fcy\u00fck\u015fehir Belediye Ba\u015fkan\u0131 Vahap Se\u00e7er ile k\u00f6ylere yapt\u0131klar\u0131 gezide davul zurnalarla [&hellip;]<\/p>\n","protected":false},"author":2,"featured_media":31727,"comment_status":"open","ping_status":"open","sticky":false,"template":"","format":"standard","meta":{"footnotes":""},"categories":[3,6],"tags":[],"class_list":["post-31726","post","type-post","status-publish","format-standard","has-post-thumbnail","hentry","category-manset","category-siyaset-2"],"views":2,"_links":{"self":[{"href":"https:\/\/mersinkadingazetesi.com\/index.php?rest_route=\/wp\/v2\/posts\/31726"}],"collection":[{"href":"https:\/\/mersinkadingazetesi.com\/index.php?rest_route=\/wp\/v2\/posts"}],"about":[{"href":"https:\/\/mersinkadingazetesi.com\/index.php?rest_route=\/wp\/v2\/types\/post"}],"author":[{"embeddable":true,"href":"https:\/\/mersinkadingazetesi.com\/index.php?rest_route=\/wp\/v2\/users\/2"}],"replies":[{"embeddable":true,"href":"https:\/\/mersinkadingazetesi.com\/index.php?rest_route=%2Fwp%2Fv2%2Fcomments&post=31726"}],"version-history":[{"count":0,"href":"https:\/\/mersinkadingazetesi.com\/index.php?rest_route=\/wp\/v2\/posts\/31726\/revisions"}],"wp:featuredmedia":[{"embeddable":true,"href":"https:\/\/mersinkadingazetesi.com\/index.php?rest_route=\/wp\/v2\/media\/31727"}],"wp:attachment":[{"href":"https:\/\/mersinkadingazetesi.com\/index.php?rest_route=%2Fwp%2Fv2%2Fmedia&parent=31726"}],"wp:term":[{"taxonomy":"category","embeddable":true,"href":"https:\/\/mersinkadingazetesi.com\/index.php?rest_route=%2Fwp%2Fv2%2Fcategories&post=31726"},{"taxonomy":"post_tag","embeddable":true,"href":"https:\/\/mersinkadingazetesi.com\/index.php?rest_route=%2Fwp%2Fv2%2Ftags&post=31726"}],"curies":[{"name":"wp","href":"https:\/\/api.w.org\/{rel}","templated":true}]}}