{"id":31735,"date":"2024-03-26T12:33:35","date_gmt":"2024-03-26T09:33:35","guid":{"rendered":"http:\/\/mersinkadingazetesi.com\/?p=31735"},"modified":"2024-03-26T12:33:35","modified_gmt":"2024-03-26T09:33:35","slug":"yenilikci-teknolojiler-buyuksehirin-takibinde","status":"publish","type":"post","link":"https:\/\/mersinkadingazetesi.com\/?p=31735","title":{"rendered":"YEN\u0130L\u0130K\u00c7\u0130 TEKNOLOJ\u0130LER B\u00dcY\u00dcK\u015eEH\u0130R&#8217;\u0130N TAK\u0130B\u0130NDE"},"content":{"rendered":"<p>K\u00fclt\u00fcrel, tarihi ve \u00f6ren yerleri, zengin mutfa\u011f\u0131 ve gastronomisi ile Akdeniz&#8217;in incisi Mersin&#8217;in, ulusal ve uluslararas\u0131 d\u00fczeyde daha geni\u015f kitlelerce tan\u0131nmas\u0131 i\u00e7in \u00e7al\u0131\u015fmalar\u0131n\u0131 s\u00fcrd\u00fcren Mersin B\u00fcy\u00fck\u015fehir, bu kez Forum AVM&#8217;de kurdu\u011fu etkinlik alan\u0131 ile vatanda\u015flar\u0131n Mersin&#8217;i yeniden ke\u015ffetmesini sa\u011flad\u0131. Bilgi \u0130\u015flem Dairesi Ba\u015fkanl\u0131\u011f\u0131 taraf\u0131ndan ger\u00e7ekle\u015ftirilen etkinlikte vatanda\u015flar, &#8216;Sanal Ger\u00e7eklik Y\u00f6ntemi ile Bili\u015fim Tabanl\u0131 Mersin Tan\u0131t\u0131m&#8217; videosunu VR g\u00f6zl\u00fcklerle izleyerek; Mersin&#8217;in tarihi, turistik ve \u00f6ren yerlerini sanal ger\u00e7eklik deneyimi ile gezme ve g\u00f6rme imk\u00e2n\u0131 buldular.<\/p>\n<p>Etkinlikte, ziyaret\u00e7iler B\u00fcy\u00fck\u015fehir&#8217;in haz\u0131rlam\u0131\u015f oldu\u011fu &#8216;Antik Mersin&#8217; projesine ait tan\u0131t\u0131m filmini izleme \u015fans\u0131 buldular. &#8216;Antik Mersin&#8217; projesi tan\u0131t\u0131m filmi; FPV drone ile yenilik\u00e7i bir yakla\u015f\u0131mla  \u00fcnl\u00fc sanat\u00e7\u0131 Mazlum Kiper taraf\u0131ndan seslendirilerek anlat\u0131lmaktad\u0131r. Vatanda\u015flar, B\u00fcy\u00fck\u015fehir&#8217;in bu uygulamas\u0131 sayesinde kenti ba\u015ftan ba\u015fa benzersiz bir deneyimleme f\u0131rsat\u0131 bulduklar\u0131 i\u00e7in memnuniyet duydular.<\/p>\n<p>\u015eener: &#8220;B\u00fcy\u00fck\u015fehir Belediyesi olarak, yenilik\u00e7i teknolojileri takip ediyoruz&#8221;<\/p>\n<p>Vatanda\u015flara sanal ger\u00e7eklikle Mersin&#8217;in bili\u015fim tabanl\u0131 tan\u0131t\u0131m\u0131n\u0131 yapt\u0131klar\u0131n\u0131 kaydeden Bilgi \u0130\u015flem Dairesi Ba\u015fkanl\u0131\u011f\u0131&#8217;nda g\u00f6rev yapan G\u00f6kt\u00fcrk \u015eener; Mersin&#8217;in tan\u0131t\u0131lmas\u0131 i\u00e7in 360 derece tan\u0131t\u0131m videolar\u0131na \u00f6nem verdiklerini belirterek, vatanda\u015flara VR g\u00f6zl\u00fckler arac\u0131l\u0131\u011f\u0131yla kenti bir ucundan bir ucuna gezme ve g\u00f6rme hissini ya\u015fatt\u0131klar\u0131n\u0131 ifade etti. Ulusal ve uluslararas\u0131 fuarlarda da Mersin&#8217;i tan\u0131tmak i\u00e7in yer ald\u0131klar\u0131n\u0131 s\u00f6yleyen \u015eener, &#8220;En son yap\u0131lan EMIT Fuar\u0131&#8217;nda da Mersin&#8217;in tan\u0131t\u0131m\u0131n\u0131 ger\u00e7ekle\u015ftirdik. &#8216;Antik Mersin&#8217; projesi tamamlanmak \u00fczere. Proje ile Mersin&#8217;in tarihi yerlerinin ill\u00fcstrasyonlar\u0131 \u00e7izilerek, tan\u0131t\u0131lmas\u0131n\u0131 sa\u011fl\u0131yoruz. Vatanda\u015flar\u0131m\u0131z, VR g\u00f6zl\u00fckleri takarak Mersin&#8217;in tarihi, turistik ve \u00f6ren yerlerini foto\u011fraf ve video ile izleme \u015fans\u0131 buluyor&#8221; dedi.<\/p>\n<p>B\u00fcy\u00fck\u015fehir Belediyesi&#8217;nin, yenilik\u00e7i teknolojileri takip eden bir belediye oldu\u011funu aktaran \u015eener, &#8220;Yapt\u0131\u011f\u0131m\u0131z projelerin s\u00fcrd\u00fcr\u00fclebilir olmas\u0131, bizim i\u00e7in \u00f6nem arz ediyor. Yeni teknolojileri takip ediyor ve bunu projelerimizde uygulayarak vatanda\u015flar\u0131m\u0131z\u0131n hizmetine sunuyoruz&#8221; diye konu\u015ftu.<\/p>\n<p>Vatanda\u015flar, Mersin&#8217;i VR g\u00f6zl\u00fckler sayesinde yeniden ke\u015ffetti<\/p>\n<p>Vatanda\u015flardan Selin K\u0131rm\u0131z\u0131, yap\u0131lan etkinli\u011fi \u00e7ok be\u011fendi\u011fini s\u00f6yleyerek, &#8220;Harikayd\u0131 ve videoyu izlerken u\u00e7uyormu\u015f gibi hissediyorsun. Daha \u00f6nce g\u00f6rmedi\u011fim yerleri g\u00f6rd\u00fcm. Tarsus \u015eelalesi&#8217;ni \u00e7ok merak ediyordum. Gitmemize gerek kalmadan, sanki oradaym\u0131\u015f\u0131m gibi hissettim. \u00c7ok be\u011fendim ve herkese tavsiye ediyorum&#8221; dedi.<\/p>\n<p>Etkinli\u011fe kat\u0131lan \u00e7ocuklardan \u00c7a\u011fan \u00c7eki\u00e7 ise, &#8220;\u00c7ok g\u00fczeldi. Mersin&#8217;in an\u0131tlar\u0131 vard\u0131. \u00c7ok b\u00fcy\u00fcleyiciydi. Bug\u00fcn g\u00fczel ve de\u011fi\u015fik bir deneyim ya\u015fad\u0131m&#8221; diye konu\u015ftu.<\/p>\n<p>Vatanda\u015flardan Suphi Ekinci de etkinlikten \u00e7ok memnun kald\u0131\u011f\u0131n\u0131 belirterek, &#8220;Bu ekonomik \u015fartlarda bir yerlere gidemiyorduk, ama Mersin&#8217;i aya\u011f\u0131m\u0131za kadar getirmi\u015f oldular. \u00c7ok mutlu oldum. Para versem b\u00f6yle bir deneyim ya\u015fayamazd\u0131m&#8221; ifadelerini kulland\u0131.<\/p>\n<p>Tarsus&#8217;tan gelen Ali R\u0131za Bi\u00e7er ise, Mersin&#8217;in muazzam bir \u015fehir oldu\u011funu aktararak, &#8220;Ben bu \u015fehirde do\u011fdum ve b\u00fcy\u00fcd\u00fcm.  Bu \u015fehre a\u015f\u0131k biriyim, ancak daha \u00f6nce g\u00f6rmedi\u011fim yerleri g\u00f6rd\u00fcm. \u00c7ok g\u00fczel bir etkinlik oldu&#8221; dedi.<\/p>\n<p>Vatanda\u015flardan Bar\u0131\u015f K\u00fc\u00e7\u00fck\u00f6ner ise, b\u00f6yle etkinlikler sayesinde Mersin&#8217;in tan\u0131t\u0131ld\u0131\u011f\u0131n\u0131 ifade ederek, &#8220;Benim i\u00e7in \u00e7ok farkl\u0131 bir deneyim oldu. Mersin&#8217;e yukar\u0131dan, a\u015fa\u011f\u0131dan bakmak \u00e7ok de\u011fi\u015fik bir hissiyat verdi&#8221; diye konu\u015ftu.<\/p>\n","protected":false},"excerpt":{"rendered":"<p>K\u00fclt\u00fcrel, tarihi ve \u00f6ren yerleri, zengin mutfa\u011f\u0131 ve gastronomisi ile Akdeniz&#8217;in incisi Mersin&#8217;in, ulusal ve uluslararas\u0131 d\u00fczeyde daha geni\u015f kitlelerce tan\u0131nmas\u0131 i\u00e7in \u00e7al\u0131\u015fmalar\u0131n\u0131 s\u00fcrd\u00fcren Mersin B\u00fcy\u00fck\u015fehir, bu kez Forum AVM&#8217;de kurdu\u011fu etkinlik alan\u0131 ile vatanda\u015flar\u0131n Mersin&#8217;i yeniden ke\u015ffetmesini sa\u011flad\u0131. Bilgi \u0130\u015flem Dairesi Ba\u015fkanl\u0131\u011f\u0131 taraf\u0131ndan ger\u00e7ekle\u015ftirilen etkinlikte vatanda\u015flar, &#8216;Sanal Ger\u00e7eklik Y\u00f6ntemi ile Bili\u015fim Tabanl\u0131 Mersin Tan\u0131t\u0131m&#8217; [&hellip;]<\/p>\n","protected":false},"author":2,"featured_media":31736,"comment_status":"open","ping_status":"open","sticky":false,"template":"","format":"standard","meta":{"footnotes":""},"categories":[3,11],"tags":[],"class_list":["post-31735","post","type-post","status-publish","format-standard","has-post-thumbnail","hentry","category-manset","category-teknoloji"],"views":12,"_links":{"self":[{"href":"https:\/\/mersinkadingazetesi.com\/index.php?rest_route=\/wp\/v2\/posts\/31735"}],"collection":[{"href":"https:\/\/mersinkadingazetesi.com\/index.php?rest_route=\/wp\/v2\/posts"}],"about":[{"href":"https:\/\/mersinkadingazetesi.com\/index.php?rest_route=\/wp\/v2\/types\/post"}],"author":[{"embeddable":true,"href":"https:\/\/mersinkadingazetesi.com\/index.php?rest_route=\/wp\/v2\/users\/2"}],"replies":[{"embeddable":true,"href":"https:\/\/mersinkadingazetesi.com\/index.php?rest_route=%2Fwp%2Fv2%2Fcomments&post=31735"}],"version-history":[{"count":0,"href":"https:\/\/mersinkadingazetesi.com\/index.php?rest_route=\/wp\/v2\/posts\/31735\/revisions"}],"wp:featuredmedia":[{"embeddable":true,"href":"https:\/\/mersinkadingazetesi.com\/index.php?rest_route=\/wp\/v2\/media\/31736"}],"wp:attachment":[{"href":"https:\/\/mersinkadingazetesi.com\/index.php?rest_route=%2Fwp%2Fv2%2Fmedia&parent=31735"}],"wp:term":[{"taxonomy":"category","embeddable":true,"href":"https:\/\/mersinkadingazetesi.com\/index.php?rest_route=%2Fwp%2Fv2%2Fcategories&post=31735"},{"taxonomy":"post_tag","embeddable":true,"href":"https:\/\/mersinkadingazetesi.com\/index.php?rest_route=%2Fwp%2Fv2%2Ftags&post=31735"}],"curies":[{"name":"wp","href":"https:\/\/api.w.org\/{rel}","templated":true}]}}