{"id":31738,"date":"2024-03-26T12:34:23","date_gmt":"2024-03-26T09:34:23","guid":{"rendered":"http:\/\/mersinkadingazetesi.com\/?p=31738"},"modified":"2024-03-26T12:34:23","modified_gmt":"2024-03-26T09:34:23","slug":"serdar-soydan-kiraya-milyonlarca-lira-harcayan-belediye-mi-kira-yardimi-yapacak","status":"publish","type":"post","link":"https:\/\/mersinkadingazetesi.com\/?p=31738","title":{"rendered":"Serdar Soydan: &#8220;Kiraya Milyonlarca lira harcayan Belediye mi kira yard\u0131m\u0131 yapacak?&#8221;"},"content":{"rendered":"<p>Cumhur \u0130ttifak\u0131 Mersin B\u00fcy\u00fck\u015fehir Belediye Ba\u015fkan Aday\u0131 Serdar Soydan, Mersin B\u00fcy\u00fck\u015fehir Belediyesinin sosyal yard\u0131mlara ay\u0131rd\u0131\u011f\u0131 pay\u0131n, b\u00fct\u00e7esinin y\u00fczde 2&#8217;si oldu\u011funu belirterek, &#8220;Reklam panolar\u0131nda dar gelirli vatanda\u015flara kira deste\u011fi, sosyal konut yapaca\u011f\u0131n\u0131 s\u00f6yleyen B\u00fcy\u00fck\u015fehir Belediyesinin kendisi kiradan kurtulamam\u0131\u015f, kendi binas\u0131 dahil olmak \u00fczere \u00e7ok say\u0131da yere kiralar \u00f6d\u00fcyor. \u015euan Mersin&#8217;de bir alg\u0131 belediyecili\u011fi var. Biz vaat etmiyor, yap\u0131yoruz. Sosyal konutlar\u0131n yap\u0131labilece\u011fini Cumhur \u0130ttifak\u0131 ile Akdeniz ve Silifke \u0130l\u00e7elerimizde g\u00f6sterdik. Cumhur \u0130ttifak\u0131n\u0131n g\u00fcc\u00fc ile kentimizin her bir k\u00f6\u015fesine hizmet g\u00f6t\u00fcrece\u011fiz.&#8221; Dedi. <\/p>\n<p>&#8220;Kiraya verilen paralar ile Belediye kamp\u00fcs\u00fc yap\u0131l\u0131rd\u0131&#8221; <\/p>\n<p>B\u00fcy\u00fck\u015fehir Belediyesinin yeni hizmet binas\u0131n\u0131n yeni yerini de ele\u015ftiren Serdar Soydan, \u015funlar\u0131 s\u00f6yledi: &#8220;Senelerdir at\u0131l duran bir al\u0131\u015fveri\u015f merkezine yap\u0131lan masraf\u0131n belgeleri bizde var. Ayn\u0131 paraya Orman B\u00f6lge M\u00fcd\u00fcrl\u00fc\u011f\u00fc kendine kamp\u00fcs yapt\u0131. Bir belediyenin kamp\u00fcs\u00fc olmas\u0131 laz\u0131m. Vatanda\u015f geldi\u011finde i\u015fini rahatl\u0131kla yaps\u0131n, arac\u0131n\u0131 park etsin. Haydi gidelim \u00c7aml\u0131bel&#8217;e nereye park edeceksiniz! B\u00fcy\u00fck\u015fehir belediyesi g\u00fc\u00e7l\u00fc bir belediye ama maalesef bir alg\u0131 belediyecili\u011fi var. Yerel y\u00f6netim, dar gelirli vatanda\u015f\u0131n\u0131n yan\u0131nda olmal\u0131. O reklam afi\u015flerinde veya sosyal medyada g\u00f6rd\u00fc\u011f\u00fcn\u00fcz yard\u0131mlar b\u00fct\u00e7enin sadece y\u00fczde 2&#8217;si. Ben ele\u015ftiri yap\u0131yorum, ele\u015ftiri do\u011fruyu getirir. Bana olsa, bende kabullenirim. Y\u00f6neticinin kibir ve egodan uzak olmas\u0131 laz\u0131m. &#8221; <\/p>\n<p>&#8220;Soysal konutlar\u0131 biz yapt\u0131k, yine yapaca\u011f\u0131z&#8221;<\/p>\n<p>Serdar Soydan, g\u00f6reve geldiklerinde ihtiya\u00e7 sahibi aileler i\u00e7in uygun fiyatl\u0131 ve \u00f6deme kolayl\u0131\u011f\u0131 ile Diren\u00e7li \u015eehir Mersin Konutlar\u0131 projesini yapacaklar\u0131n\u0131 belirterek. &#8220;Biz vaat etmiyor, yap\u0131yoruz. Sosyal konutlar\u0131n yap\u0131labilece\u011fini Cumhur \u0130ttifak\u0131 ile Akdeniz ve Silifke \u0130l\u00e7elerimizde g\u00f6sterdik.Cumhur \u0130ttifak\u0131n\u0131n g\u00fcc\u00fc ile kentimizin her bir k\u00f6\u015fesine hizmet g\u00f6t\u00fcrece\u011fiz.&#8221;Dedi. <\/p>\n<p>&#8220;Vatanda\u015flar\u0131m\u0131za yeni bir ya\u015fam kap\u0131s\u0131 sunaca\u011f\u0131z&#8221;<\/p>\n<p>&#8220;Vatanda\u015flar\u0131m\u0131z\u0131n yeni bir ya\u015fam kap\u0131s\u0131n\u0131 aralamalar\u0131 i\u00e7in \u00e7aba sarf edece\u011fiz&#8221; diyen Soydan, &#8220;Mersin ne yaz\u0131k ki uzun y\u0131llardan beri eski yap\u0131 sto\u011funun esiri olmu\u015ftur. Daha modern \u015fartlarda vatanda\u015flar\u0131m\u0131z\u0131n ikamet etme ve ya\u015fama hakk\u0131 oldu\u011funun bilinciyle hareket ediyoruz. Bu bilin\u00e7le belediyemiz vatanda\u015flar\u0131m\u0131z\u0131n sosyal bir ortamda daha huzurlu ve mutlu ya\u015fayabilmesi i\u00e7in ba\u015fta ihtiya\u00e7 sahibi ailelerimiz i\u00e7in sosyal konut hamlesiyle vatanda\u015flara uygun fiyatl\u0131 konutlar sa\u011flamak i\u00e7in t\u00fcm giri\u015fimleri ba\u015flatacakt\u0131r&#8221; dedi.<\/p>\n","protected":false},"excerpt":{"rendered":"<p>Cumhur \u0130ttifak\u0131 Mersin B\u00fcy\u00fck\u015fehir Belediye Ba\u015fkan Aday\u0131 Serdar Soydan, Mersin B\u00fcy\u00fck\u015fehir Belediyesinin sosyal yard\u0131mlara ay\u0131rd\u0131\u011f\u0131 pay\u0131n, b\u00fct\u00e7esinin y\u00fczde 2&#8217;si oldu\u011funu belirterek, &#8220;Reklam panolar\u0131nda dar gelirli vatanda\u015flara kira deste\u011fi, sosyal konut yapaca\u011f\u0131n\u0131 s\u00f6yleyen B\u00fcy\u00fck\u015fehir Belediyesinin kendisi kiradan kurtulamam\u0131\u015f, kendi binas\u0131 dahil olmak \u00fczere \u00e7ok say\u0131da yere kiralar \u00f6d\u00fcyor. \u015euan Mersin&#8217;de bir alg\u0131 belediyecili\u011fi var. Biz vaat [&hellip;]<\/p>\n","protected":false},"author":2,"featured_media":31739,"comment_status":"open","ping_status":"open","sticky":false,"template":"","format":"standard","meta":{"footnotes":""},"categories":[3,6],"tags":[],"class_list":["post-31738","post","type-post","status-publish","format-standard","has-post-thumbnail","hentry","category-manset","category-siyaset-2"],"views":2,"_links":{"self":[{"href":"https:\/\/mersinkadingazetesi.com\/index.php?rest_route=\/wp\/v2\/posts\/31738"}],"collection":[{"href":"https:\/\/mersinkadingazetesi.com\/index.php?rest_route=\/wp\/v2\/posts"}],"about":[{"href":"https:\/\/mersinkadingazetesi.com\/index.php?rest_route=\/wp\/v2\/types\/post"}],"author":[{"embeddable":true,"href":"https:\/\/mersinkadingazetesi.com\/index.php?rest_route=\/wp\/v2\/users\/2"}],"replies":[{"embeddable":true,"href":"https:\/\/mersinkadingazetesi.com\/index.php?rest_route=%2Fwp%2Fv2%2Fcomments&post=31738"}],"version-history":[{"count":0,"href":"https:\/\/mersinkadingazetesi.com\/index.php?rest_route=\/wp\/v2\/posts\/31738\/revisions"}],"wp:featuredmedia":[{"embeddable":true,"href":"https:\/\/mersinkadingazetesi.com\/index.php?rest_route=\/wp\/v2\/media\/31739"}],"wp:attachment":[{"href":"https:\/\/mersinkadingazetesi.com\/index.php?rest_route=%2Fwp%2Fv2%2Fmedia&parent=31738"}],"wp:term":[{"taxonomy":"category","embeddable":true,"href":"https:\/\/mersinkadingazetesi.com\/index.php?rest_route=%2Fwp%2Fv2%2Fcategories&post=31738"},{"taxonomy":"post_tag","embeddable":true,"href":"https:\/\/mersinkadingazetesi.com\/index.php?rest_route=%2Fwp%2Fv2%2Ftags&post=31738"}],"curies":[{"name":"wp","href":"https:\/\/api.w.org\/{rel}","templated":true}]}}