{"id":31741,"date":"2024-03-26T12:36:34","date_gmt":"2024-03-26T09:36:34","guid":{"rendered":"http:\/\/mersinkadingazetesi.com\/?p=31741"},"modified":"2024-03-26T12:36:34","modified_gmt":"2024-03-26T09:36:34","slug":"chpli-tuncer-toplumun-nabzini-tutmak-icin-sahada-olacaklarini-soyledi","status":"publish","type":"post","link":"https:\/\/mersinkadingazetesi.com\/?p=31741","title":{"rendered":"CHP&#8217;li Tuncer, toplumun nabz\u0131n\u0131 tutmak i\u00e7in sahada olacaklar\u0131n\u0131 s\u00f6yledi"},"content":{"rendered":"<p>CHP Mezitli Belediye Ba\u015fkan Aday\u0131 Ahmet Serkan Tuncer, yerel y\u00f6netim anlay\u0131\u015flar\u0131n\u0131n kat\u0131l\u0131m, uzla\u015f\u0131 ve i\u015fbirli\u011fi oldu\u011funa vurgu yaparak, &#8220;Sorunlar\u0131, yurtta\u015flar\u0131n kat\u0131l\u0131m\u0131n\u0131 sa\u011flayarak; birlikte \u00e7\u00f6z\u00fcm \u00fcretece\u011fiz&#8221; dedi.<\/p>\n<p>Cumhuriyet Halk Partisi Mezitli Belediye Ba\u015fkan Aday\u0131 Ahmet Serkan Tuncer, Mersin B\u00fcy\u00fck\u015fehir Belediye Ba\u015fkan\u0131 Vahap Se\u00e7er, Mersin milletvekilleri G\u00fclcan K\u0131\u015f ve Talat Din\u00e7er, CHP Mezitli \u0130l\u00e7e Ba\u015fkan\u0131 Ula\u015f Y\u0131lmaz ile birlikte Mezitli Esnaf Kredi Kooperatifini ziyaret etti. 75. Y\u0131l Mahallesi ve Merkez Mahallesi&#8217;nde de pazar yerlerini ziyaret eden Tuncer, hem esnaf\u0131, hem de mahalle sakinlerini dinledi.<\/p>\n<p>G\u00dc\u00c7L\u00dc ESNAF, G\u00dc\u00c7L\u00dc B\u0130R TOPLUMDUR<br \/>\nCumhuriyet Mahallesi&#8217;nde de vatanda\u015flarla bir araya gelen Tuncer, Mezitli&#8217;mizin unutulan mahallelerinin \u00f6nemli konular\u0131n\u0131 konu\u015ftu, projelerini anlatt\u0131. Tuncer, toplumun nabz\u0131n\u0131 tutmak i\u00e7in sahada olmaya devam edeceklerini s\u00f6yledi.<br \/>\nKat\u0131l\u0131m, uzla\u015f\u0131 ve i\u015fbirli\u011finin yerel y\u00f6netim anlay\u0131\u015flar\u0131n\u0131n temeli oldu\u011funa i\u015faret eden Tuncer, \u015f\u00f6yle devam etti: &#8220;Hem B\u00fcy\u00fck\u015fehir hem de Mezitli Belediyesi olarak, esnaf\u0131m\u0131za sa\u011flam bir destek s\u00f6z\u00fc veriyoruz. \u00c7\u00fcnk\u00fc g\u00fc\u00e7l\u00fc bir esnaf, g\u00fc\u00e7l\u00fc bir toplum demektir. Sorunlar\u0131, yurtta\u015flar\u0131n kat\u0131l\u0131m\u0131n\u0131 sa\u011flayarak; birlikte \u00e7\u00f6z\u00fcm \u00fcretece\u011fiz.&#8221;<\/p>\n","protected":false},"excerpt":{"rendered":"<p>CHP Mezitli Belediye Ba\u015fkan Aday\u0131 Ahmet Serkan Tuncer, yerel y\u00f6netim anlay\u0131\u015flar\u0131n\u0131n kat\u0131l\u0131m, uzla\u015f\u0131 ve i\u015fbirli\u011fi oldu\u011funa vurgu yaparak, &#8220;Sorunlar\u0131, yurtta\u015flar\u0131n kat\u0131l\u0131m\u0131n\u0131 sa\u011flayarak; birlikte \u00e7\u00f6z\u00fcm \u00fcretece\u011fiz&#8221; dedi. Cumhuriyet Halk Partisi Mezitli Belediye Ba\u015fkan Aday\u0131 Ahmet Serkan Tuncer, Mersin B\u00fcy\u00fck\u015fehir Belediye Ba\u015fkan\u0131 Vahap Se\u00e7er, Mersin milletvekilleri G\u00fclcan K\u0131\u015f ve Talat Din\u00e7er, CHP Mezitli \u0130l\u00e7e Ba\u015fkan\u0131 Ula\u015f Y\u0131lmaz [&hellip;]<\/p>\n","protected":false},"author":2,"featured_media":31742,"comment_status":"open","ping_status":"open","sticky":false,"template":"","format":"standard","meta":{"footnotes":""},"categories":[3,6],"tags":[],"class_list":["post-31741","post","type-post","status-publish","format-standard","has-post-thumbnail","hentry","category-manset","category-siyaset-2"],"views":3,"_links":{"self":[{"href":"https:\/\/mersinkadingazetesi.com\/index.php?rest_route=\/wp\/v2\/posts\/31741"}],"collection":[{"href":"https:\/\/mersinkadingazetesi.com\/index.php?rest_route=\/wp\/v2\/posts"}],"about":[{"href":"https:\/\/mersinkadingazetesi.com\/index.php?rest_route=\/wp\/v2\/types\/post"}],"author":[{"embeddable":true,"href":"https:\/\/mersinkadingazetesi.com\/index.php?rest_route=\/wp\/v2\/users\/2"}],"replies":[{"embeddable":true,"href":"https:\/\/mersinkadingazetesi.com\/index.php?rest_route=%2Fwp%2Fv2%2Fcomments&post=31741"}],"version-history":[{"count":0,"href":"https:\/\/mersinkadingazetesi.com\/index.php?rest_route=\/wp\/v2\/posts\/31741\/revisions"}],"wp:featuredmedia":[{"embeddable":true,"href":"https:\/\/mersinkadingazetesi.com\/index.php?rest_route=\/wp\/v2\/media\/31742"}],"wp:attachment":[{"href":"https:\/\/mersinkadingazetesi.com\/index.php?rest_route=%2Fwp%2Fv2%2Fmedia&parent=31741"}],"wp:term":[{"taxonomy":"category","embeddable":true,"href":"https:\/\/mersinkadingazetesi.com\/index.php?rest_route=%2Fwp%2Fv2%2Fcategories&post=31741"},{"taxonomy":"post_tag","embeddable":true,"href":"https:\/\/mersinkadingazetesi.com\/index.php?rest_route=%2Fwp%2Fv2%2Ftags&post=31741"}],"curies":[{"name":"wp","href":"https:\/\/api.w.org\/{rel}","templated":true}]}}