{"id":31750,"date":"2024-03-27T12:38:22","date_gmt":"2024-03-27T09:38:22","guid":{"rendered":"http:\/\/mersinkadingazetesi.com\/?p=31750"},"modified":"2024-03-27T12:38:22","modified_gmt":"2024-03-27T09:38:22","slug":"soz-de-yetki-de-karar-da-toroslar-halkinin-olacak","status":"publish","type":"post","link":"https:\/\/mersinkadingazetesi.com\/?p=31750","title":{"rendered":"S\u00d6Z DE YETK\u0130 DE KARAR DA TOROSLAR HALKININ OLACAK"},"content":{"rendered":"<p>CHP Toroslar Belediye Ba\u015fkan Aday\u0131 Abdurrahman Y\u0131ld\u0131z, belediye b\u00fct\u00e7elerinin emek\u00e7inin al\u0131n teriyle kazand\u0131\u011f\u0131 paralardan kesilen vergiler ile olu\u015ftu\u011funa vurgu yaparak, &#8220;Bize verilecek yetkinin as\u0131l sahibinin b\u00fct\u00fcn halk\u0131m\u0131z oldu\u011funu biliyoruz. S\u00f6z de yetki de karar da ger\u00e7ek anlamda Toroslar halk\u0131n\u0131n olacak&#8221; dedi.<\/p>\n<p>CHP \/ TOROSLAR\/ MERS\u0130N- Cumhuriyet Halk Partisi Toroslar Belediye Ba\u015fkan Aday\u0131 Abdurrahman Y\u0131ld\u0131z, Mersin Tarsus Organize Sanayi B\u00f6lgesi (MTOSB) Y\u00f6netim Kurulu Ba\u015fkan\u0131 Sabri Tekli ve MTOSB Y\u00f6netimini ziyaret etti. Toroslar&#8217;\u0131n sahip oldu\u011fu potansiyeli anlatan Y\u0131ld\u0131z, Toroslar&#8217;da yat\u0131r\u0131mc\u0131n\u0131n \u00f6n\u00fcn\u00fc a\u00e7acaklar\u0131 projelerini payla\u015ft\u0131. Y\u0131ld\u0131z, daha sonra Organize Sanayi B\u00f6lgesi&#8217;nde i\u015f\u00e7ilerle bulu\u015ftu.<\/p>\n<p>TOROSLAR&#8217;I ELB\u0130RL\u0130\u011e\u0130 \u0130LE YEN\u0130DEN KURALIM<\/p>\n<p>Toroslar&#8217;\u0131n kimsenin kimseyi \u00f6tekile\u015ftirmedi\u011fi alicenap bir kent oldu\u011funa i\u015faret eden Y\u0131ld\u0131z, ancak 30 y\u0131ld\u0131r makus talihini yenemedi\u011fini s\u00f6yledi. &#8220;1 Nisan sabah\u0131ndan itibaren Toroslar&#8217;\u0131 elbirli\u011fi ile yeniden kural\u0131m&#8221; \u00e7a\u011fr\u0131s\u0131 yapan Y\u0131ld\u0131z, &#8220;Bizim buna g\u00fcc\u00fcm\u00fcz yeter. Bizim buna akl\u0131m\u0131z da vizyonumuz da yeter. Bizim buna param\u0131z da yeter. Bu para halk\u0131n paras\u0131. Belediyede de kamuda da kimse babas\u0131n\u0131n miras\u0131n\u0131 getirmiyor. Sizin al\u0131n terinizle kazand\u0131\u011f\u0131n\u0131z paralardan kesilen vergiler ile belediyelerin b\u00fct\u00e7esi olu\u015fturuluyor.  Asl\u0131nda bu para hepimizin paras\u0131&#8221; diye konu\u015ftu.<\/p>\n<p>ZENG\u0130NL\u0130K B\u0130ZE H\u0130ZMET OLARAK D\u00d6NMED\u0130<\/p>\n<p>Kendisine verilecek yetkiyi vicdanla kullanaca\u011f\u0131n\u0131 vurgulayan Y\u0131ld\u0131z, \u015f\u00f6yle devam etti: &#8220;Toroslar&#8217;\u0131 bug\u00fcne kadar vicdan sahibi bir ak\u0131l y\u00f6netmedi\u011fi i\u00e7in bu kadar b\u00fcy\u00fck zenginlik bize hizmet olarak d\u00f6nmedi. Kalk\u0131nma olarak, sosyal destek olarak d\u00f6nmedi. Bizim bu zenginlikle di\u011fer il\u00e7elerden \u00e7ok daha ileriye gitmemiz laz\u0131md\u0131. Hem\u015ferilerimizin bize emanet etti\u011fi yetkiyi s\u00f6z verdi\u011fimiz \u015fekilde, s\u00f6z verdi\u011fimiz d\u00fcr\u00fcstl\u00fckle, s\u00f6z verdi\u011fimiz prensiplerle ve vicdanla kullanaca\u011f\u0131z. Bize verilecek yetkinin as\u0131l sahibinin b\u00fct\u00fcn halk\u0131m\u0131z oldu\u011funu biliyoruz. S\u00f6z de yetki de karar da ger\u00e7ek anlamda Toroslar halk\u0131n\u0131n olacak.&#8221;<\/p>\n","protected":false},"excerpt":{"rendered":"<p>CHP Toroslar Belediye Ba\u015fkan Aday\u0131 Abdurrahman Y\u0131ld\u0131z, belediye b\u00fct\u00e7elerinin emek\u00e7inin al\u0131n teriyle kazand\u0131\u011f\u0131 paralardan kesilen vergiler ile olu\u015ftu\u011funa vurgu yaparak, &#8220;Bize verilecek yetkinin as\u0131l sahibinin b\u00fct\u00fcn halk\u0131m\u0131z oldu\u011funu biliyoruz. S\u00f6z de yetki de karar da ger\u00e7ek anlamda Toroslar halk\u0131n\u0131n olacak&#8221; dedi. CHP \/ TOROSLAR\/ MERS\u0130N- Cumhuriyet Halk Partisi Toroslar Belediye Ba\u015fkan Aday\u0131 Abdurrahman Y\u0131ld\u0131z, Mersin [&hellip;]<\/p>\n","protected":false},"author":2,"featured_media":31751,"comment_status":"open","ping_status":"open","sticky":false,"template":"","format":"standard","meta":{"footnotes":""},"categories":[3,6],"tags":[],"class_list":["post-31750","post","type-post","status-publish","format-standard","has-post-thumbnail","hentry","category-manset","category-siyaset-2"],"views":4,"_links":{"self":[{"href":"https:\/\/mersinkadingazetesi.com\/index.php?rest_route=\/wp\/v2\/posts\/31750"}],"collection":[{"href":"https:\/\/mersinkadingazetesi.com\/index.php?rest_route=\/wp\/v2\/posts"}],"about":[{"href":"https:\/\/mersinkadingazetesi.com\/index.php?rest_route=\/wp\/v2\/types\/post"}],"author":[{"embeddable":true,"href":"https:\/\/mersinkadingazetesi.com\/index.php?rest_route=\/wp\/v2\/users\/2"}],"replies":[{"embeddable":true,"href":"https:\/\/mersinkadingazetesi.com\/index.php?rest_route=%2Fwp%2Fv2%2Fcomments&post=31750"}],"version-history":[{"count":0,"href":"https:\/\/mersinkadingazetesi.com\/index.php?rest_route=\/wp\/v2\/posts\/31750\/revisions"}],"wp:featuredmedia":[{"embeddable":true,"href":"https:\/\/mersinkadingazetesi.com\/index.php?rest_route=\/wp\/v2\/media\/31751"}],"wp:attachment":[{"href":"https:\/\/mersinkadingazetesi.com\/index.php?rest_route=%2Fwp%2Fv2%2Fmedia&parent=31750"}],"wp:term":[{"taxonomy":"category","embeddable":true,"href":"https:\/\/mersinkadingazetesi.com\/index.php?rest_route=%2Fwp%2Fv2%2Fcategories&post=31750"},{"taxonomy":"post_tag","embeddable":true,"href":"https:\/\/mersinkadingazetesi.com\/index.php?rest_route=%2Fwp%2Fv2%2Ftags&post=31750"}],"curies":[{"name":"wp","href":"https:\/\/api.w.org\/{rel}","templated":true}]}}