{"id":31753,"date":"2024-03-27T12:39:57","date_gmt":"2024-03-27T09:39:57","guid":{"rendered":"http:\/\/mersinkadingazetesi.com\/?p=31753"},"modified":"2024-03-27T12:39:57","modified_gmt":"2024-03-27T09:39:57","slug":"oz-birlikte-basaracagiz-birlikte-kazanacagiz","status":"publish","type":"post","link":"https:\/\/mersinkadingazetesi.com\/?p=31753","title":{"rendered":"\u00d6z: &#8220;Birlikte ba\u015faraca\u011f\u0131z, birlikte kazanaca\u011f\u0131z&#8221;"},"content":{"rendered":"<p>Cumhur \u0130ttifak\u0131 Toroslar Belediye Ba\u015fkan Aday\u0131 Dr. Ali \u00d6z, &#8220;Toroslar biziz, biz Toroslar\u0131z. Birlikte ba\u015faraca\u011f\u0131z, birlikte kazanaca\u011f\u0131z. Azimle, bilimle, ger\u00e7eklikle, \u00fcreterek, kad\u0131nlar i\u00e7in, gen\u00e7ler i\u00e7in k\u0131sacas\u0131 Toroslar i\u00e7in var g\u00fcc\u00fcm\u00fczle \u00e7al\u0131\u015faca\u011f\u0131z. En \u00f6nemlisi de Toroslar&#8217;\u0131 birlikte y\u00f6netece\u011fiz&#8221; dedi.<\/p>\n<p>Cumhur \u0130ttifak\u0131 Toroslar Belediye Ba\u015fkan Aday\u0131 Dr. Ali \u00d6z, se\u00e7im \u00e7al\u0131\u015fmas\u0131 kapsam\u0131nda il\u00e7eye ba\u011fl\u0131 k\u0131rsal mahallelere \u00e7\u0131karma yapt\u0131. Beraberinde MHP Mersin \u0130l Ba\u015fkan Yard\u0131mc\u0131s\u0131 Salih Bayraktar, \u00dclk\u00fc Ocaklar\u0131 Mersin \u0130l Ba\u015fkan\u0131 Celal Emre G\u00fcl, AK Parti Toroslar \u0130l\u00e7e Ba\u015fkan\u0131 Ferdi \u00c7okkeser ve MHP Toroslar \u0130l\u00e7e Ba\u015fkan\u0131 Osman Mete Y\u0131ld\u0131z ile birlikte \u00c7and\u0131r, \u015eahinp\u0131nar\u0131, Dalakderesi, Evrenli, Musal\u0131, \u00c7elebili ve Arpa\u00e7sakarlar mahallelerini ziyaret eden \u00d6z projelerini anlatarak destek istedi. Adaklar kesilerek kar\u015f\u0131lanan \u00d6z, Y\u00f6r\u00fckler taraf\u0131ndan yo\u011fun ilgi g\u00f6rd\u00fc. Y\u00f6r\u00fcklerin kendisine g\u00f6sterdi\u011fi ilgi kar\u015f\u0131s\u0131nda duyguland\u0131\u011f\u0131n\u0131 ifade eden \u00d6z, vatanda\u015flardan sand\u0131\u011fa gittikleri zaman ayn\u0131 deste\u011fi Cumhur \u0130ttifak\u0131 B\u00fcy\u00fck\u015fehir Belediye Ba\u015fkan Aday\u0131 Serdar Soydan&#8217;a da vermelerini istedi.<\/p>\n<p>&#8220;TOROSLAR B\u0130Z\u0130Z, B\u0130Z TOROSLARIZ&#8221;<\/p>\n<p>31 Mart&#8217;ta yap\u0131lacak olan yerel se\u00e7imlere k\u0131sa bir s\u00fcre kalmas\u0131na ra\u011fmen \u00e7al\u0131\u015fmalar\u0131na ara vermeksizin devam eden \u00d6z, gitti\u011fi her mahallede vatanda\u015ftan b\u00fcy\u00fck ilgi g\u00f6r\u00fcyor. \u00d6z, son olarak Y\u00f6r\u00fckler diyar\u0131 olan Toroslar il\u00e7esinin k\u0131rsal mahallelerini ziyaret etti. Se\u00e7ildi\u011fi takdirde hayata ge\u00e7irece\u011fi projeleri anlatan \u00d6z, vatanda\u015ftan destek isteyerek, &#8220;Toroslar biziz, biz Toroslar\u0131z. Toroslar&#8217;\u0131n her bir kar\u0131\u015f\u0131n\u0131 da sorunlar\u0131n\u0131 da \u00e7ok iyi biliyoruz. 1 Nisan&#8217;dan itibaren Allah&#8217;\u0131n izniyle vakit kaybetmeden projelerimizi hayata ge\u00e7irece\u011fiz&#8221; \u015feklinde konu\u015ftu.<\/p>\n<p>&#8220;TOROSLAR&#8217;I B\u0130RL\u0130KTE Y\u00d6NETECE\u011e\u0130Z&#8221;<\/p>\n<p>Gencinden ya\u015fl\u0131s\u0131na, kad\u0131ndan erke\u011fine Toroslar&#8217;\u0131 hep birlikte y\u00f6neteceklerinin alt\u0131n\u0131 \u00e7izen \u00d6z, &#8220;Birlikte ba\u015faraca\u011f\u0131z, birlikte kazanaca\u011f\u0131z. Azimle, bilimle, ger\u00e7eklikle, \u00fcreterek, kad\u0131nlar i\u00e7in, gen\u00e7ler i\u00e7in k\u0131sacas\u0131 Toroslar i\u00e7in var g\u00fcc\u00fcm\u00fczle \u00e7al\u0131\u015faca\u011f\u0131z. En \u00f6nemlisi de sevdal\u0131s\u0131 oldu\u011fumuz Toroslar&#8217;\u0131 birlikte y\u00f6netece\u011fiz. Toroslar&#8217;\u0131n t\u00fcm mahallesine e\u015fit hizmet g\u00f6t\u00fcrece\u011fiz. Bizim d\u00f6nemimizde hi\u00e7bir vatanda\u015f\u0131m\u0131z bize hizmet gelmedi demeyecek. Sizlerin bir abisi, karde\u015fi olarak hepinize s\u00f6z veriyorum. Toroslar&#8217;da ayr\u0131\u015ft\u0131ran de\u011fil, birle\u015ftiren hizmet anlay\u0131\u015f\u0131yla \u00e7al\u0131\u015faca\u011f\u0131z&#8221; dedi.<\/p>\n","protected":false},"excerpt":{"rendered":"<p>Cumhur \u0130ttifak\u0131 Toroslar Belediye Ba\u015fkan Aday\u0131 Dr. Ali \u00d6z, &#8220;Toroslar biziz, biz Toroslar\u0131z. Birlikte ba\u015faraca\u011f\u0131z, birlikte kazanaca\u011f\u0131z. Azimle, bilimle, ger\u00e7eklikle, \u00fcreterek, kad\u0131nlar i\u00e7in, gen\u00e7ler i\u00e7in k\u0131sacas\u0131 Toroslar i\u00e7in var g\u00fcc\u00fcm\u00fczle \u00e7al\u0131\u015faca\u011f\u0131z. En \u00f6nemlisi de Toroslar&#8217;\u0131 birlikte y\u00f6netece\u011fiz&#8221; dedi. Cumhur \u0130ttifak\u0131 Toroslar Belediye Ba\u015fkan Aday\u0131 Dr. Ali \u00d6z, se\u00e7im \u00e7al\u0131\u015fmas\u0131 kapsam\u0131nda il\u00e7eye ba\u011fl\u0131 k\u0131rsal mahallelere \u00e7\u0131karma [&hellip;]<\/p>\n","protected":false},"author":2,"featured_media":31754,"comment_status":"open","ping_status":"open","sticky":false,"template":"","format":"standard","meta":{"footnotes":""},"categories":[3,6],"tags":[],"class_list":["post-31753","post","type-post","status-publish","format-standard","has-post-thumbnail","hentry","category-manset","category-siyaset-2"],"views":2,"_links":{"self":[{"href":"https:\/\/mersinkadingazetesi.com\/index.php?rest_route=\/wp\/v2\/posts\/31753"}],"collection":[{"href":"https:\/\/mersinkadingazetesi.com\/index.php?rest_route=\/wp\/v2\/posts"}],"about":[{"href":"https:\/\/mersinkadingazetesi.com\/index.php?rest_route=\/wp\/v2\/types\/post"}],"author":[{"embeddable":true,"href":"https:\/\/mersinkadingazetesi.com\/index.php?rest_route=\/wp\/v2\/users\/2"}],"replies":[{"embeddable":true,"href":"https:\/\/mersinkadingazetesi.com\/index.php?rest_route=%2Fwp%2Fv2%2Fcomments&post=31753"}],"version-history":[{"count":0,"href":"https:\/\/mersinkadingazetesi.com\/index.php?rest_route=\/wp\/v2\/posts\/31753\/revisions"}],"wp:featuredmedia":[{"embeddable":true,"href":"https:\/\/mersinkadingazetesi.com\/index.php?rest_route=\/wp\/v2\/media\/31754"}],"wp:attachment":[{"href":"https:\/\/mersinkadingazetesi.com\/index.php?rest_route=%2Fwp%2Fv2%2Fmedia&parent=31753"}],"wp:term":[{"taxonomy":"category","embeddable":true,"href":"https:\/\/mersinkadingazetesi.com\/index.php?rest_route=%2Fwp%2Fv2%2Fcategories&post=31753"},{"taxonomy":"post_tag","embeddable":true,"href":"https:\/\/mersinkadingazetesi.com\/index.php?rest_route=%2Fwp%2Fv2%2Ftags&post=31753"}],"curies":[{"name":"wp","href":"https:\/\/api.w.org\/{rel}","templated":true}]}}