{"id":31756,"date":"2024-03-27T12:42:09","date_gmt":"2024-03-27T09:42:09","guid":{"rendered":"http:\/\/mersinkadingazetesi.com\/?p=31756"},"modified":"2024-03-27T12:42:09","modified_gmt":"2024-03-27T09:42:09","slug":"serdar-soydan-mersin-halki-artik-degisim-istiyor-hizmet-istiyor","status":"publish","type":"post","link":"https:\/\/mersinkadingazetesi.com\/?p=31756","title":{"rendered":"Serdar Soydan: &#8220;Mersin halk\u0131 art\u0131k de\u011fi\u015fim istiyor, hizmet istiyor&#8221;"},"content":{"rendered":"<p>Cumhur \u0130ttifak\u0131 Mersin B\u00fcy\u00fck\u015fehir Belediye Ba\u015fkan Aday\u0131 Serdar Soydan, &#8220;Gitti\u011fimiz her yerde halk\u0131m\u0131z taraf\u0131ndan inan\u0131lmaz bir sevgi ile kar\u015f\u0131lan\u0131yor,  b\u00fcy\u00fck sorumluluklar y\u00fckleniyoruz. \u00c7\u00fcnk\u00fc Mersin halk\u0131 art\u0131k de\u011fi\u015fim istiyor, hizmet istiyor. Bunu da Cumhur \u0130ttifak\u0131 kadrolar\u0131n\u0131n yapaca\u011f\u0131n\u0131 biliyor. Bizde bu sorumlulu\u011fu ta\u015f\u0131yoruz.&#8221; Dedi.<\/p>\n<p>Sabah\u0131n ilk \u0131\u015f\u0131klar\u0131ndan itibaren Mersin&#8217;i kar\u0131\u015f kar\u0131\u015f gezen Serdar Soydan, kurum, kurulu\u015f ziyaretlerinin yan\u0131 s\u0131ra halk bulu\u015fmalar\u0131na da kat\u0131larak sorunlar\u0131n\u0131 bire bir dinlemeye devam ediyor.<\/p>\n<p>&#8220;Alg\u0131 ve israf belediyecili\u011fi bitiyor&#8221; <\/p>\n<p>Mersin halk\u0131n\u0131n art\u0131k hizmet istedi\u011fini, alg\u0131 ve israf belediyecili\u011fi istemedi\u011fini vurgulayan Soydan, &#8220;Son g\u00fcnlerde se\u00e7im tela\u015f\u0131 ile bir tak\u0131m \u00e7al\u0131\u015fmalar yap\u0131ld\u0131\u011f\u0131n\u0131 g\u00f6r\u00fcyoruz. 5 y\u0131ld\u0131r sadece alg\u0131 ve israf yapan belediye y\u00f6netimi, son g\u00fcnlerde gidici oldu\u011fu anlam\u0131\u015f olmal\u0131 ki daha \u00f6nce yapt\u0131klar\u0131 yerleri s\u00f6k\u00fcp yeniden yap\u0131yorlar.&#8221; Diye konu\u015ftu.<\/p>\n<p>&#8220;Mersin&#8217;in de\u011fi\u015fime ihtiyac\u0131 var&#8221;<\/p>\n<p>Yapt\u0131\u011f\u0131 ziyaretlerde Mersin&#8217;in sorunlar\u0131n\u0131 not ettiklerini ifade eden Soydan, \u015funlar\u0131 s\u00f6yledi: &#8220;\u0130\u015f d\u00fcnyas\u0131, \u00fcretici, \u00e7ift\u00e7i, ev han\u0131m\u0131 veya esnaf ayn\u0131 \u015feyi s\u00f6yl\u00fcyor ve Mersin&#8217;in de\u011fi\u015fime ihtiyac\u0131 oldu\u011funu belirtiyorlar. Mersin&#8217;in art\u0131k zaman kaybetme l\u00fcks\u00fc kalmad\u0131. Halk\u0131m\u0131zda bunu bize ifade ediyor. Bizim vaatlerimiz de\u011fil, ger\u00e7ek\u00e7i projelerimiz var. Mersin&#8217;in sorunlar\u0131n\u0131 \u00e7ok iyi biliyoruz ve ona g\u00f6re \u00e7\u00f6z\u00fcmlerimizle geliyoruz.&#8221;<\/p>\n","protected":false},"excerpt":{"rendered":"<p>Cumhur \u0130ttifak\u0131 Mersin B\u00fcy\u00fck\u015fehir Belediye Ba\u015fkan Aday\u0131 Serdar Soydan, &#8220;Gitti\u011fimiz her yerde halk\u0131m\u0131z taraf\u0131ndan inan\u0131lmaz bir sevgi ile kar\u015f\u0131lan\u0131yor, b\u00fcy\u00fck sorumluluklar y\u00fckleniyoruz. \u00c7\u00fcnk\u00fc Mersin halk\u0131 art\u0131k de\u011fi\u015fim istiyor, hizmet istiyor. Bunu da Cumhur \u0130ttifak\u0131 kadrolar\u0131n\u0131n yapaca\u011f\u0131n\u0131 biliyor. Bizde bu sorumlulu\u011fu ta\u015f\u0131yoruz.&#8221; Dedi. Sabah\u0131n ilk \u0131\u015f\u0131klar\u0131ndan itibaren Mersin&#8217;i kar\u0131\u015f kar\u0131\u015f gezen Serdar Soydan, kurum, kurulu\u015f ziyaretlerinin [&hellip;]<\/p>\n","protected":false},"author":2,"featured_media":31757,"comment_status":"open","ping_status":"open","sticky":false,"template":"","format":"standard","meta":{"footnotes":""},"categories":[3,6],"tags":[],"class_list":["post-31756","post","type-post","status-publish","format-standard","has-post-thumbnail","hentry","category-manset","category-siyaset-2"],"views":3,"_links":{"self":[{"href":"https:\/\/mersinkadingazetesi.com\/index.php?rest_route=\/wp\/v2\/posts\/31756"}],"collection":[{"href":"https:\/\/mersinkadingazetesi.com\/index.php?rest_route=\/wp\/v2\/posts"}],"about":[{"href":"https:\/\/mersinkadingazetesi.com\/index.php?rest_route=\/wp\/v2\/types\/post"}],"author":[{"embeddable":true,"href":"https:\/\/mersinkadingazetesi.com\/index.php?rest_route=\/wp\/v2\/users\/2"}],"replies":[{"embeddable":true,"href":"https:\/\/mersinkadingazetesi.com\/index.php?rest_route=%2Fwp%2Fv2%2Fcomments&post=31756"}],"version-history":[{"count":0,"href":"https:\/\/mersinkadingazetesi.com\/index.php?rest_route=\/wp\/v2\/posts\/31756\/revisions"}],"wp:featuredmedia":[{"embeddable":true,"href":"https:\/\/mersinkadingazetesi.com\/index.php?rest_route=\/wp\/v2\/media\/31757"}],"wp:attachment":[{"href":"https:\/\/mersinkadingazetesi.com\/index.php?rest_route=%2Fwp%2Fv2%2Fmedia&parent=31756"}],"wp:term":[{"taxonomy":"category","embeddable":true,"href":"https:\/\/mersinkadingazetesi.com\/index.php?rest_route=%2Fwp%2Fv2%2Fcategories&post=31756"},{"taxonomy":"post_tag","embeddable":true,"href":"https:\/\/mersinkadingazetesi.com\/index.php?rest_route=%2Fwp%2Fv2%2Ftags&post=31756"}],"curies":[{"name":"wp","href":"https:\/\/api.w.org\/{rel}","templated":true}]}}