{"id":31768,"date":"2024-03-27T12:48:10","date_gmt":"2024-03-27T09:48:10","guid":{"rendered":"http:\/\/mersinkadingazetesi.com\/?p=31768"},"modified":"2024-03-27T12:48:10","modified_gmt":"2024-03-27T09:48:10","slug":"guzel-seyler-yapacagiz","status":"publish","type":"post","link":"https:\/\/mersinkadingazetesi.com\/?p=31768","title":{"rendered":"G\u00dcZEL \u015eEYLER YAPACA\u011eIZ"},"content":{"rendered":"<p>CHP Mezitli Belediye Ba\u015fkan Aday\u0131 Ahmet Serkan Tuncer, vatanda\u015flardan 5 y\u0131l boyunca belediyeyi denetlemesini istedi. Her mahalleye e\u015fit hizmet g\u00f6t\u00fcreceklerini ifade eden Tuncer, \u201cVatanda\u015flar\u0131m\u0131za nas\u0131l hizmet edece\u011fimizi biliyoruz. G\u00fczel \u015feyler yapaca\u011f\u0131z\u201d ifadelerini kulland\u0131.<\/p>\n<p>Cumhuriyet Halk Partisi Mezitli Belediye Ba\u015fkan Aday\u0131 Ahmet Serkan Tuncer, CHP Mezitli \u0130l\u00e7e Ba\u015fkan\u0131 Ula\u015f Y\u0131lmaz ile birlikte Limon Caddesi ve Viran\u015fehir Mahallesi\u2019ndeki esnaf\u0131 ziyaret etti. Mezitli\u2019de ekonominin canlanmas\u0131 ile esnaf\u0131n da vatanda\u015f\u0131n da kazanaca\u011f\u0131n\u0131 ifade eden Tuncer, \u201c\u0130stihdam\u0131 art\u0131rmaya y\u00f6nelik projelerimiz haz\u0131r. Mahalle ekonomisini canland\u0131rmak, yerel i\u015fletmelerin g\u00fc\u00e7lenmesine ve toplumun refah\u0131na katk\u0131 sa\u011flayaca\u011f\u0131z\u201d dedi.<\/p>\n<p>PROJELER\u0130N HEPS\u0130N\u0130N YER\u0130 BELL\u0130<\/p>\n<p>Belediye ba\u015fkan\u0131 se\u00e7ildi\u011finde de yine vatanda\u015f\u0131n aras\u0131nda olaca\u011f\u0131n\u0131 ifade eden Tuncer, vatanda\u015flara belediyeleri denetlemeleri \u00e7a\u011fr\u0131s\u0131 yaparak, \u015funlar\u0131 s\u00f6yledi: \u201cKendime bir hedef koydum. Do\u011fdu\u011fum b\u00fcy\u00fcd\u00fc\u011f\u00fcm kente hizmet etmek istiyorum. 5 y\u0131l boyunca yapt\u0131\u011f\u0131m\u0131z, yapaca\u011f\u0131m\u0131z projeleri denetleyin. Bize sorun. Projelerin hepsinin yeri bellidir. 20 k\u00f6y\u00fcm\u00fcz\u00fcn k\u0131rsals\u0131ndaki vatanda\u015flar\u0131m\u0131za nas\u0131l hizmet edece\u011fimizi biliyoruz.\u201d<br \/>\nTuncer, her mahalleye e\u015fit hizmet g\u00f6t\u00fcrece\u011fi vurgusu yaparak, \u201cMenderes Mahallesi\u2019ne gelen Yeni Mahalle\u2019ye de gelecek. G\u00fczel \u015feyler yapaca\u011f\u0131z\u201d diye konu\u015ftu.<\/p>\n","protected":false},"excerpt":{"rendered":"<p>CHP Mezitli Belediye Ba\u015fkan Aday\u0131 Ahmet Serkan Tuncer, vatanda\u015flardan 5 y\u0131l boyunca belediyeyi denetlemesini istedi. Her mahalleye e\u015fit hizmet g\u00f6t\u00fcreceklerini ifade eden Tuncer, \u201cVatanda\u015flar\u0131m\u0131za nas\u0131l hizmet edece\u011fimizi biliyoruz. G\u00fczel \u015feyler yapaca\u011f\u0131z\u201d ifadelerini kulland\u0131. Cumhuriyet Halk Partisi Mezitli Belediye Ba\u015fkan Aday\u0131 Ahmet Serkan Tuncer, CHP Mezitli \u0130l\u00e7e Ba\u015fkan\u0131 Ula\u015f Y\u0131lmaz ile birlikte Limon Caddesi ve Viran\u015fehir [&hellip;]<\/p>\n","protected":false},"author":2,"featured_media":31769,"comment_status":"open","ping_status":"open","sticky":false,"template":"","format":"standard","meta":{"footnotes":""},"categories":[3,6],"tags":[],"class_list":["post-31768","post","type-post","status-publish","format-standard","has-post-thumbnail","hentry","category-manset","category-siyaset-2"],"views":7,"_links":{"self":[{"href":"https:\/\/mersinkadingazetesi.com\/index.php?rest_route=\/wp\/v2\/posts\/31768"}],"collection":[{"href":"https:\/\/mersinkadingazetesi.com\/index.php?rest_route=\/wp\/v2\/posts"}],"about":[{"href":"https:\/\/mersinkadingazetesi.com\/index.php?rest_route=\/wp\/v2\/types\/post"}],"author":[{"embeddable":true,"href":"https:\/\/mersinkadingazetesi.com\/index.php?rest_route=\/wp\/v2\/users\/2"}],"replies":[{"embeddable":true,"href":"https:\/\/mersinkadingazetesi.com\/index.php?rest_route=%2Fwp%2Fv2%2Fcomments&post=31768"}],"version-history":[{"count":0,"href":"https:\/\/mersinkadingazetesi.com\/index.php?rest_route=\/wp\/v2\/posts\/31768\/revisions"}],"wp:featuredmedia":[{"embeddable":true,"href":"https:\/\/mersinkadingazetesi.com\/index.php?rest_route=\/wp\/v2\/media\/31769"}],"wp:attachment":[{"href":"https:\/\/mersinkadingazetesi.com\/index.php?rest_route=%2Fwp%2Fv2%2Fmedia&parent=31768"}],"wp:term":[{"taxonomy":"category","embeddable":true,"href":"https:\/\/mersinkadingazetesi.com\/index.php?rest_route=%2Fwp%2Fv2%2Fcategories&post=31768"},{"taxonomy":"post_tag","embeddable":true,"href":"https:\/\/mersinkadingazetesi.com\/index.php?rest_route=%2Fwp%2Fv2%2Ftags&post=31768"}],"curies":[{"name":"wp","href":"https:\/\/api.w.org\/{rel}","templated":true}]}}