{"id":31771,"date":"2024-03-27T12:49:30","date_gmt":"2024-03-27T09:49:30","guid":{"rendered":"http:\/\/mersinkadingazetesi.com\/?p=31771"},"modified":"2024-03-27T12:49:30","modified_gmt":"2024-03-27T09:49:30","slug":"5-yil-daha-birlikte-yol-yurumeye-devam-edecegiz","status":"publish","type":"post","link":"https:\/\/mersinkadingazetesi.com\/?p=31771","title":{"rendered":"\u201c5 y\u0131l daha birlikte yol y\u00fcr\u00fcmeye devam edece\u011fiz\u201d"},"content":{"rendered":"<p>Se\u00e7menlere seslenen Akdeniz Belediye Ba\u015fkan\u0131 G\u00fcltak, \u201c\u00d6n\u00fcm\u00fczdeki Pazar g\u00fcn\u00fc sand\u0131\u011fa giderken tercihiniz bar\u0131\u015f, huzur ve karde\u015flikten yana olsun. Oylar\u0131n\u0131z, hizmet ve proje \u00fcretenlerden, Akdeniz\u2019i sadece 5 y\u0131lda de\u011fi\u015ftirenlerden yana olsun. Halk\u0131m\u0131zdan ricam; uzun y\u0131llar sonra kentimizde sa\u011flad\u0131\u011f\u0131m\u0131z huzur ve g\u00fcven ikliminin bozulmas\u0131na, Akdeniz\u2019in hizmetlerden mahrum kalmas\u0131na izin vermeyin\u201d dedi.<br \/>\nAkdeniz Belediye Ba\u015fkan\u0131 ve Cumhur \u0130ttifak\u0131 Akdeniz Belediye Ba\u015fkan Aday\u0131 M. Mustafa G\u00fcltak, belediye taraf\u0131ndan Turgut Reis Mahallesi\u2019nde kurulan, y\u00fczlerce vatanda\u015f\u0131n misafir oldu\u011fu iftar sofras\u0131nda mahalle sakinleri bir araya geldi. Kur\u2019an Tilaveti ile ba\u015flayan iftarda, eller semaya a\u00e7\u0131larak bar\u0131\u015f ve karde\u015flik i\u00e7in dualar okundu. Programda, Ramazan ay\u0131 etkinlikleri kapsam\u0131nda d\u00fczenlenen Fas\u0131l, Meddah, Hacivat-Karag\u00f6z, Orta Oyunu, G\u00f6lge Oyunu ve \u00c2\u015fuk ile Ma\u015fuk g\u00f6sterileri vatanda\u015flar\u0131n be\u011fenisini toplad\u0131. \u0130ftar ezan\u0131 \u00f6ncesi vatanda\u015flara hitap eden Ba\u015fkan G\u00fcltak, kente huzur, bar\u0131\u015f ve karde\u015fli\u011fi getirdiklerini vurgulad\u0131, ayr\u0131mc\u0131l\u0131\u011f\u0131 ortadan kald\u0131rd\u0131klar\u0131n\u0131n alt\u0131n\u0131 \u00e7izdi.<br \/>\n\u201c5 y\u0131l daha birlikte yol y\u00fcr\u00fcmeye devam edece\u011fiz\u201d<br \/>\nS\u00f6zlerine; \u201cYak\u0131n ge\u00e7mi\u015fte sokaklar\u0131nda olaylar\u0131n, kavgalar\u0131n eksik olmad\u0131\u011f\u0131 Akdeniz\u2019de, bug\u00fcn ise bar\u0131\u015f ve karde\u015flik havas\u0131 var\u201d diyerek Ba\u015flayan Ba\u015fkan G\u00fcltak, \u201cBug\u00fcn art\u0131k T\u00fcrk\u2019\u00fc, K\u00fcrt\u2019\u00fc, \u00c7erkez\u2019i, Arap\u2019\u0131, S\u00fcnni\u2019si, Alevi\u2019si ile hepimiz bir araday\u0131z. \u00c7\u00fcnk\u00fc herkesi kucakl\u0131yor, kimseyi ayr\u0131\u015ft\u0131rm\u0131yor, \u00f6tekile\u015ftirmiyoruz.<br \/>\nBu sayede ilk d\u00f6nemde her kesimin belediye ba\u015fkan\u0131 olmay\u0131 ba\u015fard\u0131k. T\u00fcrkiye Cumhuriyeti vatanda\u015flar\u0131 olarak hepimiz karde\u015fiz, biriz, beraberiz. Kad\u0131nlar ve gen\u00e7ler i\u00e7in ger\u00e7ekle\u015ftirdi\u011fimiz hizmet ve projelere yenilerini ekleyerek bir 5 y\u0131l daha birlikte yol y\u00fcr\u00fcmeye devam edece\u011fiz\u201d diye konu\u015ftu.<br \/>\n\u201cDe\u011ferlerimizi kabul eden herkes karde\u015fimizdir\u201d<br \/>\nKonu\u015fmas\u0131nda, isim ve parti ad\u0131 vermeden di\u011fer adaylar\u0131 da ele\u015ftiren Akdeniz Belediye Ba\u015fkan\u0131 Mustafa G\u00fcltak, \u201cSen Kurtulu\u015f Sava\u015f\u0131\u2019nda \u00e7arp\u0131\u015farak yan yana yatan atalar\u0131n\u0131 m\u0131 ink\u00e2r ediyorsun? Bu \u00fclkenin kurtar\u0131c\u0131s\u0131 ve kurucusu Gazi Mustafa Kemal Atat\u00fcrk\u2019\u00fc m\u00fc ink\u00e2r ediyorsun? Cumhuriyeti mi ink\u00e2r ediyorsun?<br \/>\nHepimizin ortak de\u011feri olan \u0130stiklal Mar\u015f\u0131\u2019n\u0131 m\u0131 ink\u00e2r ediyorsun? Siz k\u0131ymetli vatanda\u015flar\u0131m\u0131zla birlikte Akdeniz\u2019i bu adaylara b\u0131rakmayaca\u011f\u0131z in\u015fallah. Atat\u00fcrk de T\u00fcrkiye Cumhuriyeti de Bayrak da bizim, \u00fclke de bizim. Bunlar\u0131 kabul eden herkes bizim karde\u015fimizdir\u201d ifadelerini kulland\u0131.<br \/>\n\u201cHalk\u0131m\u0131z\u0131n g\u00fcven ve sa\u011fduyusuna inan\u0131yorum\u201d<br \/>\nAkdeniz Belediye Ba\u015fkan\u0131 ve Cumhur \u0130ttifak\u0131 Akdeniz Belediye Ba\u015fkan Aday\u0131 Mustafa G\u00fcltak, art\u0131k say\u0131l\u0131 g\u00fcnler kalan 31 Mart yerel se\u00e7imlerinde oy verecek Akdeniz sakini se\u00e7menlerden destek isteyerek; \u201cBu Pazar g\u00fcn\u00fc sand\u0131\u011fa giderken, hizmet, proje ve yat\u0131r\u0131mlarla 5 y\u0131lda Akdeniz\u2019i de\u011fi\u015ftiren Mustafa G\u00fcltak\u2019\u0131 unutmay\u0131n! Ge\u00e7mi\u015f y\u00f6neticilerin 20-25 y\u0131lda yapamad\u0131\u011f\u0131n\u0131, sadece 5 y\u0131l s\u0131\u011fd\u0131ran bu karde\u015finizi unutmay\u0131n.<br \/>\nBin bir zahmetle sa\u011flad\u0131\u011f\u0131m\u0131z Bar\u0131\u015f, huzur, karde\u015flik ve g\u00fcven ikliminin bozulmas\u0131na l\u00fctfen izin vermeyin. Halk\u0131m\u0131z\u0131n sa\u011fduyusu ve g\u00fcvenine inan\u0131yor, \u00f6n\u00fcm\u00fczdeki 5 y\u0131l i\u00e7in yeni vizeyi alaca\u011f\u0131m\u0131zdan \u015f\u00fcphe etmiyorum. Oylar\u0131n\u0131z\u0131 verin ki Devlet kazans\u0131n, Cumhuriyet kazans\u0131n; kad\u0131nlar ve gen\u00e7ler kazans\u0131n. Bize destek verin ki hizmet ve projeler kesintisiz ve artarak devam etsin\u201d \u015feklinde konu\u015ftu.<\/p>\n","protected":false},"excerpt":{"rendered":"<p>Se\u00e7menlere seslenen Akdeniz Belediye Ba\u015fkan\u0131 G\u00fcltak, \u201c\u00d6n\u00fcm\u00fczdeki Pazar g\u00fcn\u00fc sand\u0131\u011fa giderken tercihiniz bar\u0131\u015f, huzur ve karde\u015flikten yana olsun. Oylar\u0131n\u0131z, hizmet ve proje \u00fcretenlerden, Akdeniz\u2019i sadece 5 y\u0131lda de\u011fi\u015ftirenlerden yana olsun. Halk\u0131m\u0131zdan ricam; uzun y\u0131llar sonra kentimizde sa\u011flad\u0131\u011f\u0131m\u0131z huzur ve g\u00fcven ikliminin bozulmas\u0131na, Akdeniz\u2019in hizmetlerden mahrum kalmas\u0131na izin vermeyin\u201d dedi. Akdeniz Belediye Ba\u015fkan\u0131 ve Cumhur \u0130ttifak\u0131 [&hellip;]<\/p>\n","protected":false},"author":2,"featured_media":31772,"comment_status":"open","ping_status":"open","sticky":false,"template":"","format":"standard","meta":{"footnotes":""},"categories":[8,1,2,3,5],"tags":[],"class_list":["post-31771","post","type-post","status-publish","format-standard","has-post-thumbnail","hentry","category-ekonomi","category-genel","category-gundem","category-manset","category-mersin"],"views":8,"_links":{"self":[{"href":"https:\/\/mersinkadingazetesi.com\/index.php?rest_route=\/wp\/v2\/posts\/31771"}],"collection":[{"href":"https:\/\/mersinkadingazetesi.com\/index.php?rest_route=\/wp\/v2\/posts"}],"about":[{"href":"https:\/\/mersinkadingazetesi.com\/index.php?rest_route=\/wp\/v2\/types\/post"}],"author":[{"embeddable":true,"href":"https:\/\/mersinkadingazetesi.com\/index.php?rest_route=\/wp\/v2\/users\/2"}],"replies":[{"embeddable":true,"href":"https:\/\/mersinkadingazetesi.com\/index.php?rest_route=%2Fwp%2Fv2%2Fcomments&post=31771"}],"version-history":[{"count":0,"href":"https:\/\/mersinkadingazetesi.com\/index.php?rest_route=\/wp\/v2\/posts\/31771\/revisions"}],"wp:featuredmedia":[{"embeddable":true,"href":"https:\/\/mersinkadingazetesi.com\/index.php?rest_route=\/wp\/v2\/media\/31772"}],"wp:attachment":[{"href":"https:\/\/mersinkadingazetesi.com\/index.php?rest_route=%2Fwp%2Fv2%2Fmedia&parent=31771"}],"wp:term":[{"taxonomy":"category","embeddable":true,"href":"https:\/\/mersinkadingazetesi.com\/index.php?rest_route=%2Fwp%2Fv2%2Fcategories&post=31771"},{"taxonomy":"post_tag","embeddable":true,"href":"https:\/\/mersinkadingazetesi.com\/index.php?rest_route=%2Fwp%2Fv2%2Ftags&post=31771"}],"curies":[{"name":"wp","href":"https:\/\/api.w.org\/{rel}","templated":true}]}}