{"id":31774,"date":"2024-03-28T13:00:37","date_gmt":"2024-03-28T10:00:37","guid":{"rendered":"http:\/\/mersinkadingazetesi.com\/?p=31774"},"modified":"2024-03-28T13:00:37","modified_gmt":"2024-03-28T10:00:37","slug":"yorukler-toplumun-en-kadim-degerlerindendir","status":"publish","type":"post","link":"https:\/\/mersinkadingazetesi.com\/?p=31774","title":{"rendered":"Y\u00d6R\u00dcKLER TOPLUMUN EN KAD\u0130M DE\u011eERLER\u0130NDEND\u0130R"},"content":{"rendered":"<p>CHP Toroslar Belediye Ba\u015fkan Aday\u0131 Abdurrahman Y\u0131ld\u0131z, toplumun en kadim geleneksel de\u011ferlerinden biri olan Y\u00f6r\u00fck k\u00fclt\u00fcr\u00fcn\u00fcn yok edildi\u011fine i\u015faret ederek, &#8220;Belediye ba\u015fkanl\u0131\u011f\u0131n\u0131 ald\u0131\u011f\u0131m\u0131z g\u00fcnden itibaren Y\u00f6r\u00fck k\u00fclt\u00fcr\u00fcn\u00fcn yeniden var edilmesi i\u00e7in projelerimiz bulunmaktad\u0131r&#8221; dedi. Y\u0131ld\u0131z, t\u00fcm Y\u00f6r\u00fck akrabalar\u0131ndan destek istedi.<\/p>\n<p>CHP \/ TOROSLAR\/ MERS\u0130N Y\u00f6r\u00fck k\u00fclt\u00fcr\u00fc ile b\u00fcy\u00fcyen Cumhuriyet Halk Partisi Toroslar Belediye Ba\u015fkan Aday\u0131 Abdurrahman Y\u0131ld\u0131z, do\u011fan\u0131n \u00f6zg\u00fcr insanlar\u0131 konarg\u00f6\u00e7erleri unutmad\u0131. Ta\u015feli Y\u00f6r\u00fckleri K\u00fclt\u00fcr ve Dayan\u0131\u015fma Derne\u011fi&#8217;ni ziyaretinde Y\u00f6r\u00fck k\u00fclt\u00fcr\u00fcn\u00fc ya\u015fatmak i\u00e7in hayata ge\u00e7irece\u011fi projeleri anlatt\u0131.<\/p>\n<p>Y\u00d6R\u00dcK K\u00dcLT\u00dcR\u00dc KIRIMA U\u011eRATILMAKTADIR<\/p>\n<p>Y\u00f6r\u00fcklerin, Y\u00f6r\u00fck k\u00fclt\u00fcr\u00fcn\u00fcn yok edildi\u011fini ifade eden Y\u0131ld\u0131z, \u015funlar\u0131 s\u00f6yledi: &#8220;Y\u00f6r\u00fck k\u00fclt\u00fcr\u00fc bu toplumun en kadim geleneksel de\u011ferlerinden biridir. Fakat g\u00fcn\u00fcm\u00fczde ya\u015fanan ekonomik krizin de paralelinde getirdi\u011fi sorunlardan kaynakl\u0131 Y\u00f6r\u00fck k\u00fclt\u00fcr\u00fc k\u0131r\u0131ma u\u011frat\u0131lmaktad\u0131r. Y\u00f6r\u00fck k\u00fclt\u00fcr\u00fc yok edilmektedir. Y\u00f6r\u00fckler yok edilmektedir. Belediye ba\u015fkanl\u0131\u011f\u0131n\u0131 ald\u0131\u011f\u0131m\u0131z g\u00fcnden itibaren Y\u00f6r\u00fck k\u00fclt\u00fcr\u00fcn\u00fcn ya\u015fat\u0131lmas\u0131 ve yeniden var edilmesi i\u00e7in projelerimiz bulunmaktad\u0131r t\u00fcm Y\u00f6r\u00fck akrabalar\u0131m\u0131n oylar\u0131na talibim.&#8221;<\/p>\n","protected":false},"excerpt":{"rendered":"<p>CHP Toroslar Belediye Ba\u015fkan Aday\u0131 Abdurrahman Y\u0131ld\u0131z, toplumun en kadim geleneksel de\u011ferlerinden biri olan Y\u00f6r\u00fck k\u00fclt\u00fcr\u00fcn\u00fcn yok edildi\u011fine i\u015faret ederek, &#8220;Belediye ba\u015fkanl\u0131\u011f\u0131n\u0131 ald\u0131\u011f\u0131m\u0131z g\u00fcnden itibaren Y\u00f6r\u00fck k\u00fclt\u00fcr\u00fcn\u00fcn yeniden var edilmesi i\u00e7in projelerimiz bulunmaktad\u0131r&#8221; dedi. Y\u0131ld\u0131z, t\u00fcm Y\u00f6r\u00fck akrabalar\u0131ndan destek istedi. CHP \/ TOROSLAR\/ MERS\u0130N Y\u00f6r\u00fck k\u00fclt\u00fcr\u00fc ile b\u00fcy\u00fcyen Cumhuriyet Halk Partisi Toroslar Belediye Ba\u015fkan Aday\u0131 [&hellip;]<\/p>\n","protected":false},"author":2,"featured_media":31775,"comment_status":"open","ping_status":"open","sticky":false,"template":"","format":"standard","meta":{"footnotes":""},"categories":[3],"tags":[],"class_list":["post-31774","post","type-post","status-publish","format-standard","has-post-thumbnail","hentry","category-manset"],"views":2,"_links":{"self":[{"href":"https:\/\/mersinkadingazetesi.com\/index.php?rest_route=\/wp\/v2\/posts\/31774"}],"collection":[{"href":"https:\/\/mersinkadingazetesi.com\/index.php?rest_route=\/wp\/v2\/posts"}],"about":[{"href":"https:\/\/mersinkadingazetesi.com\/index.php?rest_route=\/wp\/v2\/types\/post"}],"author":[{"embeddable":true,"href":"https:\/\/mersinkadingazetesi.com\/index.php?rest_route=\/wp\/v2\/users\/2"}],"replies":[{"embeddable":true,"href":"https:\/\/mersinkadingazetesi.com\/index.php?rest_route=%2Fwp%2Fv2%2Fcomments&post=31774"}],"version-history":[{"count":0,"href":"https:\/\/mersinkadingazetesi.com\/index.php?rest_route=\/wp\/v2\/posts\/31774\/revisions"}],"wp:featuredmedia":[{"embeddable":true,"href":"https:\/\/mersinkadingazetesi.com\/index.php?rest_route=\/wp\/v2\/media\/31775"}],"wp:attachment":[{"href":"https:\/\/mersinkadingazetesi.com\/index.php?rest_route=%2Fwp%2Fv2%2Fmedia&parent=31774"}],"wp:term":[{"taxonomy":"category","embeddable":true,"href":"https:\/\/mersinkadingazetesi.com\/index.php?rest_route=%2Fwp%2Fv2%2Fcategories&post=31774"},{"taxonomy":"post_tag","embeddable":true,"href":"https:\/\/mersinkadingazetesi.com\/index.php?rest_route=%2Fwp%2Fv2%2Ftags&post=31774"}],"curies":[{"name":"wp","href":"https:\/\/api.w.org\/{rel}","templated":true}]}}