{"id":31783,"date":"2024-03-28T13:10:05","date_gmt":"2024-03-28T10:10:05","guid":{"rendered":"http:\/\/mersinkadingazetesi.com\/?p=31783"},"modified":"2024-03-28T13:10:05","modified_gmt":"2024-03-28T10:10:05","slug":"serdar-soydan-sandiga-gidelim-mersin-gelecegini-degistirelim","status":"publish","type":"post","link":"https:\/\/mersinkadingazetesi.com\/?p=31783","title":{"rendered":"Serdar Soydan: &#8220;Sand\u0131\u011fa gidelim, Mersin gelece\u011fini de\u011fi\u015ftirelim&#8221;"},"content":{"rendered":"<p>Cumhur \u0130ttifak\u0131 Mersin B\u00fcy\u00fck\u015fehir Belediye Ba\u015fkan Aday\u0131 Serdar Soydan, Mersinli vatanda\u015flar\u0131 oy kullanmaya davet ederek, &#8220;Pazar g\u00fcn\u00fc Mersin&#8217;in gelece\u011fini oylayaca\u011f\u0131z. Bir 5 y\u0131l daha kaybetmeyelim. 100 projemizle Mersin&#8217;i haketti\u011fi yere biz ta\u015f\u0131yaca\u011f\u0131z. Onun i\u00e7in mutlaka sand\u0131\u011fa gidelim ve oyunuzu, s\u00f6ylediklerini yapabilecek en iyi tercihiniz olan Serdar Soydan&#8217;dan yana kullan\u0131n.&#8221; Dedi. <\/p>\n<p>Mersin, 31 Mart 2024 Pazar g\u00fcn\u00fc yap\u0131lacak Mahalli \u0130dareler Se\u00e7imi i\u00e7in sand\u0131\u011fa giderken, Serdar Soydan&#8217;da,&#8221;Sizlerin heyecan\u0131 ve sevgisi bize ilham veriyor; dualar\u0131n\u0131z, destekleriniz bizi g\u00fc\u00e7l\u00fc k\u0131l\u0131yor. Hepinize minnettar\u0131z. Bizim yolumuz karde\u015flik, hak, hakikat yolu. Bizim yolumuz Gazi Mustafa Kemal Atat\u00fcrk&#8217;\u00fcn yoludur. Bizim yol arkada\u015flar\u0131m\u0131z sizlersiniz. 1 Nisan sabah\u0131 yeni umutlarla g\u00fczel g\u00fcnlere merhaba diyece\u011fiz&#8221; \u0130fadelerini kulland\u0131. <\/p>\n<p>&#8220;Bizim bu \u015fehre s\u00f6z\u00fcm\u00fcz var&#8221;<\/p>\n<p>Serdar Soydan, Mersin&#8217;in sorunlar\u0131na da dikkat \u00e7ekerek yapt\u0131\u011f\u0131 a\u00e7\u0131klamada, &#8220;Biz yola \u00e7\u0131kt\u0131\u011f\u0131m\u0131zda kentin d\u00f6rt bir k\u00f6\u015fesine hizmet g\u00f6t\u00fcrece\u011fimizi ifade ettik. Ay\u0131rmadan, ayr\u0131\u015fmadan, canla ba\u015fla gelece\u011fimizi s\u00f6yledik. Bizim bu \u015fehre s\u00f6z\u00fcm\u00fcz var, yeminimiz var. Cumhur \u0130ttifak\u0131 olarak, birli\u011fin g\u00fcc\u00fc ile her yerde y\u0131lmadan \u00e7al\u0131\u015fmalar\u0131m\u0131z\u0131 s\u00fcrd\u00fcrece\u011fiz&#8221; \u015eeklinde konu\u015ftu.<\/p>\n<p>&#8220;Art\u0131k bu kent Cumhur \u0130ttifak\u0131 belediyecili\u011fi ile tan\u0131\u015fmal\u0131d\u0131r&#8221;<\/p>\n<p>Mersin&#8217;in de\u011fi\u015fime ihtiyac\u0131 oldu\u011funu vurgulayan Soydan, \u015f\u00f6yle devam etti: &#8220;\u015eehrimizin kalk\u0131nmas\u0131 ad\u0131na her alanda var g\u00fcc\u00fcm\u00fczle \u00e7al\u0131\u015faca\u011f\u0131z. Art\u0131k bu kent Cumhur \u0130ttifak\u0131 belediyecili\u011fi ile tan\u0131\u015fmal\u0131d\u0131r. 31 Mart&#8217;ta bunu ba\u015faraca\u011f\u0131z ve hep birlikte kazanaca\u011f\u0131z.&#8221;<\/p>\n","protected":false},"excerpt":{"rendered":"<p>Cumhur \u0130ttifak\u0131 Mersin B\u00fcy\u00fck\u015fehir Belediye Ba\u015fkan Aday\u0131 Serdar Soydan, Mersinli vatanda\u015flar\u0131 oy kullanmaya davet ederek, &#8220;Pazar g\u00fcn\u00fc Mersin&#8217;in gelece\u011fini oylayaca\u011f\u0131z. Bir 5 y\u0131l daha kaybetmeyelim. 100 projemizle Mersin&#8217;i haketti\u011fi yere biz ta\u015f\u0131yaca\u011f\u0131z. Onun i\u00e7in mutlaka sand\u0131\u011fa gidelim ve oyunuzu, s\u00f6ylediklerini yapabilecek en iyi tercihiniz olan Serdar Soydan&#8217;dan yana kullan\u0131n.&#8221; Dedi. Mersin, 31 Mart 2024 Pazar [&hellip;]<\/p>\n","protected":false},"author":2,"featured_media":31784,"comment_status":"open","ping_status":"open","sticky":false,"template":"","format":"standard","meta":{"footnotes":""},"categories":[3,6],"tags":[],"class_list":["post-31783","post","type-post","status-publish","format-standard","has-post-thumbnail","hentry","category-manset","category-siyaset-2"],"views":2,"_links":{"self":[{"href":"https:\/\/mersinkadingazetesi.com\/index.php?rest_route=\/wp\/v2\/posts\/31783"}],"collection":[{"href":"https:\/\/mersinkadingazetesi.com\/index.php?rest_route=\/wp\/v2\/posts"}],"about":[{"href":"https:\/\/mersinkadingazetesi.com\/index.php?rest_route=\/wp\/v2\/types\/post"}],"author":[{"embeddable":true,"href":"https:\/\/mersinkadingazetesi.com\/index.php?rest_route=\/wp\/v2\/users\/2"}],"replies":[{"embeddable":true,"href":"https:\/\/mersinkadingazetesi.com\/index.php?rest_route=%2Fwp%2Fv2%2Fcomments&post=31783"}],"version-history":[{"count":0,"href":"https:\/\/mersinkadingazetesi.com\/index.php?rest_route=\/wp\/v2\/posts\/31783\/revisions"}],"wp:featuredmedia":[{"embeddable":true,"href":"https:\/\/mersinkadingazetesi.com\/index.php?rest_route=\/wp\/v2\/media\/31784"}],"wp:attachment":[{"href":"https:\/\/mersinkadingazetesi.com\/index.php?rest_route=%2Fwp%2Fv2%2Fmedia&parent=31783"}],"wp:term":[{"taxonomy":"category","embeddable":true,"href":"https:\/\/mersinkadingazetesi.com\/index.php?rest_route=%2Fwp%2Fv2%2Fcategories&post=31783"},{"taxonomy":"post_tag","embeddable":true,"href":"https:\/\/mersinkadingazetesi.com\/index.php?rest_route=%2Fwp%2Fv2%2Ftags&post=31783"}],"curies":[{"name":"wp","href":"https:\/\/api.w.org\/{rel}","templated":true}]}}