{"id":31798,"date":"2024-03-28T13:17:54","date_gmt":"2024-03-28T10:17:54","guid":{"rendered":"http:\/\/mersinkadingazetesi.com\/?p=31798"},"modified":"2024-03-28T13:17:54","modified_gmt":"2024-03-28T10:17:54","slug":"bu-kentin-hikayesi-yeni-basliyor","status":"publish","type":"post","link":"https:\/\/mersinkadingazetesi.com\/?p=31798","title":{"rendered":"BU KENT\u0130N H\u0130KAYES\u0130 YEN\u0130 BA\u015eLIYOR!"},"content":{"rendered":"<p>CHP Mezitli Belediye Ba\u015fkan Aday\u0131 Ahmet Serkan Tuncer, genciyle, kad\u0131n\u0131yla, \u00fcreticisiyle, esnaf\u0131yla mutlu bir Mezitli in\u015fa etmek oldu\u011funu belirterek, &#8220;E\u011fitimin ve k\u0131ymetli e\u011fitimcilerimizin her ko\u015fulda yanlar\u0131nda olaca\u011f\u0131z. Bu kentin hikayesi yeni ba\u015fl\u0131yor&#8221; ifadelerini kulland\u0131.<\/p>\n<p>Cumhuriyet Halk Partisi Mezitli Belediye Ba\u015fkan Aday\u0131 Ahmet Serkan Tuncer, e\u015fi Se\u00e7il Tuncer ve ile birlikte Final Okullar\u0131&#8217;n\u0131 ziyaret etti. Okul idarecileri ve \u00f6\u011fretmenlerle sohbet eden Tuncer, e\u011fitim, k\u00fclt\u00fcr, sanat ve spor alan\u0131nda hayata ge\u00e7irece\u011fi projeleri anlatt\u0131.<br \/>\nE\u011fitime her zaman destek vereceklerini ifade eden Tuncer, &#8220;E\u011fitimin ve k\u0131ymetli e\u011fitimcilerimizin her ko\u015fulda yanlar\u0131nda oldu\u011fumuzu vurgulad\u0131k. Gelece\u011fimizin teminat\u0131 olan gen\u00e7lerimizin e\u011fitimine Mezitli Belediyesi olarak destek olmak i\u00e7in kararl\u0131y\u0131z&#8221; dedi.<\/p>\n<p>YEN\u0130 NES\u0130L K\u00dcT\u00dcPHANE<br \/>\n50 bine yak\u0131n \u00f6\u011frenci olan Mezitli&#8217;de yeni nesil k\u00fct\u00fcphane ve okuma salonu a\u00e7acaklar\u0131n\u0131 kaydeden Tuncer, \u015f\u00f6yle devam etti: &#8220;Ortaokul ve lise \u00e7a\u011f\u0131ndaki gen\u00e7lerimizin \u00fcniversite haz\u0131rl\u0131k d\u00f6nemleri i\u00e7in, dershane, k\u00fct\u00fcphane ve teknolojik altyap\u0131 imk\u00e2n\u0131n\u0131 sunan, de\u011ferle planlanm\u0131\u015f alanlara sahip Mezitli Bilgi Kamp\u00fcs\u00fcn\u00fc in\u015fa edece\u011fiz. \u0130l\u00e7emizin 230 bini a\u015fan n\u00fcfusu, 50 bine yak\u0131n \u00f6\u011frenci say\u0131s\u0131 dikkate al\u0131nd\u0131\u011f\u0131nda 365 g\u00fcn 24 saat kullan\u0131ma a\u00e7\u0131k olacak yeni nesil k\u00fct\u00fcphane ve okuma salonuna ihtiya\u00e7 duyulmaktad\u0131r.&#8221;<\/p>\n<p>SPOR TES\u0130SLER\u0130N\u0130 KURACA\u011eIZ<br \/>\nSportif, k\u00fclt\u00fcrel ve sosyal etkinliklere \u00f6nem verdiklerini dile getiren Tuncer, &#8220;Kentin sosyal ve k\u00fclt\u00fcrel gereksinimlerini tespit ederek il\u00e7emize i\u00e7eri\u011fi zengin sanatsal sergileri, etkinlikleri, kurslar\u0131 ve at\u00f6lyeleri bar\u0131nd\u0131racak Mezitli Sanat Akademisini kazand\u0131raca\u011f\u0131z.  \u0130l\u00e7emizdeki gen\u00e7lerimizin zamanlar\u0131n\u0131 de\u011ferlendirecekleri, sportif, k\u00fclt\u00fcrel ve sosyal etkinliklerini ger\u00e7ekle\u015ftirecekleri gen\u00e7lik kamp\u00fcslerini ve spor tesislerini kuraca\u011f\u0131z. \u00c7ocuklar\u0131m\u0131z\u0131n okul \u00f6ncesi d\u00f6nemlerinde temel bilgi ve becerilerini geli\u015ftirebilece\u011fi, \u00f6\u011frenirken e\u011flenebilecekleri \u00c7ocuk Akademilerini in\u015fa edece\u011fiz. Hedefimiz, genciyle, kad\u0131n\u0131yla, \u00fcreticisiyle, esnaf\u0131yla mutlu bir Mezitli. Bu kentin hikayesi yeni ba\u015fl\u0131yor&#8221; dedi.<\/p>\n","protected":false},"excerpt":{"rendered":"<p>CHP Mezitli Belediye Ba\u015fkan Aday\u0131 Ahmet Serkan Tuncer, genciyle, kad\u0131n\u0131yla, \u00fcreticisiyle, esnaf\u0131yla mutlu bir Mezitli in\u015fa etmek oldu\u011funu belirterek, &#8220;E\u011fitimin ve k\u0131ymetli e\u011fitimcilerimizin her ko\u015fulda yanlar\u0131nda olaca\u011f\u0131z. Bu kentin hikayesi yeni ba\u015fl\u0131yor&#8221; ifadelerini kulland\u0131. Cumhuriyet Halk Partisi Mezitli Belediye Ba\u015fkan Aday\u0131 Ahmet Serkan Tuncer, e\u015fi Se\u00e7il Tuncer ve ile birlikte Final Okullar\u0131&#8217;n\u0131 ziyaret etti. Okul [&hellip;]<\/p>\n","protected":false},"author":2,"featured_media":31799,"comment_status":"open","ping_status":"open","sticky":false,"template":"","format":"standard","meta":{"footnotes":""},"categories":[3,6],"tags":[],"class_list":["post-31798","post","type-post","status-publish","format-standard","has-post-thumbnail","hentry","category-manset","category-siyaset-2"],"views":4,"_links":{"self":[{"href":"https:\/\/mersinkadingazetesi.com\/index.php?rest_route=\/wp\/v2\/posts\/31798"}],"collection":[{"href":"https:\/\/mersinkadingazetesi.com\/index.php?rest_route=\/wp\/v2\/posts"}],"about":[{"href":"https:\/\/mersinkadingazetesi.com\/index.php?rest_route=\/wp\/v2\/types\/post"}],"author":[{"embeddable":true,"href":"https:\/\/mersinkadingazetesi.com\/index.php?rest_route=\/wp\/v2\/users\/2"}],"replies":[{"embeddable":true,"href":"https:\/\/mersinkadingazetesi.com\/index.php?rest_route=%2Fwp%2Fv2%2Fcomments&post=31798"}],"version-history":[{"count":0,"href":"https:\/\/mersinkadingazetesi.com\/index.php?rest_route=\/wp\/v2\/posts\/31798\/revisions"}],"wp:featuredmedia":[{"embeddable":true,"href":"https:\/\/mersinkadingazetesi.com\/index.php?rest_route=\/wp\/v2\/media\/31799"}],"wp:attachment":[{"href":"https:\/\/mersinkadingazetesi.com\/index.php?rest_route=%2Fwp%2Fv2%2Fmedia&parent=31798"}],"wp:term":[{"taxonomy":"category","embeddable":true,"href":"https:\/\/mersinkadingazetesi.com\/index.php?rest_route=%2Fwp%2Fv2%2Fcategories&post=31798"},{"taxonomy":"post_tag","embeddable":true,"href":"https:\/\/mersinkadingazetesi.com\/index.php?rest_route=%2Fwp%2Fv2%2Ftags&post=31798"}],"curies":[{"name":"wp","href":"https:\/\/api.w.org\/{rel}","templated":true}]}}