{"id":31808,"date":"2024-03-28T13:59:28","date_gmt":"2024-03-28T10:59:28","guid":{"rendered":"http:\/\/mersinkadingazetesi.com\/?p=31808"},"modified":"2024-03-28T13:59:28","modified_gmt":"2024-03-28T10:59:28","slug":"hizmet-askiyla-dolu-insanlar","status":"publish","type":"post","link":"https:\/\/mersinkadingazetesi.com\/?p=31808","title":{"rendered":"&#8220;H\u0130ZMET A\u015eKIYLA DOLU \u0130NSANLAR&#8221;"},"content":{"rendered":"<p>DEVA Partisi Genel Ba\u015fkan Yard\u0131mc\u0131s\u0131 ve Mersin Milletvekili Mehmet Emin Ekmen, Mersin B\u00fcy\u00fck\u015fehir Belediye Ba\u015fkan Aday\u0131 Dr. G\u00fcran Din\u00e7er, Yeni\u015fehir Belediye Ba\u015fkan Aday\u0131 Faik Tok ve DEVA Partisi Mersin \u0130l Ba\u015fkan\u0131 Taner I\u015f\u0131kbay gazetemize ziyarette bulundular.<\/p>\n<p>DEVA Partisi Mersin Milletvekili Ekmen, konu\u015fmas\u0131na ba\u015flarken; Mersin\u2019in ger\u00e7ekten ola\u011fan\u00fcst\u00fc bir \u015fehir oldu\u011funu ve T\u00fcrkiye&#8217;nin etnik, dini, k\u00fclt\u00fcrel ve ya\u015fam tarz\u0131 a\u00e7\u0131s\u0131ndan en \u00e7o\u011fulcu, en dengeli ve en bar\u0131\u015f\u00e7\u0131l kenti oldu\u011funu s\u00f6yledi.<\/p>\n<p>&#8220;H\u0130ZMET A\u015eKIYLA DOLU \u0130NSANLAR&#8221;<\/p>\n<p>Mersin\u2019deki durumla ilgili konu\u015fan Ekmen, &#8220;DEVA Partisi 13 il\u00e7enin tamam\u0131nda yar\u0131\u015farak belediye ba\u015fkan aday\u0131 ve b\u00fcy\u00fck\u015fehir belediye ba\u015fkan aday\u0131 g\u00f6stermi\u015ftir. B\u00fcy\u00fck\u015fehir i\u00e7in \u00f6nceki il ba\u015fkan\u0131m\u0131z Doktor G\u00fcran Din\u00e7er&#8217;le birlikte bu yar\u0131\u015fa dahil olduk. Mersin tarihinde emsali g\u00f6r\u00fclmemi\u015f bir \u015fekilde d\u00f6rt il\u00e7e kad\u0131n belediye ba\u015fkan aday\u0131 ile yar\u0131\u015f\u0131yoruz. Toroslar \u0130l\u00e7e Belediye Ba\u015fkan Aday\u0131m\u0131z \u0130\u015f \u0130nsan\u0131 Sultan Aydo\u011fan, Yeni\u015fehir Belediye Ba\u015fkan Aday\u0131m\u0131z Faik Tok, Erdemli \u0130l\u00e7e Belediye Ba\u015fkan Aday\u0131m\u0131z Di\u015f Hekimi Sinem Y\u00fcr\u00fc, Mut Belediye Ba\u015fkan Aday\u0131m\u0131z Giri\u015fimci Fatma \u00c7elik Kovan, Ayd\u0131nc\u0131k Belediye Ba\u015fkan\u0131 Aday\u0131m\u0131z Av. Yaren Yavuz\u2019dur. D\u00f6rt arkada\u015f\u0131m\u0131z da \u00e7evrelerinde tan\u0131nan sevilen ve il\u00e7elerine hizmet a\u015fk\u0131yla dolu insanlard\u0131r. Bu vesileyle arkada\u015flar\u0131m\u0131za ba\u015far\u0131lar diliyoruz.\u201d ifadelerini kulland\u0131.<\/p>\n<p>&#8220;MUTLU KENT MERS\u0130N&#8221;<\/p>\n<p>Demokrasi ve At\u0131l\u0131m Partisi (DEVA) Mersin B\u00fcy\u00fck\u015fehir Belediye Ba\u015fkan Aday\u0131 Dr. G\u00fcran Din\u00e7er ise, &#8216;Mutlu Kent Mersin&#8217; slogan\u0131yla Mersin merkez ve il\u00e7elerdeki saha \u00e7al\u0131\u015fmalar\u0131n\u0131 co\u015fkuyla s\u00fcrd\u00fcrd\u00fc\u011f\u00fcn\u00fc s\u00f6yledi.  Dr. Din\u00e7er, &#8220;Mersin&#8217;in kalbine dokunmak, halk\u0131m\u0131z\u0131n ya\u015fam\u0131n\u0131 iyile\u015ftirecek ad\u0131mlar atmak i\u00e7in \u00e7al\u0131\u015f\u0131yoruz. Sorunlar\u0131 yerinde g\u00f6rmek ve dinlemek, \u00e7\u00f6z\u00fcm \u00fcretmek bizim i\u00e7in bir g\u00f6revdir. Ya\u015fanan zorluklar\u0131 biliyor ve bu zorluklar\u0131n \u00fcstesinden gelebilmek i\u00e7in somut ad\u0131mlar atmaya haz\u0131r\u0131z. Mersinliler bize oyunu versin. Bizi de denesinler.\u201d \u015feklinde konu\u015ftu.<\/p>\n","protected":false},"excerpt":{"rendered":"<p>DEVA Partisi Genel Ba\u015fkan Yard\u0131mc\u0131s\u0131 ve Mersin Milletvekili Mehmet Emin Ekmen, Mersin B\u00fcy\u00fck\u015fehir Belediye Ba\u015fkan Aday\u0131 Dr. G\u00fcran Din\u00e7er, Yeni\u015fehir Belediye Ba\u015fkan Aday\u0131 Faik Tok ve DEVA Partisi Mersin \u0130l Ba\u015fkan\u0131 Taner I\u015f\u0131kbay gazetemize ziyarette bulundular. DEVA Partisi Mersin Milletvekili Ekmen, konu\u015fmas\u0131na ba\u015flarken; Mersin\u2019in ger\u00e7ekten ola\u011fan\u00fcst\u00fc bir \u015fehir oldu\u011funu ve T\u00fcrkiye&#8217;nin etnik, dini, k\u00fclt\u00fcrel ve [&hellip;]<\/p>\n","protected":false},"author":2,"featured_media":31809,"comment_status":"open","ping_status":"open","sticky":false,"template":"","format":"standard","meta":{"footnotes":""},"categories":[1,2,3,5],"tags":[],"class_list":["post-31808","post","type-post","status-publish","format-standard","has-post-thumbnail","hentry","category-genel","category-gundem","category-manset","category-mersin"],"views":10,"_links":{"self":[{"href":"https:\/\/mersinkadingazetesi.com\/index.php?rest_route=\/wp\/v2\/posts\/31808"}],"collection":[{"href":"https:\/\/mersinkadingazetesi.com\/index.php?rest_route=\/wp\/v2\/posts"}],"about":[{"href":"https:\/\/mersinkadingazetesi.com\/index.php?rest_route=\/wp\/v2\/types\/post"}],"author":[{"embeddable":true,"href":"https:\/\/mersinkadingazetesi.com\/index.php?rest_route=\/wp\/v2\/users\/2"}],"replies":[{"embeddable":true,"href":"https:\/\/mersinkadingazetesi.com\/index.php?rest_route=%2Fwp%2Fv2%2Fcomments&post=31808"}],"version-history":[{"count":0,"href":"https:\/\/mersinkadingazetesi.com\/index.php?rest_route=\/wp\/v2\/posts\/31808\/revisions"}],"wp:featuredmedia":[{"embeddable":true,"href":"https:\/\/mersinkadingazetesi.com\/index.php?rest_route=\/wp\/v2\/media\/31809"}],"wp:attachment":[{"href":"https:\/\/mersinkadingazetesi.com\/index.php?rest_route=%2Fwp%2Fv2%2Fmedia&parent=31808"}],"wp:term":[{"taxonomy":"category","embeddable":true,"href":"https:\/\/mersinkadingazetesi.com\/index.php?rest_route=%2Fwp%2Fv2%2Fcategories&post=31808"},{"taxonomy":"post_tag","embeddable":true,"href":"https:\/\/mersinkadingazetesi.com\/index.php?rest_route=%2Fwp%2Fv2%2Ftags&post=31808"}],"curies":[{"name":"wp","href":"https:\/\/api.w.org\/{rel}","templated":true}]}}