{"id":31811,"date":"2024-03-29T12:33:50","date_gmt":"2024-03-29T09:33:50","guid":{"rendered":"http:\/\/mersinkadingazetesi.com\/?p=31811"},"modified":"2024-03-29T12:33:50","modified_gmt":"2024-03-29T09:33:50","slug":"31-mart-gunu-cevabini-almis-olacaklar","status":"publish","type":"post","link":"https:\/\/mersinkadingazetesi.com\/?p=31811","title":{"rendered":"31 MART G\u00dcN\u00dc CEVABINI ALMI\u015e OLACAKLAR"},"content":{"rendered":"<p>CHP Toroslar Belediye Ba\u015fkan Aday\u0131 Abdurrahman Y\u0131ld\u0131z, Y\u00f6r\u00fcklerin ya\u015fam alanlar\u0131n\u0131 yok edenlerin bug\u00fcn Y\u00f6r\u00fck k\u00fclt\u00fcr\u00fc \u00fczerinden siyaset yapt\u0131\u011f\u0131na vurgu yaparak, &#8220;Y\u00f6r\u00fck k\u00fclt\u00fcr\u00fcn\u00fcn yok olmas\u0131 i\u00e7in elinden geleni yapanlar, bir k\u00fclt\u00fcr\u00fc k\u0131r\u0131ma u\u011fratanlar 31 Mart g\u00fcn\u00fc cevab\u0131n\u0131 alm\u0131\u015f olacaklar&#8221; ifadelerini kulland\u0131.<\/p>\n<p>CHP \/ TOROSLAR\/ MERS\u0130N- Cumhuriyet Halk Partisi Toroslar Belediye Ba\u015fkan Aday\u0131 Abdurrahman Y\u0131ld\u0131z, se\u00e7imlere az bir s\u00fcre kala Toroslar&#8217;da ya\u015fayanlara kendini do\u011fru anlatabildi\u011fine inand\u0131\u011f\u0131n\u0131 ifade ederek, &#8220;Biz bu se\u00e7imi kazand\u0131k&#8221; dedi. Y\u0131ld\u0131z, kat\u0131ld\u0131\u011f\u0131 televizyon program\u0131nda projelerini payla\u015ft\u0131. \u00c7evre m\u00fccadelesi ile kamuoyunun tan\u0131d\u0131\u011f\u0131 Y\u0131ld\u0131z, \u00e7evrenin yok edilmesinin getirdi\u011fi sonu\u00e7lar\u0131 anlatt\u0131.<\/p>\n<p>A\u00c7LIK KAPIMIZA DAYANDI!<\/p>\n<p>\u00d6\u011frenci oldu\u011fu d\u00f6nemde sosyal bilgiler kitab\u0131nda &#8220;T\u00fcrkiye kendi kendine yetebilen nadir \u00fclkelerden biridir&#8221; bilgisini an\u0131msatan Y\u0131ld\u0131z, T\u00fcrkiye&#8217;nin bug\u00fcn et ithal eden \u00fclke konumuna getirildi\u011fine i\u015faret ederek, \u015funlar\u0131 s\u00f6yledi: &#8220;Bunun k\u0131ymetini bug\u00fcn daha iyi anl\u0131yoruz. G\u0131da art\u0131k insanlar\u0131n ula\u015fabilmekte sorun ya\u015fad\u0131\u011f\u0131 bir meta haline geldi. A\u00e7l\u0131k kap\u0131m\u0131za dayand\u0131. Ben hayat\u0131 ileriye ta\u015f\u0131yacak hi\u00e7bir \u015feye kar\u015f\u0131 de\u011filim. T\u00fcrkiye&#8217;yi bu hale getiren \u015fey yanl\u0131\u015f yerlerde ta\u015f oca\u011f\u0131, maden oca\u011f\u0131 a\u00e7\u0131lmas\u0131d\u0131r. Meralar\u0131, tarlalar\u0131, insanlar\u0131n ya\u015fam\u0131n\u0131 yok eden anlay\u0131\u015fa kar\u015f\u0131y\u0131z.&#8221;<\/p>\n<p>S\u0130YASET ALGILAR \u00dcZER\u0130NE YAPILMAYA BA\u015eLANDI<\/p>\n<p>T\u00fcrkiye&#8217;de \u00f6zellikle son 20 y\u0131ld\u0131r siyasetin alg\u0131lar \u00fczerinden yap\u0131ld\u0131\u011f\u0131na i\u015faret eden Y\u0131ld\u0131z, &#8220;Tan\u0131mlar do\u011fru anla\u015f\u0131lmal\u0131. Ama maalesef siyaset \u00f6yle bir hale geldi ki hi\u00e7 kimse rakibinin ne s\u00f6yledi\u011fini dinlemiyor. Ya da ne s\u00f6yledi\u011fini anlamak istemiyor. \u00d6zellikle son 20 senedir siyaset alg\u0131lar \u00fczerine yap\u0131lmaya ba\u015fland\u0131. Halbuki biz olgular \u00fczerine konu\u015fuyoruz. T\u00fcrkiye siyasi tarihinden ve g\u00fcn\u00fcnden alg\u0131 siyasetinin \u00e7\u0131kar\u0131lmas\u0131 gerekiyor. \u00c7\u00fcnk\u00fc bunun sonu yok&#8221; dedi.<\/p>\n<p>BEN Y\u00d6R\u00dcK \u00c7OCU\u011eUYUM<\/p>\n<p>Kendisi \u00fczerinden olu\u015fturulan alg\u0131 siyasetine de de\u011finen Y\u0131ld\u0131z, \u015f\u00f6yle devam etti: &#8220;Benim nerede do\u011fdu\u011fum \u00fczerinden siyaset yap\u0131l\u0131yor. Bana da Mersin&#8217;in Alada\u011f K\u00f6y\u00fc&#8217;nde bir Y\u00f6r\u00fck&#8217;\u00fcn \u00e7ocu\u011fu olarak do\u011fmak nasip oldu. Bu \u00fclkede ya\u015fayan 86 milyon insan\u0131n her biri i\u00e7in kendi do\u011fdu\u011fu yer onun onurudur. Bunun kabul\u00fc ile hayata bakmam\u0131z laz\u0131m. Zaten Mersin b\u00f6yle bir yer. Bunu en \u00e7ok tart\u0131\u015fanlar bizim rakiplerimiz. \u00dczerimden bu alg\u0131y\u0131 yapan rakiplerimizin hi\u00e7 biri Toroslar&#8217;da do\u011fmu\u015f de\u011fil. Toroslar k\u00fclt\u00fcr zenginli\u011fi olan bir kent. Ben Y\u00f6r\u00fck \u00e7ocu\u011fuyum. Ben Arslank\u00f6y&#8217;\u00fc de T\u0131rtar&#8217;\u0131 da \u00e7ok iyi bilirim. Benim \u00e7ocuklu\u011fum oralarda ge\u00e7ti.&#8221;<\/p>\n<p>BU ANLAYI\u015e B\u0130R K\u00dcLT\u00dcR\u00dc KATLETT\u0130<\/p>\n<p>Y\u00f6r\u00fcklerin ya\u015fam alanlar\u0131n\u0131 yok edenlerin bug\u00fcn Y\u00f6r\u00fck k\u00fclt\u00fcr\u00fc \u00fczerinden siyaset yapt\u0131\u011f\u0131na vurgu yapan Y\u0131ld\u0131z, &#8220;D\u00fcmbelek Bo\u011faz\u0131&#8217;n\u0131n haritada yerini bilmeyenler bana Y\u00f6r\u00fckl\u00fck anlat\u0131yor. Ben G\u00fcney Kuyu&#8217;da b\u00fcy\u00fcd\u00fcm. Buralar biz Y\u00f6r\u00fcklerin, k\u0131r\u0131ma u\u011frat\u0131lm\u0131\u015f k\u00fclt\u00fcr\u00fcm\u00fcz\u00fcn ya\u015fand\u0131\u011f\u0131 yerlerdi. Y\u00f6r\u00fck k\u00fclt\u00fcr\u00fcn\u00fcn yok olmas\u0131 i\u00e7in elinden geleni yapanlar, Y\u00f6r\u00fcklerin meralar\u0131na maden oca\u011f\u0131 a\u00e7anlar, meralar\u0131 imara a\u00e7anlar, \u00fcretti\u011fi peyniri bitirenler, ya\u015fad\u0131\u011f\u0131 alanlar\u0131 daraltanlar bize Y\u00f6r\u00fckl\u00fck \u00fczerine nutuk \u00e7ekiyor. Dedelerimizin \u00e7ad\u0131r kurdu\u011fu alanlar imara a\u00e7\u0131ld\u0131, bizi oralardan \u00e7\u0131kard\u0131lar. Hazine arazileri birilerine pe\u015fke\u015f \u00e7ekildi. Ak\u015fama kadar Y\u00f6r\u00fckl\u00fck \u00fczerine nutuk \u00e7ekenler, Y\u00f6r\u00fckleri bir k\u0131r\u0131ma u\u011fratt\u0131. Peynirsizlikten, s\u00fcts\u00fczl\u00fckten, yo\u011furtsuzluktan bahsetmiyorum. Bunlar bir k\u00fclt\u00fcr\u00fc katlettiler. Ak\u015fama kadar benim k\u00fclt\u00fcr\u00fcm\u00fc katledenler, yok sayanlar sabaha kadar benim k\u00fclt\u00fcr\u00fcm \u00fczerinde tepinmeye devam ediyor. Bu etik de\u011ferlere s\u0131\u011fmaz&#8221; diye konu\u015ftu.<\/p>\n<p>1 N\u0130SAN G\u00dcN\u00dc CEVABINI ALACAKLAR<\/p>\n<p>Toroslar&#8217;da kimsenin bir ba\u015fkas\u0131n\u0131 \u00f6tekile\u015ftirmedi\u011fine vurgu yapan Y\u0131ld\u0131z, &#8220;T\u00fcrkiye&#8217;de kim hangi dili konu\u015fuyor, hangi me\u015frebe inan\u0131yorsa; Toroslar o dinin, mezhebin, me\u015frebin ya\u015fand\u0131\u011f\u0131 bir il\u00e7e. Hi\u00e7bir zaman Toroslar&#8217;da hi\u00e7 kimse bir birine yan g\u00f6zle bakmam\u0131\u015ft\u0131r. Biz ayn\u0131 camiye de ayn\u0131 cemevine de beraber gitmi\u015fiz. Bizim \u00e7ocuklar\u0131m\u0131z ayn\u0131 okulda okumu\u015f. Kimse kimseyi \u00f6tekile\u015ftirmemi\u015ftir. Bu kadar da alicenap bir memlekettir Toroslar. Bunun sonu\u00e7lar\u0131n\u0131 se\u00e7imde g\u00f6rece\u011fiz. Memleket, aile mevzular\u0131 \u00fczerine \u00e7ok\u00e7a laf \u00e7evirenler, \u00fcstelik de bu \u00fclkede bile do\u011fmayanlar\u0131n haysiyetsizce yapt\u0131\u011f\u0131 sald\u0131r\u0131lar 1 Nisan g\u00fcn\u00fc cevab\u0131n\u0131 alm\u0131\u015f olacak. Vatanda\u015flar\u0131m\u0131z gereken cevab\u0131 verecek. Bunlar kifayetsiz tart\u0131\u015fmalar&#8221; dedi.<\/p>\n<p>Y\u0131ld\u0131z, Mersin B\u00fcy\u00fck\u015fehir Belediye Ba\u015fkan\u0131 Vahap Se\u00e7er&#8217;in se\u00e7imleri a\u00e7\u0131k ara kazanaca\u011f\u0131n\u0131 s\u00f6yledi<\/p>\n","protected":false},"excerpt":{"rendered":"<p>CHP Toroslar Belediye Ba\u015fkan Aday\u0131 Abdurrahman Y\u0131ld\u0131z, Y\u00f6r\u00fcklerin ya\u015fam alanlar\u0131n\u0131 yok edenlerin bug\u00fcn Y\u00f6r\u00fck k\u00fclt\u00fcr\u00fc \u00fczerinden siyaset yapt\u0131\u011f\u0131na vurgu yaparak, &#8220;Y\u00f6r\u00fck k\u00fclt\u00fcr\u00fcn\u00fcn yok olmas\u0131 i\u00e7in elinden geleni yapanlar, bir k\u00fclt\u00fcr\u00fc k\u0131r\u0131ma u\u011fratanlar 31 Mart g\u00fcn\u00fc cevab\u0131n\u0131 alm\u0131\u015f olacaklar&#8221; ifadelerini kulland\u0131. CHP \/ TOROSLAR\/ MERS\u0130N- Cumhuriyet Halk Partisi Toroslar Belediye Ba\u015fkan Aday\u0131 Abdurrahman Y\u0131ld\u0131z, se\u00e7imlere az [&hellip;]<\/p>\n","protected":false},"author":2,"featured_media":31812,"comment_status":"open","ping_status":"open","sticky":false,"template":"","format":"standard","meta":{"footnotes":""},"categories":[3,6],"tags":[],"class_list":["post-31811","post","type-post","status-publish","format-standard","has-post-thumbnail","hentry","category-manset","category-siyaset-2"],"views":5,"_links":{"self":[{"href":"https:\/\/mersinkadingazetesi.com\/index.php?rest_route=\/wp\/v2\/posts\/31811"}],"collection":[{"href":"https:\/\/mersinkadingazetesi.com\/index.php?rest_route=\/wp\/v2\/posts"}],"about":[{"href":"https:\/\/mersinkadingazetesi.com\/index.php?rest_route=\/wp\/v2\/types\/post"}],"author":[{"embeddable":true,"href":"https:\/\/mersinkadingazetesi.com\/index.php?rest_route=\/wp\/v2\/users\/2"}],"replies":[{"embeddable":true,"href":"https:\/\/mersinkadingazetesi.com\/index.php?rest_route=%2Fwp%2Fv2%2Fcomments&post=31811"}],"version-history":[{"count":0,"href":"https:\/\/mersinkadingazetesi.com\/index.php?rest_route=\/wp\/v2\/posts\/31811\/revisions"}],"wp:featuredmedia":[{"embeddable":true,"href":"https:\/\/mersinkadingazetesi.com\/index.php?rest_route=\/wp\/v2\/media\/31812"}],"wp:attachment":[{"href":"https:\/\/mersinkadingazetesi.com\/index.php?rest_route=%2Fwp%2Fv2%2Fmedia&parent=31811"}],"wp:term":[{"taxonomy":"category","embeddable":true,"href":"https:\/\/mersinkadingazetesi.com\/index.php?rest_route=%2Fwp%2Fv2%2Fcategories&post=31811"},{"taxonomy":"post_tag","embeddable":true,"href":"https:\/\/mersinkadingazetesi.com\/index.php?rest_route=%2Fwp%2Fv2%2Ftags&post=31811"}],"curies":[{"name":"wp","href":"https:\/\/api.w.org\/{rel}","templated":true}]}}