{"id":31840,"date":"2024-03-31T10:38:39","date_gmt":"2024-03-31T07:38:39","guid":{"rendered":"http:\/\/mersinkadingazetesi.com\/?p=31840"},"modified":"2024-03-31T10:38:39","modified_gmt":"2024-03-31T07:38:39","slug":"5-yildir-vatandaslarimizla-gonul-bagi-kurduk","status":"publish","type":"post","link":"https:\/\/mersinkadingazetesi.com\/?p=31840","title":{"rendered":"&#8220;5 YILDIR VATANDA\u015eLARIMIZLA G\u00d6N\u00dcL BA\u011eI KURDUK&#8221;"},"content":{"rendered":"<p>Mersin B\u00fcy\u00fck\u015fehir Belediye Ba\u015fkan\u0131 ve Cumhuriyet Halk Partisi (CHP) Mersin B\u00fcy\u00fck\u015fehir Belediye Ba\u015fkan\u0131 Vahap Se\u00e7er, B\u00fcy\u00fck\u015fehir Belediyesi taraf\u0131ndan Erdemli&#8217;de d\u00fczenlenen iftar yeme\u011finde Erdemlili yurtta\u015flarla bir araya geldi.<\/p>\n<p>&#8220;Sizleri seviyoruz, say\u0131yoruz ve hizmet etmekten gurur duyuyoruz&#8221;<\/p>\n<p>Ba\u015fkan Se\u00e7er, herkese ho\u015f geldin dileklerinde bulunarak, &#8220;Mersin B\u00fcy\u00fck\u015fehir Belediyemizin iftar davetine, Erdemli&#8217;de kurdu\u011fu Halil \u0130brahim sofras\u0131na geldi\u011finiz i\u00e7in sizlere te\u015fekk\u00fcr ediyorum. Sizleri seviyoruz, say\u0131yoruz ve hizmet etmekten gurur duyuyoruz. Allah&#8217;\u0131n izniyle, sizin hay\u0131r duan\u0131zla ve deste\u011finizle 5 y\u0131l Mehmet karde\u015fimle beraber sizlere hizmet etmekten onur ve gurur duyaca\u011f\u0131z&#8221; diye konu\u015ftu.<\/p>\n<p>&#8220;5 y\u0131ld\u0131r vatanda\u015flar\u0131m\u0131zla g\u00f6n\u00fcl ba\u011f\u0131 kurduk&#8221;<\/p>\n<p>Erdemli&#8217;de d\u00fczenlenen iftar program\u0131n\u0131n ard\u0131ndan a\u00e7\u0131klamalarda bulunan Se\u00e7er, yurtta\u015flar\u0131n enerji ve sinerjilerinin \u00e7ok g\u00fczel oldu\u011funa vurgu yapt\u0131. Se\u00e7im s\u00fcreci i\u00e7erisinde Ramazan&#8217;\u0131 idrak ettiklerini ve B\u00fcy\u00fck\u015fehir Belediyesi olarak iftar sofralar\u0131 kurduklar\u0131n\u0131 ifade eden Se\u00e7er, herkese hay\u0131rl\u0131 Ramazanlar diledi. Yurtta\u015flar\u0131n Pazar g\u00fcn\u00fc sand\u0131\u011fa gideceklerini vurgulayan Se\u00e7er, se\u00e7im sonu\u00e7lar\u0131n\u0131n da Mersin&#8217;in ve il\u00e7elerinin hayr\u0131na olmas\u0131 temennisinde bulundu. Se\u00e7er, &#8221; &#8216;Tarlada izi olan\u0131n harmanda y\u00fcz\u00fc olur&#8217; misali 5 y\u0131ld\u0131r Erdemli&#8217;de vatanda\u015flar\u0131m\u0131zla hem ileti\u015fimimiz hem de hizmetlerimizle bir g\u00f6n\u00fcl ba\u011f\u0131 kurduk. Vatanda\u015flarla sadece bo\u015f s\u00f6zlerle g\u00f6n\u00fcl ba\u011f\u0131 kurulmuyor, e\u011fer belediye ba\u015fkanl\u0131\u011f\u0131 g\u00f6revi yap\u0131yorsan\u0131z mutlaka vatanda\u015flara dokunacaks\u0131n\u0131z ve onlara hizmet edeceksiniz&#8221; dedi.<\/p>\n<p>\u00c7ocuklar,  kad\u0131nlar, ihtiya\u00e7 sahibi, tar\u0131mla u\u011fra\u015fan ve ya\u015f alm\u0131\u015f yurtta\u015flar olmak \u00fczere her kesime hizmet etmenin \u00f6nemine de\u011finen Se\u00e7er, &#8220;Yolunu yapacaks\u0131n\u0131z, suyunu getireceksiniz, onlara onlar i\u00e7in \u00e7al\u0131\u015ft\u0131\u011f\u0131n\u0131z\u0131 hissettireceksiniz ve g\u00f6n\u00fcllerine gireceksiniz. Onlar\u0131 sevdi\u011finizi, sayd\u0131\u011f\u0131n\u0131z\u0131 hissettireceksiniz. Bug\u00fcn Ba\u015fkan olarak bu sevgiyi ve alakay\u0131 g\u00f6r\u00fcyorsak, 5 y\u0131ll\u0131k s\u00fcrecin bo\u015fa ge\u00e7medi\u011fini, her saniyesinin ve dakikas\u0131n\u0131n \u00f6nemli emekler, iyi niyetle ve samimiyetle yap\u0131lm\u0131\u015f emekler oldu\u011funun g\u00f6stergesi oldu\u011funu d\u00fc\u015f\u00fcn\u00fcyorum&#8221; diye konu\u015ftu.<\/p>\n<p>&#8220;Pazar g\u00fcn\u00fc sand\u0131ktan hizmet \u00e7\u0131kar&#8221;<\/p>\n<p>31 Mart Pazar g\u00fcn\u00fc sand\u0131ktan &#8216;hizmet&#8217; \u00e7\u0131kaca\u011f\u0131n\u0131 ve bir 5 y\u0131l daha Mersinli yurtta\u015flara hizmet etme imk\u00e2n\u0131 bulacaklar\u0131n\u0131 ifade eden Se\u00e7er, &#8220;Pazar g\u00fcn\u00fc sand\u0131ktan hizmet \u00e7\u0131kar. Umar\u0131m il\u00e7e belediyelerinde de; Erdemli&#8217;den Anamur&#8217;a ve Tarsus&#8217;a kadar bir\u00e7ok b\u00f6lgede uyumla \u00e7al\u0131\u015faca\u011f\u0131m\u0131z belediye ba\u015fkan adaylar\u0131m\u0131z\u0131n zaferle \u00e7\u0131kaca\u011f\u0131 se\u00e7im olur. Bir 5 y\u0131l daha hep beraber yurtta\u015flar\u0131m\u0131za hizmet etme imkan\u0131 buluruz&#8221; ifadelerini kulland\u0131.<\/p>\n<p>&#8220;Mersin B\u00fcy\u00fck\u015fehir Belediyesi hizmetlerini yaparken asla ayr\u0131m ve particilik yapm\u0131yor&#8221;<\/p>\n<p>Mersin B\u00fcy\u00fck\u015fehir olarak 5 y\u0131l boyunca hi\u00e7 kimseyi ay\u0131rmadan hizmet ettiklerini ve herkese de ula\u015ft\u0131klar\u0131n\u0131 kaydeden Se\u00e7er, &#8220;Vatanda\u015flar\u0131m\u0131za da bir \u015feyi \u00f6\u011frettik; &#8216;Belediye Ba\u015fkan\u0131 g\u00f6rev s\u00fcresi boyunca siyaseti bir tarafa b\u0131rakacak.&#8217; \u00d6nce bu \u00e7ok anla\u015f\u0131lmad\u0131, inand\u0131r\u0131c\u0131 bulunmad\u0131 ama zaman zarf\u0131nda bakt\u0131lar ki hakikaten Mersin B\u00fcy\u00fck\u015fehir Belediyesi hizmetlerini yaparken asla ayr\u0131m ve particilik yapm\u0131yor; bu da asl\u0131nda belediyecilik a\u00e7\u0131s\u0131ndan Mersin B\u00fcy\u00fck\u015fehir Belediyesi gibi b\u00fcy\u00fck \u00f6l\u00e7ekli bir belediyede bence bir d\u00f6n\u00fc\u015f\u00fcmd\u00fcr. Pazar g\u00fcn\u00fc de zaferle sonu\u00e7lanacak bir se\u00e7imle hizmetlerimize devam ederiz&#8221; dedi.<\/p>\n","protected":false},"excerpt":{"rendered":"<p>Mersin B\u00fcy\u00fck\u015fehir Belediye Ba\u015fkan\u0131 ve Cumhuriyet Halk Partisi (CHP) Mersin B\u00fcy\u00fck\u015fehir Belediye Ba\u015fkan\u0131 Vahap Se\u00e7er, B\u00fcy\u00fck\u015fehir Belediyesi taraf\u0131ndan Erdemli&#8217;de d\u00fczenlenen iftar yeme\u011finde Erdemlili yurtta\u015flarla bir araya geldi. &#8220;Sizleri seviyoruz, say\u0131yoruz ve hizmet etmekten gurur duyuyoruz&#8221; Ba\u015fkan Se\u00e7er, herkese ho\u015f geldin dileklerinde bulunarak, &#8220;Mersin B\u00fcy\u00fck\u015fehir Belediyemizin iftar davetine, Erdemli&#8217;de kurdu\u011fu Halil \u0130brahim sofras\u0131na geldi\u011finiz i\u00e7in sizlere [&hellip;]<\/p>\n","protected":false},"author":2,"featured_media":31841,"comment_status":"open","ping_status":"open","sticky":false,"template":"","format":"standard","meta":{"footnotes":""},"categories":[2,3],"tags":[],"class_list":["post-31840","post","type-post","status-publish","format-standard","has-post-thumbnail","hentry","category-gundem","category-manset"],"views":12,"_links":{"self":[{"href":"https:\/\/mersinkadingazetesi.com\/index.php?rest_route=\/wp\/v2\/posts\/31840"}],"collection":[{"href":"https:\/\/mersinkadingazetesi.com\/index.php?rest_route=\/wp\/v2\/posts"}],"about":[{"href":"https:\/\/mersinkadingazetesi.com\/index.php?rest_route=\/wp\/v2\/types\/post"}],"author":[{"embeddable":true,"href":"https:\/\/mersinkadingazetesi.com\/index.php?rest_route=\/wp\/v2\/users\/2"}],"replies":[{"embeddable":true,"href":"https:\/\/mersinkadingazetesi.com\/index.php?rest_route=%2Fwp%2Fv2%2Fcomments&post=31840"}],"version-history":[{"count":0,"href":"https:\/\/mersinkadingazetesi.com\/index.php?rest_route=\/wp\/v2\/posts\/31840\/revisions"}],"wp:featuredmedia":[{"embeddable":true,"href":"https:\/\/mersinkadingazetesi.com\/index.php?rest_route=\/wp\/v2\/media\/31841"}],"wp:attachment":[{"href":"https:\/\/mersinkadingazetesi.com\/index.php?rest_route=%2Fwp%2Fv2%2Fmedia&parent=31840"}],"wp:term":[{"taxonomy":"category","embeddable":true,"href":"https:\/\/mersinkadingazetesi.com\/index.php?rest_route=%2Fwp%2Fv2%2Fcategories&post=31840"},{"taxonomy":"post_tag","embeddable":true,"href":"https:\/\/mersinkadingazetesi.com\/index.php?rest_route=%2Fwp%2Fv2%2Ftags&post=31840"}],"curies":[{"name":"wp","href":"https:\/\/api.w.org\/{rel}","templated":true}]}}