{"id":31843,"date":"2024-03-31T10:39:50","date_gmt":"2024-03-31T07:39:50","guid":{"rendered":"http:\/\/mersinkadingazetesi.com\/?p=31843"},"modified":"2024-03-31T10:39:50","modified_gmt":"2024-03-31T07:39:50","slug":"kir-cicegi-yagmur-turkiye-musabakalarinda-mersini-temsil-edecek-2","status":"publish","type":"post","link":"https:\/\/mersinkadingazetesi.com\/?p=31843","title":{"rendered":"KIR \u00c7\u0130\u00c7E\u011e\u0130 YA\u011eMUR, T\u00dcRK\u0130YE M\u00dcSABAKALARINDA MERS\u0130N&#8217;\u0130 TEMS\u0130L EDECEK"},"content":{"rendered":"<p>Mersin B\u00fcy\u00fck\u015fehir Belediyesi&#8217;nin K\u0131r \u00c7i\u00e7ekleri, elde ettikleri sportif ba\u015far\u0131larla, gelecek i\u00e7in umut vermeye devam ediyor. Okullar Aras\u0131 Mersin \u015eampiyonas\u0131&#8217;na taekwondo bran\u015f\u0131nda kat\u0131lan K\u0131r \u00c7i\u00e7ekleri&#8217;nden Ya\u011fmur Tek, \u00fcst \u00fcste kazand\u0131\u011f\u0131 5 ma\u00e7 sayesinde \u015fampiyon oldu. Tek, elde etti\u011fi bu ba\u015far\u0131 ile T\u00fcrkiye Yar\u0131 Final M\u00fcsabakalar\u0131&#8217;nda Mersin&#8217;i temsil edecek.<\/p>\n<p>23-25 \u015eubat 2024 tarihleri aras\u0131nda 150&#8217;ye yak\u0131n sporcunun kat\u0131l\u0131m\u0131yla tamamlanan Okullar Aras\u0131 Mersin \u015eampiyonas\u0131&#8217;nda Tek, yapt\u0131\u011f\u0131 5 ma\u00e7\u0131n\u0131 da rakiplerine b\u00fcy\u00fck bir \u00fcst\u00fcnl\u00fck sa\u011flayarak kazand\u0131 ve \u015fampiyon oldu. Ald\u0131\u011f\u0131 bu \u015fampiyonlukla Ya\u011fmur Tek, Nisan ay\u0131nda yap\u0131lacak olan T\u00fcrkiye Okullar Aras\u0131 Yar\u0131 Final M\u00fcsabakalar\u0131&#8217;na kat\u0131lmaya hak kazand\u0131.<\/p>\n","protected":false},"excerpt":{"rendered":"<p>Mersin B\u00fcy\u00fck\u015fehir Belediyesi&#8217;nin K\u0131r \u00c7i\u00e7ekleri, elde ettikleri sportif ba\u015far\u0131larla, gelecek i\u00e7in umut vermeye devam ediyor. Okullar Aras\u0131 Mersin \u015eampiyonas\u0131&#8217;na taekwondo bran\u015f\u0131nda kat\u0131lan K\u0131r \u00c7i\u00e7ekleri&#8217;nden Ya\u011fmur Tek, \u00fcst \u00fcste kazand\u0131\u011f\u0131 5 ma\u00e7 sayesinde \u015fampiyon oldu. Tek, elde etti\u011fi bu ba\u015far\u0131 ile T\u00fcrkiye Yar\u0131 Final M\u00fcsabakalar\u0131&#8217;nda Mersin&#8217;i temsil edecek. 23-25 \u015eubat 2024 tarihleri aras\u0131nda 150&#8217;ye yak\u0131n sporcunun [&hellip;]<\/p>\n","protected":false},"author":2,"featured_media":31844,"comment_status":"open","ping_status":"open","sticky":false,"template":"","format":"standard","meta":{"footnotes":""},"categories":[3,10],"tags":[],"class_list":["post-31843","post","type-post","status-publish","format-standard","has-post-thumbnail","hentry","category-manset","category-spor"],"views":12,"_links":{"self":[{"href":"https:\/\/mersinkadingazetesi.com\/index.php?rest_route=\/wp\/v2\/posts\/31843"}],"collection":[{"href":"https:\/\/mersinkadingazetesi.com\/index.php?rest_route=\/wp\/v2\/posts"}],"about":[{"href":"https:\/\/mersinkadingazetesi.com\/index.php?rest_route=\/wp\/v2\/types\/post"}],"author":[{"embeddable":true,"href":"https:\/\/mersinkadingazetesi.com\/index.php?rest_route=\/wp\/v2\/users\/2"}],"replies":[{"embeddable":true,"href":"https:\/\/mersinkadingazetesi.com\/index.php?rest_route=%2Fwp%2Fv2%2Fcomments&post=31843"}],"version-history":[{"count":0,"href":"https:\/\/mersinkadingazetesi.com\/index.php?rest_route=\/wp\/v2\/posts\/31843\/revisions"}],"wp:featuredmedia":[{"embeddable":true,"href":"https:\/\/mersinkadingazetesi.com\/index.php?rest_route=\/wp\/v2\/media\/31844"}],"wp:attachment":[{"href":"https:\/\/mersinkadingazetesi.com\/index.php?rest_route=%2Fwp%2Fv2%2Fmedia&parent=31843"}],"wp:term":[{"taxonomy":"category","embeddable":true,"href":"https:\/\/mersinkadingazetesi.com\/index.php?rest_route=%2Fwp%2Fv2%2Fcategories&post=31843"},{"taxonomy":"post_tag","embeddable":true,"href":"https:\/\/mersinkadingazetesi.com\/index.php?rest_route=%2Fwp%2Fv2%2Ftags&post=31843"}],"curies":[{"name":"wp","href":"https:\/\/api.w.org\/{rel}","templated":true}]}}