{"id":31846,"date":"2024-03-31T10:42:26","date_gmt":"2024-03-31T07:42:26","guid":{"rendered":"http:\/\/mersinkadingazetesi.com\/?p=31846"},"modified":"2024-03-31T10:42:26","modified_gmt":"2024-03-31T07:42:26","slug":"buyuksehir-ureten-kadinlari-desteklemeye-ve-butcelerine-katki-sunmaya-devam-ediyor","status":"publish","type":"post","link":"https:\/\/mersinkadingazetesi.com\/?p=31846","title":{"rendered":"B\u00dcY\u00dcK\u015eEH\u0130R, \u00dcRETEN KADINLARI DESTEKLEMEYE VE B\u00dcT\u00c7ELER\u0130NE KATKI SUNMAYA DEVAM ED\u0130YOR"},"content":{"rendered":"<p>Kent genelinde kad\u0131n elinden \u00fcretimi \u00f6nceleyen ve \u00fcretici kad\u0131n stantlar\u0131 ile kad\u0131n eme\u011fini g\u00f6r\u00fcn\u00fcr k\u0131lan Mersin B\u00fcy\u00fck\u015fehir Belediyesi, Marina&#8217;n\u0131n kuzeybat\u0131s\u0131nda yer alan Trafik Park&#8217;ta a\u00e7m\u0131\u015f oldu\u011fu 11 adet sat\u0131\u015f birimi ile \u00fcretici kad\u0131nlara destek olmaya devam ediyor. \u0130\u00e7erisinde kad\u0131nlar\u0131n el eme\u011fi \u00fcretti\u011fi \u00fcr\u00fcnlerin yer ald\u0131\u011f\u0131 Kooperatif Market&#8217;in yan\u0131 s\u0131ra, park i\u00e7erisinde yer alan sat\u0131\u015f birimlerinde kad\u0131nlar, \u00fcretmi\u015f oldu\u011fu \u00fcr\u00fcnleri daha geni\u015f kitlelere ula\u015ft\u0131rma ve b\u00fct\u00e7elerine katk\u0131 sa\u011flama imk\u00e2n\u0131 buluyor.<\/p>\n<p>&#8220;Bozdo\u011fan: Market&#8217;te Hakk\u00e2ri&#8217;den \u0130zmir&#8217;e kadar b\u00f6lgeye has \u00f6zellikli \u00fcr\u00fcnleri yer&#8221;<\/p>\n<p>Mersinden Kad\u0131n Kooperatifi Y\u00f6netim Kurulu \u00dcyesi Eylem Bozdo\u011fan, Trafik Park&#8217;ta yer alan Kooperatif Market&#8217;te kad\u0131n eme\u011finin de\u011ferlendi\u011fini ifade ederek, &#8220;T\u00fcrkiye&#8217;deki kooperatiflerin, \u00f6zellikle kad\u0131n kooperatiflerin en b\u00fcy\u00fck sorunu pazar. Yani \u00fcreticiler, \u00fcr\u00fcnlerini t\u00fcketiciye ula\u015ft\u0131rma k\u0131sm\u0131nda sorunlar ya\u015f\u0131yor. Mersin B\u00fcy\u00fck\u015fehir Belediyesi&#8217;nin de bu anlamda a\u00e7m\u0131\u015f oldu\u011fu Kooperatif Market \u00e7ok g\u00fczel bir hizmet. \u00c7\u00fcnk\u00fc, burada direkt halka kad\u0131n eme\u011fiyle \u00fcretilmi\u015f \u00fcr\u00fcnleri sergileme imk\u00e2n\u0131 sunuyor. \u00dcstelik, sadece Mersin&#8217; deki kad\u0131n kooperatiflerini de\u011fil, Hakk\u00e2ri&#8217;den \u0130zmir&#8217;e kadar t\u00fcm kad\u0131n kooperatiflerinin o b\u00f6lgeye has \u00f6zellikli \u00fcr\u00fcnleri yer al\u0131yor&#8221; dedi.<\/p>\n<p>&#8220;Buras\u0131; kooperatiflerle, t\u00fcketicileri bulu\u015fturan k\u0131ymetli bir yer&#8221;<\/p>\n<p>Kooperatif Market&#8217;te yakla\u015f\u0131k 20&#8217;ye yak\u0131n kad\u0131n kooperatifinin \u00fcr\u00fcnlerinin yer ald\u0131\u011f\u0131n\u0131 aktaran Bozdo\u011fan, \u00fcr\u00fcn \u00e7e\u015fitlili\u011finin ise olduk\u00e7a fazla oldu\u011funu belirtti. Kooperatif Market&#8217;in konumu itibariyle de \u00fcreticilere olduk\u00e7a avantaj sa\u011flayan bir b\u00f6lgede oldu\u011funu kaydeden Bozdo\u011fan, &#8220;Buras\u0131 tam Marina&#8217;n\u0131n kar\u015f\u0131s\u0131nda yer al\u0131yor. Mersin&#8217;in en g\u00f6zde yerlerinden biri. \u0130nsanlar\u0131n u\u011frak noktas\u0131. B\u00f6yle bir yerde \u00fcr\u00fcn sergiliyor olmak kooperatifler i\u00e7in \u00e7ok b\u00fcy\u00fck bir avantaj. \u00c7\u00fcnk\u00fc burada t\u00fcketicilere direkt ula\u015fabiliyorsunuz. Kooperatifler genelde \u00fcr\u00fcnlerini sosyal medya \u00fczerinden satmaya \u00e7al\u0131\u015f\u0131yorlar ancak \u00e7ok s\u0131n\u0131rl\u0131 say\u0131da ki\u015fiye ula\u015fabiliyorlar. Buras\u0131; t\u00fcketicilerin kad\u0131n eme\u011fiyle al\u0131\u015ft\u0131\u011f\u0131m\u0131z ve y\u00f6resel lezzetleri bulabilecekleri, kooperatiflerle, t\u00fcketicileri bulu\u015fturan k\u0131ymetli bir yer&#8221; s\u00f6zlerine yer verdi.<\/p>\n<p>B\u00fcy\u00fck\u015fehir Belediyesi&#8217;nin Tar\u0131msal Hizmetler Dairesi b\u00fcnyesinde bir kooperatif birimi oldu\u011funu da s\u00f6yleyen Bozdo\u011fan, &#8220;Kooperatiflerin ihtiya\u00e7 duyduklar\u0131 e\u011fitimler, planlama ve organizma, organizasyonlar bu birimde yap\u0131l\u0131yor. Burada ise kooperatifler, Deniz K\u0131z\u0131 A.\u015e. b\u00fcnyesinde \u00fcr\u00fcnlerini sergileme ve pazarlama imk\u00e2n\u0131 buluyor&#8221; dedi.<\/p>\n<p>Sucuo\u011flu: &#8220;Burada hem sat\u0131\u015f yap\u0131yoruz hem gelenlerle tan\u0131\u015f\u0131p, sohbet edebiliyoruz&#8221;<\/p>\n<p>Trafik Park&#8217;ta kendi el eme\u011fi ile deriden \u00fcr\u00fcnler \u00fcreten Badeg\u00fcl U\u00e7an Sucuo\u011flu,  B\u00fcy\u00fck\u015fehir Belediyesi&#8217;nin kad\u0131n \u00fcreticileri kent genelinde destekledi\u011fini belirterek, &#8220;\u00dcr\u00fcnlerimizi burada sat\u0131\u015fa sunuyoruz. Ayn\u0131 zamanda herkesle tan\u0131\u015fma f\u0131rsat\u0131 da buluyoruz. Bu sayede onlar da bizi tan\u0131yorlar. Yoksa tek ba\u015f\u0131m\u0131za bir yerlere ula\u015fabilmek \u00e7ok zor. Burada hem sat\u0131\u015f yap\u0131yoruz hem gelenlerle tan\u0131\u015f\u0131p, sohbet edebiliyoruz. Buradaki di\u011fer \u00fcretici kad\u0131nlarla i\u015f birli\u011fi de yapabiliyoruz&#8221; dedi.<\/p>\n<p>Trafik Park ziyaret\u00e7ilerinin d\u00fckk\u00e2nlar\u0131na da muhakkak u\u011frad\u0131\u011f\u0131n\u0131 s\u00f6yleyen Sucuo\u011flu, &#8220;Aileler \u00e7ocuklar\u0131 ile vakit ge\u00e7irirken burada bizimle bizim ne yapt\u0131\u011f\u0131m\u0131z\u0131 da g\u00f6rebiliyorlar. Hatta etrafta oturan kom\u015fular y\u00fcr\u00fcy\u00fc\u015fe indiklerinde bize de u\u011fray\u0131p, &#8216;G\u00fcnayd\u0131n, bol kazan\u00e7lar&#8217; diyorlar. Bunlar\u0131n olmas\u0131 da \u00e7ok \u00f6nemli&#8221; diye konu\u015ftu.<\/p>\n<p>Yal\u00e7\u0131n: &#8221; Mersin B\u00fcy\u00fck\u015fehir Belediyesi kadar kad\u0131na de\u011fer veren bir belediye g\u00f6rmedim&#8221;<\/p>\n<p>Covid d\u00f6neminde el becerilerini geli\u015ftiren ve daha \u00f6nce B\u00fcy\u00fck\u015fehir&#8217;in \u00fcretici kad\u0131n stantlar\u0131nda s\u0131k s\u0131k yer ald\u0131\u011f\u0131n\u0131 s\u00f6yleyen 24 ya\u015f\u0131ndaki Zarasu Yal\u00e7\u0131n, &#8220;Burada bu \u015fekilde kendimizi tan\u0131t\u0131yoruz. \u0130nsanlar bizi g\u00f6r\u00fcyor, tan\u0131yor ve \u00fcr\u00fcnlerimizi g\u00f6r\u00fcyor. \u0130leride daha sa\u011flam temeller atabilmem i\u00e7in erken ya\u015fta b\u00f6yle bir ad\u0131m atmak bana art\u0131 katt\u0131.  Mersin B\u00fcy\u00fck\u015fehir Belediyesi kadar kad\u0131na de\u011fer veren bir belediye g\u00f6rmedim. Ayn\u0131 \u015fekilde Mersin \u00e7ok belediye ba\u015fkan\u0131 g\u00f6rd\u00fc ama Vahap Ba\u015fkan sayesinde kad\u0131na bu kadar de\u011fer verildi\u011fini ben ilk defa g\u00f6r\u00fcyorum. Ben \u00fcniversiteyi hem farkl\u0131 bir \u015fehirde okudum hem de \u00e7ok il gezdim ama burada B\u00fcy\u00fck\u015fehir&#8217;in kad\u0131na verdi\u011fi deste\u011fi her yerde g\u00f6rebiliyoruz. Kad\u0131n \u015fof\u00f6rler, \u00fcretici kad\u0131n stantlar\u0131&#8230; Bu a\u00e7\u0131dan \u00e7ok \u015fansl\u0131y\u0131z&#8221; ifadelerini kulland\u0131.<\/p>\n<p>Serbest: &#8220;Burada kendimi d\u00fckk\u00e2n sahibi gibi hissediyorum&#8221;<\/p>\n<p>Emekli \u00f6\u011fretmen H\u00fclya Serbest de, \u00f6nceleri sosyal medyada sat\u0131\u015f yapt\u0131\u011f\u0131n\u0131, B\u00fcy\u00fck\u015fehir Belediyesi&#8217;nin \u00fcretici kad\u0131n stantlar\u0131n\u0131 ke\u015ffedince buradan sat\u0131\u015f yapt\u0131\u011f\u0131n\u0131 kaydederek, &#8220;Buradan \u00e7ok memnunuz. Burada kendimi d\u00fckk\u00e2n sahibi gibi hissediyorum. Ayn\u0131 zamanda burada bir s\u00fcr\u00fc insan da tan\u0131d\u0131m. Birebir canl\u0131 sat\u0131\u015f\u0131n ilk tecr\u00fcbesini burada ya\u015fad\u0131m ve \u00e7ok g\u00fczel bir duyguydu. Bir \u0130lkokul \u00f6\u011fretmeni oldu\u011fum i\u00e7in de \u00e7ok duygulan\u0131yorum \u00e7\u00fcnk\u00fc \u00e7ocuklarla i\u00e7 i\u00e7eyiz. Buras\u0131 severek geldi\u011fimiz bir yer haline geldi. Mersin B\u00fcy\u00fck\u015fehir Belediyesi kesinlikle kad\u0131n dostu bir belediye ve kad\u0131nlara sonuna kadar destek oluyor&#8221; s\u00f6zlerine yer verdi.<\/p>\n<p>\u00dcnl\u00fc: &#8220;Buras\u0131 bizim bir evimiz gibi&#8221;<\/p>\n<p>El eme\u011fi \u00fcr\u00fcnler satan Asl\u0131han G\u00fcll\u00fc \u00dcnl\u00fc kendisinin sat\u0131\u015f yaparken \u00e7ocu\u011fun Trafik Park&#8217;ta g\u00fcvenle oynad\u0131\u011f\u0131n\u0131 kaydederek, &#8220;\u00c7ocu\u011fum burada g\u00f6n\u00fcl rahatl\u0131\u011f\u0131 ile oynayabiliyor, ak\u00fcl\u00fc arabalara binebiliyor, kendi oyuncaklar\u0131yla oynay\u0131p zaman ge\u00e7irebiliyor. Benim i\u00e7in en \u00f6nemlisi bu. Burada \u00fcr\u00fcnlerimizi rahatl\u0131kla sergileyebiliyoruz, sat\u0131\u015f yapabiliyoruz ve arkada\u015flar\u0131m\u0131zla sohbetler edebiliyoruz. Buras\u0131 bizim bir evimiz gibi&#8221; dedi.<\/p>\n<p>Trafik Park&#8217;ta her \u015feyin d\u00fc\u015f\u00fcn\u00fcld\u00fc\u011f\u00fcn\u00fc de aktaran \u00dcnl\u00fc, &#8220;Burada herkesi d\u00fc\u015f\u00fcn\u00fclerek hareket edilmi\u015f. Mersin sahil \u015feridine yap\u0131lm\u0131\u015f en g\u00fczel alanlardan bir tanesi. Hemen Marina&#8217;n\u0131n kar\u015f\u0131s\u0131nda olmas\u0131yla da \u00e7ok u\u011frak bir noktada&#8221; dedi.<\/p>\n<p>\u00c7ok fonksiyonlu yap\u0131s\u0131yla hem \u00e7ocuklara hem yeti\u015fkinlere B\u00fcy\u00fck\u015fehir&#8217;den Trafik Park<\/p>\n<p>Mersin&#8217;de bir ilk olma \u00f6zelli\u011fi ta\u015f\u0131yan, 12 bin metrekarelik alana kurulu ve B\u00fcy\u00fck\u015fehir Belediyesi Yeni\u015fehir Okuma Salonu yan\u0131nda yer alan Trafik Park; minyat\u00fcr trafik parkuru ile \u00e7ocuklara trafikte emniyetli olman\u0131n \u00f6nemini e\u011flenceli bir \u015fekilde anlat\u0131yor. Yeti\u015fkinlerin zaman ge\u00e7irmesi i\u00e7in de masa tenisi, mini golf sahalar\u0131, oyun alanlar\u0131 ve \u00e7im tepeleri ile e\u011flence, spor ve sosyal alanlar\u0131n bir arada oldu\u011fu \u00e7ok i\u015flevsel bir \u00f6zellik sunuyor. Ayn\u0131 zamanda i\u00e7erisinde yer alan Kooperatif Marketin yan\u0131 s\u0131ra 11 adet sat\u0131\u015f birimi ile de kad\u0131nlar\u0131n el eme\u011fi ile \u00fcretti\u011fi \u00fcr\u00fcnlerin sat\u0131lmas\u0131na imk\u00e2n tan\u0131yor.<\/p>\n","protected":false},"excerpt":{"rendered":"<p>Kent genelinde kad\u0131n elinden \u00fcretimi \u00f6nceleyen ve \u00fcretici kad\u0131n stantlar\u0131 ile kad\u0131n eme\u011fini g\u00f6r\u00fcn\u00fcr k\u0131lan Mersin B\u00fcy\u00fck\u015fehir Belediyesi, Marina&#8217;n\u0131n kuzeybat\u0131s\u0131nda yer alan Trafik Park&#8217;ta a\u00e7m\u0131\u015f oldu\u011fu 11 adet sat\u0131\u015f birimi ile \u00fcretici kad\u0131nlara destek olmaya devam ediyor. \u0130\u00e7erisinde kad\u0131nlar\u0131n el eme\u011fi \u00fcretti\u011fi \u00fcr\u00fcnlerin yer ald\u0131\u011f\u0131 Kooperatif Market&#8217;in yan\u0131 s\u0131ra, park i\u00e7erisinde yer alan sat\u0131\u015f birimlerinde [&hellip;]<\/p>\n","protected":false},"author":2,"featured_media":31847,"comment_status":"open","ping_status":"open","sticky":false,"template":"","format":"standard","meta":{"footnotes":""},"categories":[8,3],"tags":[],"class_list":["post-31846","post","type-post","status-publish","format-standard","has-post-thumbnail","hentry","category-ekonomi","category-manset"],"views":4,"_links":{"self":[{"href":"https:\/\/mersinkadingazetesi.com\/index.php?rest_route=\/wp\/v2\/posts\/31846"}],"collection":[{"href":"https:\/\/mersinkadingazetesi.com\/index.php?rest_route=\/wp\/v2\/posts"}],"about":[{"href":"https:\/\/mersinkadingazetesi.com\/index.php?rest_route=\/wp\/v2\/types\/post"}],"author":[{"embeddable":true,"href":"https:\/\/mersinkadingazetesi.com\/index.php?rest_route=\/wp\/v2\/users\/2"}],"replies":[{"embeddable":true,"href":"https:\/\/mersinkadingazetesi.com\/index.php?rest_route=%2Fwp%2Fv2%2Fcomments&post=31846"}],"version-history":[{"count":0,"href":"https:\/\/mersinkadingazetesi.com\/index.php?rest_route=\/wp\/v2\/posts\/31846\/revisions"}],"wp:featuredmedia":[{"embeddable":true,"href":"https:\/\/mersinkadingazetesi.com\/index.php?rest_route=\/wp\/v2\/media\/31847"}],"wp:attachment":[{"href":"https:\/\/mersinkadingazetesi.com\/index.php?rest_route=%2Fwp%2Fv2%2Fmedia&parent=31846"}],"wp:term":[{"taxonomy":"category","embeddable":true,"href":"https:\/\/mersinkadingazetesi.com\/index.php?rest_route=%2Fwp%2Fv2%2Fcategories&post=31846"},{"taxonomy":"post_tag","embeddable":true,"href":"https:\/\/mersinkadingazetesi.com\/index.php?rest_route=%2Fwp%2Fv2%2Ftags&post=31846"}],"curies":[{"name":"wp","href":"https:\/\/api.w.org\/{rel}","templated":true}]}}