{"id":31883,"date":"2024-04-02T17:47:51","date_gmt":"2024-04-02T14:47:51","guid":{"rendered":"http:\/\/mersinkadingazetesi.com\/?p=31883"},"modified":"2024-04-02T17:47:51","modified_gmt":"2024-04-02T14:47:51","slug":"kendinizle-gurur-duyun-alkislayin","status":"publish","type":"post","link":"https:\/\/mersinkadingazetesi.com\/?p=31883","title":{"rendered":"\u2018KEND\u0130N\u0130ZLE GURUR DUYUN, ALKI\u015eLAYIN\u2019"},"content":{"rendered":"<p>Tarsus&#8217;un \u00e7i\u00e7e\u011fi burnunda Belediye Ba\u015fkan\u0131 Ali Bolta\u00e7 ilk ziyaretini emeklilere ger\u00e7ekle\u015ftirdi. Bolta\u00e7, &#8220;Bu bizim oldu\u011fu kadar emeklilerin de zaferidir&#8221; dedi.<\/p>\n<p>31 Mart yerel se\u00e7im sonu\u00e7lar\u0131na g\u00f6re Tarsus Belediye Ba\u015fkanl\u0131\u011f\u0131n\u0131 kazanan CHP&#8217;li Ali Bolta\u00e7, emeklilerle bulu\u015ftu.<\/p>\n<p>Tarsus K\u00fclt\u00fcr Park\u0131 i\u00e7inde bulunan B\u00fcy\u00fck\u015fehir Belediyesi&#8217;ne ba\u011fl\u0131 Emekli Evi&#8217;nde davul ve zurna ile kar\u015f\u0131lanan \u00e7i\u00e7e\u011fi burnunda Belediye Ba\u015fkan\u0131 Ali Bolta\u00e7, konu\u015fmas\u0131na emeklileri alk\u0131\u015flayarak ba\u015flad\u0131. Bolta\u00e7, &#8220;Beni alk\u0131\u015flamay\u0131n. Sizler \u00f6nce kendinizi alk\u0131\u015flay\u0131n. Bu zaferde en az bizim kadar hakk\u0131n\u0131z var, eme\u011finiz var, oyunuz var. Sizlere te\u015fekk\u00fcr ediyorum&#8221; dedi.<\/p>\n<p>Yo\u011fun alk\u0131\u015f ve tezah\u00fcratlar aras\u0131nda konu\u015fmas\u0131n\u0131 s\u00fcrd\u00fcren Belediye Ba\u015fkan\u0131 Ali Bolta\u00e7, &#8220;T\u00fcrkiye&#8217;de, Mersin&#8217;de, Tarsus&#8217;ta b\u00fcy\u00fck bir ba\u015far\u0131ya imza att\u0131k. \u00dclkemizin haritas\u0131n\u0131 k\u0131rm\u0131z\u0131ya boyad\u0131k. Sizler bu k\u00f6t\u00fc gidi\u015fata dur dediniz. Yerel se\u00e7imde ald\u0131\u011f\u0131n\u0131z bu ba\u015far\u0131y\u0131 genel se\u00e7imlere ta\u015f\u0131mak i\u00e7in var g\u00fcc\u00fcm\u00fczle \u00e7al\u0131\u015faca\u011f\u0131z.&#8221; \u015feklinde konu\u015ftu.<\/p>\n<p>Tarsus&#8217;u \u00f6n\u00fcm\u00fczdeki 5 y\u0131l boyunca ald\u0131\u011f\u0131 oylar\u0131n hakk\u0131n\u0131 vererek y\u00f6netece\u011fini vurgulayan Ba\u015fkan Bolta\u00e7, &#8220;Tarsus e\u015fit ve adil bir hizmeti hak ediyor. \u00d6n\u00fcm\u00fczdeki s\u00fcre\u00e7te Tarsus&#8217;taki de\u011fi\u015fimin fark\u0131na varacaks\u0131n\u0131z. Siz de\u011ferli emeklilerimiz her zaman ba\u015f\u0131m\u0131z\u0131n tac\u0131 olacak. Sorunlar\u0131n\u0131za s\u0131rt\u0131m\u0131z\u0131 d\u00f6nmeyece\u011fiz. \u00c7\u00f6z\u00fcm odakl\u0131 \u00e7al\u0131\u015faca\u011f\u0131z. Ya\u015famaktan mutlu ve huzurlu olaca\u011f\u0131n\u0131z bir Tarsus yaratmak i\u00e7in t\u00fcm imkanlar\u0131m\u0131z\u0131 seferber edece\u011fiz&#8221; diyerek s\u00f6zlerini noktalad\u0131.<\/p>\n","protected":false},"excerpt":{"rendered":"<p>Tarsus&#8217;un \u00e7i\u00e7e\u011fi burnunda Belediye Ba\u015fkan\u0131 Ali Bolta\u00e7 ilk ziyaretini emeklilere ger\u00e7ekle\u015ftirdi. Bolta\u00e7, &#8220;Bu bizim oldu\u011fu kadar emeklilerin de zaferidir&#8221; dedi. 31 Mart yerel se\u00e7im sonu\u00e7lar\u0131na g\u00f6re Tarsus Belediye Ba\u015fkanl\u0131\u011f\u0131n\u0131 kazanan CHP&#8217;li Ali Bolta\u00e7, emeklilerle bulu\u015ftu. Tarsus K\u00fclt\u00fcr Park\u0131 i\u00e7inde bulunan B\u00fcy\u00fck\u015fehir Belediyesi&#8217;ne ba\u011fl\u0131 Emekli Evi&#8217;nde davul ve zurna ile kar\u015f\u0131lanan \u00e7i\u00e7e\u011fi burnunda Belediye Ba\u015fkan\u0131 Ali [&hellip;]<\/p>\n","protected":false},"author":2,"featured_media":31884,"comment_status":"open","ping_status":"open","sticky":false,"template":"","format":"standard","meta":{"footnotes":""},"categories":[3],"tags":[],"class_list":["post-31883","post","type-post","status-publish","format-standard","has-post-thumbnail","hentry","category-manset"],"views":3,"_links":{"self":[{"href":"https:\/\/mersinkadingazetesi.com\/index.php?rest_route=\/wp\/v2\/posts\/31883"}],"collection":[{"href":"https:\/\/mersinkadingazetesi.com\/index.php?rest_route=\/wp\/v2\/posts"}],"about":[{"href":"https:\/\/mersinkadingazetesi.com\/index.php?rest_route=\/wp\/v2\/types\/post"}],"author":[{"embeddable":true,"href":"https:\/\/mersinkadingazetesi.com\/index.php?rest_route=\/wp\/v2\/users\/2"}],"replies":[{"embeddable":true,"href":"https:\/\/mersinkadingazetesi.com\/index.php?rest_route=%2Fwp%2Fv2%2Fcomments&post=31883"}],"version-history":[{"count":0,"href":"https:\/\/mersinkadingazetesi.com\/index.php?rest_route=\/wp\/v2\/posts\/31883\/revisions"}],"wp:featuredmedia":[{"embeddable":true,"href":"https:\/\/mersinkadingazetesi.com\/index.php?rest_route=\/wp\/v2\/media\/31884"}],"wp:attachment":[{"href":"https:\/\/mersinkadingazetesi.com\/index.php?rest_route=%2Fwp%2Fv2%2Fmedia&parent=31883"}],"wp:term":[{"taxonomy":"category","embeddable":true,"href":"https:\/\/mersinkadingazetesi.com\/index.php?rest_route=%2Fwp%2Fv2%2Fcategories&post=31883"},{"taxonomy":"post_tag","embeddable":true,"href":"https:\/\/mersinkadingazetesi.com\/index.php?rest_route=%2Fwp%2Fv2%2Ftags&post=31883"}],"curies":[{"name":"wp","href":"https:\/\/api.w.org\/{rel}","templated":true}]}}