{"id":31892,"date":"2024-04-03T12:54:41","date_gmt":"2024-04-03T09:54:41","guid":{"rendered":"http:\/\/mersinkadingazetesi.com\/?p=31892"},"modified":"2024-04-03T12:54:41","modified_gmt":"2024-04-03T09:54:41","slug":"chpli-av-ulas-yilmaztan-secmenlere-tesekkur","status":"publish","type":"post","link":"https:\/\/mersinkadingazetesi.com\/?p=31892","title":{"rendered":"CHP&#8217;li Av. Ula\u015f Y\u0131lmaz&#8217;tan se\u00e7menlere te\u015fekk\u00fcr"},"content":{"rendered":"<p>Cumhuriyet Halk Partisi Mezitli \u0130l\u00e7e Ba\u015fkan\u0131 Av. Ula\u015f Y\u0131lmaz, partisini T\u00fcrkiye&#8217;de birinci parti yapan, Mezitli&#8217;de tarihi oy fark\u0131 ile se\u00e7en vatanda\u015flara te\u015fekk\u00fcr ederek, &#8220;Mezitli&#8217;yi ve t\u00fcm Mersin&#8217;i kat\u0131l\u0131mc\u0131 ve sosyal demokrat belediyecilik anlay\u0131\u015f\u0131yla hak etti\u011fi yere ta\u015f\u0131yaca\u011f\u0131z&#8221; dedi.<\/p>\n<p>Cumhuriyet Halk Partisi Mezitli \u0130l\u00e7e Ba\u015fkan\u0131 Av. Ula\u015f Y\u0131lmaz, 31 Mart&#8217;ta ger\u00e7ekle\u015fen yerel se\u00e7imlerin sonu\u00e7lar\u0131n\u0131 de\u011ferlendirdi.<br \/>\n31 Mart se\u00e7imlerinin T\u00fcrkiye siyasi tarihi a\u00e7\u0131s\u0131ndan \u00f6nemli oldu\u011funa i\u015faret eden Y\u0131lmaz, \u015funlar\u0131 s\u00f6yledi: &#8220;Vatanda\u015f\u0131m\u0131z tercihini de\u011fi\u015fimden, sosyal belediyecilikten yana kulland\u0131. Se\u00e7im sonu\u00e7lar\u0131 t\u00fcm T\u00fcrkiye&#8217;de umut oldu. Vatanda\u015f\u0131m\u0131z\u0131n umudunu bo\u015fa \u00e7\u0131karmamak i\u00e7in gece g\u00fcnd\u00fcz \u00e7al\u0131\u015fmaya devam edece\u011fiz. Cumhuriyet Halk Partisi&#8217;ni Mersin&#8217;de ve T\u00fcrkiye&#8217;de birinci parti yapan, Mezitli&#8217;de tarihi oy fark\u0131 ile partimizin aday\u0131 Ahmet Serkan Tuncer&#8217;i se\u00e7en t\u00fcm vatanda\u015flar\u0131m\u0131za te\u015fekk\u00fcr ediyorum. Vatanda\u015f\u0131m\u0131z\u0131n umudunu halk\u0131n iktidar\u0131 ile ta\u00e7land\u0131raca\u011f\u0131z.&#8221;<br \/>\nTuncer&#8217;in mazbata t\u00f6renine vatanda\u015flar\u0131 davet eden Y\u0131lmaz, &#8220;Belediye Ba\u015fkan\u0131m\u0131z Ahmet Serkan Tuncer mazbatas\u0131n\u0131 ald\u0131ktan sonra Saat:17.00&#8217;da Mezitli belediyemizde olacakt\u0131r. T\u00fcm vatanda\u015flar\u0131m\u0131z\u0131 bu co\u015fkuya ortak olmaya davet ediyorum. Mezitli&#8217;yi ve t\u00fcm Mersin&#8217;i kat\u0131l\u0131mc\u0131 ve sosyal demokrat belediyecilik anlay\u0131\u015f\u0131yla hak etti\u011fi yere ta\u015f\u0131yaca\u011f\u0131z&#8221; ifadelerini kulland\u0131.<\/p>\n","protected":false},"excerpt":{"rendered":"<p>Cumhuriyet Halk Partisi Mezitli \u0130l\u00e7e Ba\u015fkan\u0131 Av. Ula\u015f Y\u0131lmaz, partisini T\u00fcrkiye&#8217;de birinci parti yapan, Mezitli&#8217;de tarihi oy fark\u0131 ile se\u00e7en vatanda\u015flara te\u015fekk\u00fcr ederek, &#8220;Mezitli&#8217;yi ve t\u00fcm Mersin&#8217;i kat\u0131l\u0131mc\u0131 ve sosyal demokrat belediyecilik anlay\u0131\u015f\u0131yla hak etti\u011fi yere ta\u015f\u0131yaca\u011f\u0131z&#8221; dedi. Cumhuriyet Halk Partisi Mezitli \u0130l\u00e7e Ba\u015fkan\u0131 Av. Ula\u015f Y\u0131lmaz, 31 Mart&#8217;ta ger\u00e7ekle\u015fen yerel se\u00e7imlerin sonu\u00e7lar\u0131n\u0131 de\u011ferlendirdi. 31 [&hellip;]<\/p>\n","protected":false},"author":2,"featured_media":31893,"comment_status":"open","ping_status":"open","sticky":false,"template":"","format":"standard","meta":{"footnotes":""},"categories":[3],"tags":[],"class_list":["post-31892","post","type-post","status-publish","format-standard","has-post-thumbnail","hentry","category-manset"],"views":13,"_links":{"self":[{"href":"https:\/\/mersinkadingazetesi.com\/index.php?rest_route=\/wp\/v2\/posts\/31892"}],"collection":[{"href":"https:\/\/mersinkadingazetesi.com\/index.php?rest_route=\/wp\/v2\/posts"}],"about":[{"href":"https:\/\/mersinkadingazetesi.com\/index.php?rest_route=\/wp\/v2\/types\/post"}],"author":[{"embeddable":true,"href":"https:\/\/mersinkadingazetesi.com\/index.php?rest_route=\/wp\/v2\/users\/2"}],"replies":[{"embeddable":true,"href":"https:\/\/mersinkadingazetesi.com\/index.php?rest_route=%2Fwp%2Fv2%2Fcomments&post=31892"}],"version-history":[{"count":0,"href":"https:\/\/mersinkadingazetesi.com\/index.php?rest_route=\/wp\/v2\/posts\/31892\/revisions"}],"wp:featuredmedia":[{"embeddable":true,"href":"https:\/\/mersinkadingazetesi.com\/index.php?rest_route=\/wp\/v2\/media\/31893"}],"wp:attachment":[{"href":"https:\/\/mersinkadingazetesi.com\/index.php?rest_route=%2Fwp%2Fv2%2Fmedia&parent=31892"}],"wp:term":[{"taxonomy":"category","embeddable":true,"href":"https:\/\/mersinkadingazetesi.com\/index.php?rest_route=%2Fwp%2Fv2%2Fcategories&post=31892"},{"taxonomy":"post_tag","embeddable":true,"href":"https:\/\/mersinkadingazetesi.com\/index.php?rest_route=%2Fwp%2Fv2%2Ftags&post=31892"}],"curies":[{"name":"wp","href":"https:\/\/api.w.org\/{rel}","templated":true}]}}