{"id":31902,"date":"2024-04-04T12:41:53","date_gmt":"2024-04-04T09:41:53","guid":{"rendered":"http:\/\/mersinkadingazetesi.com\/?p=31902"},"modified":"2024-04-04T12:41:53","modified_gmt":"2024-04-04T09:41:53","slug":"mezitli-belediye-baskani-ahmet-serkan-tuncerden-ornek-davranis","status":"publish","type":"post","link":"https:\/\/mersinkadingazetesi.com\/?p=31902","title":{"rendered":"Mezitli Belediye Ba\u015fkan\u0131 Ahmet Serkan Tuncer&#8217;den \u00d6rnek Davran\u0131\u015f"},"content":{"rendered":"<p>Cumhuriyet Halk Partisi Mezitli Belediye Ba\u015fkan\u0131 Ahmet Serkan Tuncer; mazbatas\u0131n\u0131 ald\u0131ktan sonra geleneksel tebrik hediyeleri yerine, \u00c7a\u011fda\u015f Ya\u015fam\u0131 Destekleme Derne\u011fi ve Atat\u00fcrk\u00e7\u00fc D\u00fc\u015f\u00fcnce Derne\u011fine ba\u011f\u0131\u015f yap\u0131lmas\u0131n\u0131 isteyerek, \u00f6rnek bir davran\u0131\u015f sergiledi.Ba\u015fkan Tuncer, bu karar\u0131n\u0131n toplum i\u00e7in daha anlaml\u0131 ve faydal\u0131 olaca\u011f\u0131n\u0131 vurgulad\u0131.<\/p>\n<p>Tuncer; kendisi ve y\u00f6netim ekibinin toplumun e\u011fitim, k\u00fclt\u00fcr ve sosyal geli\u015fimine katk\u0131 sa\u011flama amac\u0131yla b\u00f6yle bir ad\u0131m att\u0131klar\u0131n\u0131 belirterek; &#8220;G\u00f6revimize ba\u015flad\u0131\u011f\u0131m\u0131z an gelmeye ba\u015flayan hediyeler i\u00e7in \u00f6ncelikle te\u015fekk\u00fcr ederim. Her biri \u00e7ok k\u0131ymetli ve bizler i\u00e7in \u00e7ok \u00f6zel. Geleneksel hediyelerden ziyade, birbirinden k\u0131ymetli derneklerimize ba\u011f\u0131\u015f yap\u0131lmas\u0131n\u0131n daha do\u011fru olaca\u011f\u0131n\u0131 d\u00fc\u015f\u00fcnd\u00fck.<\/p>\n<p>Bu ba\u011f\u0131\u015flar\u0131n sadece maddi yard\u0131m de\u011fil, ayn\u0131 zamanda toplumda bilin\u00e7lenmeyi, Atat\u00fcrk ilke ve ink\u0131laplar\u0131 do\u011frultusunda hareket etmeyi te\u015fvik edece\u011fine inan\u0131yoruz. Bu ad\u0131m\u0131n, belediyemizin toplumla daha g\u00fc\u00e7l\u00fc bir ba\u011f kurma ve ortak de\u011ferlere sahip \u00e7\u0131kma \u00e7abas\u0131n\u0131n bir par\u00e7as\u0131 olaca\u011f\u0131na inan\u0131yoruz.<\/p>\n<p>Bu tarz toplumsal sorumluluk projeleri yerel y\u00f6netimlerin sadece altyap\u0131 ve fiziksel iyile\u015ftirmelerle de\u011fil, ayn\u0131 zamanda toplumsal refah\u0131n ve bilincin art\u0131r\u0131lmas\u0131yla da ilgilidir.<\/p>\n<p>Bu ba\u011flamda, toplumun her kesiminden destek ve kat\u0131l\u0131m bizim i\u00e7in \u00e7ok \u00f6nemli. \u015eimdiden herkese te\u015fekk\u00fcr ederim. Birlikte, daha g\u00fc\u00e7l\u00fc bir gelecek in\u015fa etmek i\u00e7in \u00e7al\u0131\u015faca\u011f\u0131z.&#8221; ifadelerini kulland\u0131.<\/p>\n","protected":false},"excerpt":{"rendered":"<p>Cumhuriyet Halk Partisi Mezitli Belediye Ba\u015fkan\u0131 Ahmet Serkan Tuncer; mazbatas\u0131n\u0131 ald\u0131ktan sonra geleneksel tebrik hediyeleri yerine, \u00c7a\u011fda\u015f Ya\u015fam\u0131 Destekleme Derne\u011fi ve Atat\u00fcrk\u00e7\u00fc D\u00fc\u015f\u00fcnce Derne\u011fine ba\u011f\u0131\u015f yap\u0131lmas\u0131n\u0131 isteyerek, \u00f6rnek bir davran\u0131\u015f sergiledi.Ba\u015fkan Tuncer, bu karar\u0131n\u0131n toplum i\u00e7in daha anlaml\u0131 ve faydal\u0131 olaca\u011f\u0131n\u0131 vurgulad\u0131. Tuncer; kendisi ve y\u00f6netim ekibinin toplumun e\u011fitim, k\u00fclt\u00fcr ve sosyal geli\u015fimine katk\u0131 sa\u011flama [&hellip;]<\/p>\n","protected":false},"author":2,"featured_media":31903,"comment_status":"open","ping_status":"open","sticky":false,"template":"","format":"standard","meta":{"footnotes":""},"categories":[2,3],"tags":[],"class_list":["post-31902","post","type-post","status-publish","format-standard","has-post-thumbnail","hentry","category-gundem","category-manset"],"views":1,"_links":{"self":[{"href":"https:\/\/mersinkadingazetesi.com\/index.php?rest_route=\/wp\/v2\/posts\/31902"}],"collection":[{"href":"https:\/\/mersinkadingazetesi.com\/index.php?rest_route=\/wp\/v2\/posts"}],"about":[{"href":"https:\/\/mersinkadingazetesi.com\/index.php?rest_route=\/wp\/v2\/types\/post"}],"author":[{"embeddable":true,"href":"https:\/\/mersinkadingazetesi.com\/index.php?rest_route=\/wp\/v2\/users\/2"}],"replies":[{"embeddable":true,"href":"https:\/\/mersinkadingazetesi.com\/index.php?rest_route=%2Fwp%2Fv2%2Fcomments&post=31902"}],"version-history":[{"count":0,"href":"https:\/\/mersinkadingazetesi.com\/index.php?rest_route=\/wp\/v2\/posts\/31902\/revisions"}],"wp:featuredmedia":[{"embeddable":true,"href":"https:\/\/mersinkadingazetesi.com\/index.php?rest_route=\/wp\/v2\/media\/31903"}],"wp:attachment":[{"href":"https:\/\/mersinkadingazetesi.com\/index.php?rest_route=%2Fwp%2Fv2%2Fmedia&parent=31902"}],"wp:term":[{"taxonomy":"category","embeddable":true,"href":"https:\/\/mersinkadingazetesi.com\/index.php?rest_route=%2Fwp%2Fv2%2Fcategories&post=31902"},{"taxonomy":"post_tag","embeddable":true,"href":"https:\/\/mersinkadingazetesi.com\/index.php?rest_route=%2Fwp%2Fv2%2Ftags&post=31902"}],"curies":[{"name":"wp","href":"https:\/\/api.w.org\/{rel}","templated":true}]}}