{"id":31905,"date":"2024-04-04T12:47:38","date_gmt":"2024-04-04T09:47:38","guid":{"rendered":"http:\/\/mersinkadingazetesi.com\/?p=31905"},"modified":"2024-04-04T12:47:38","modified_gmt":"2024-04-04T09:47:38","slug":"ahmet-serkan-tuncer-mazbatasini-aldi","status":"publish","type":"post","link":"https:\/\/mersinkadingazetesi.com\/?p=31905","title":{"rendered":"Ahmet Serkan Tuncer Mazbatas\u0131n\u0131 Ald\u0131!"},"content":{"rendered":"<p>Cumhuriyet Halk Partisi Mezitli Belediye Ba\u015fkan\u0131 Ahmet Serkan Tuncer, se\u00e7imlerin ard\u0131ndan mazbatas\u0131n\u0131 alarak resmi olarak g\u00f6reve ba\u015flad\u0131. Adliyede mazbatas\u0131n\u0131 alan Ba\u015fkan Tuncer, hizmetleriyle Mezitli&#8217;ye de\u011fer katmaya haz\u0131r oldu\u011funu belirtti.<\/p>\n<p>Gen\u00e7li\u011fi ve vizyonuyla dikkat \u00e7eken Tuncer, Mezitli&#8217;yi daha ya\u015fanabilir bir yer haline getirmek i\u00e7in \u00e7al\u0131\u015faca\u011f\u0131n\u0131 belirterek;&#8221;Yo\u011fun bir se\u00e7im s\u00fcrecinin ard\u0131ndan heyecanla bekledi\u011fimiz g\u00fcn geldi ve mazbatam\u0131z\u0131 alarak resmi olarak g\u00f6reve ba\u015flad\u0131k. Se\u00e7imlerin ard\u0131ndan yap\u0131lan say\u0131m sonu\u00e7lar\u0131yla ve halk\u0131n b\u00fcy\u00fck \u00e7o\u011funlu\u011funun deste\u011fini arkam\u0131za alarak Mezitli tarihinde al\u0131nm\u0131\u015f en y\u00fcksek oyu ald\u0131k.<\/p>\n<p>Mezitli&#8217;ye olan ba\u011fl\u0131l\u0131\u011f\u0131m\u0131 ve hizmet a\u015fk\u0131m\u0131 dile getirmekten hi\u00e7bir zaman \u00e7ekinmedim. Yerel y\u00f6netimde; \u015fehrimizi daha ya\u015fanabilir bir yer haline getirme vizyonumuzla, kentimizin \u00f6n\u00fcndeki engelleri a\u015faca\u011f\u0131z. Mezitli&#8217;nin \u00e7e\u015fitli ihtiya\u00e7lar\u0131n\u0131 kar\u015f\u0131lamak, altyap\u0131y\u0131 g\u00fc\u00e7lendirmek, kamusal hizmetleri iyile\u015ftirmek ve toplumun her kesimine e\u015fit \u015fekilde hizmet etmek amac\u0131yla devrald\u0131\u011f\u0131m\u0131z \u00f6nemli bir g\u00f6revimiz var. Halk\u0131m\u0131z\u0131n deste\u011fiyle ve birlikte \u00e7al\u0131\u015farak, \u015fehrimizi daha da ileriye ta\u015f\u0131yaca\u011f\u0131m\u0131za olan inanc\u0131m\u0131z tam. Kentimizin daha g\u00fczel yar\u0131nlar\u0131 i\u00e7in her kesim ile el ele vererek \u00e7al\u0131\u015faca\u011f\u0131m\u0131z\u0131 belirtmekten mutluluk duyuyorum.<\/p>\n<p>Mezitli&#8217;ye hizmet etmi\u015f t\u00fcm Belediye Ba\u015fkanlar\u0131na ve deste\u011fini bizden hi\u00e7bir zaman esirgemeyen t\u00fcm yol arkada\u015flar\u0131ma te\u015fekk\u00fcrlerimi iletiyorum.&#8221; ifadelerini kulland\u0131.<\/p>\n","protected":false},"excerpt":{"rendered":"<p>Cumhuriyet Halk Partisi Mezitli Belediye Ba\u015fkan\u0131 Ahmet Serkan Tuncer, se\u00e7imlerin ard\u0131ndan mazbatas\u0131n\u0131 alarak resmi olarak g\u00f6reve ba\u015flad\u0131. Adliyede mazbatas\u0131n\u0131 alan Ba\u015fkan Tuncer, hizmetleriyle Mezitli&#8217;ye de\u011fer katmaya haz\u0131r oldu\u011funu belirtti. Gen\u00e7li\u011fi ve vizyonuyla dikkat \u00e7eken Tuncer, Mezitli&#8217;yi daha ya\u015fanabilir bir yer haline getirmek i\u00e7in \u00e7al\u0131\u015faca\u011f\u0131n\u0131 belirterek;&#8221;Yo\u011fun bir se\u00e7im s\u00fcrecinin ard\u0131ndan heyecanla bekledi\u011fimiz g\u00fcn geldi ve mazbatam\u0131z\u0131 [&hellip;]<\/p>\n","protected":false},"author":2,"featured_media":31906,"comment_status":"open","ping_status":"open","sticky":false,"template":"","format":"standard","meta":{"footnotes":""},"categories":[2,3],"tags":[],"class_list":["post-31905","post","type-post","status-publish","format-standard","has-post-thumbnail","hentry","category-gundem","category-manset"],"views":2,"_links":{"self":[{"href":"https:\/\/mersinkadingazetesi.com\/index.php?rest_route=\/wp\/v2\/posts\/31905"}],"collection":[{"href":"https:\/\/mersinkadingazetesi.com\/index.php?rest_route=\/wp\/v2\/posts"}],"about":[{"href":"https:\/\/mersinkadingazetesi.com\/index.php?rest_route=\/wp\/v2\/types\/post"}],"author":[{"embeddable":true,"href":"https:\/\/mersinkadingazetesi.com\/index.php?rest_route=\/wp\/v2\/users\/2"}],"replies":[{"embeddable":true,"href":"https:\/\/mersinkadingazetesi.com\/index.php?rest_route=%2Fwp%2Fv2%2Fcomments&post=31905"}],"version-history":[{"count":0,"href":"https:\/\/mersinkadingazetesi.com\/index.php?rest_route=\/wp\/v2\/posts\/31905\/revisions"}],"wp:featuredmedia":[{"embeddable":true,"href":"https:\/\/mersinkadingazetesi.com\/index.php?rest_route=\/wp\/v2\/media\/31906"}],"wp:attachment":[{"href":"https:\/\/mersinkadingazetesi.com\/index.php?rest_route=%2Fwp%2Fv2%2Fmedia&parent=31905"}],"wp:term":[{"taxonomy":"category","embeddable":true,"href":"https:\/\/mersinkadingazetesi.com\/index.php?rest_route=%2Fwp%2Fv2%2Fcategories&post=31905"},{"taxonomy":"post_tag","embeddable":true,"href":"https:\/\/mersinkadingazetesi.com\/index.php?rest_route=%2Fwp%2Fv2%2Ftags&post=31905"}],"curies":[{"name":"wp","href":"https:\/\/api.w.org\/{rel}","templated":true}]}}