{"id":31932,"date":"2024-04-05T12:26:38","date_gmt":"2024-04-05T09:26:38","guid":{"rendered":"http:\/\/mersinkadingazetesi.com\/?p=31932"},"modified":"2024-04-05T12:26:38","modified_gmt":"2024-04-05T09:26:38","slug":"tarsus-belediye-baskani-ali-boltac-goreve-basladi-herkesin-belediye-baskani-olacagim","status":"publish","type":"post","link":"https:\/\/mersinkadingazetesi.com\/?p=31932","title":{"rendered":"TARSUS BELED\u0130YE BA\u015eKANI AL\u0130 BOLTA\u00c7 G\u00d6REVE BA\u015eLADI : &#8220;HERKES\u0130N BELED\u0130YE BA\u015eKANI OLACA\u011eIM&#8221;"},"content":{"rendered":"<p>Tarsus\u2019ta ger\u00e7ekle\u015ftirilen yerel se\u00e7imlerin ard\u0131ndan Tarsus Belediye Ba\u015fkanl\u0131\u011f\u0131 g\u00f6revine se\u00e7ilen Ali Bolta\u00e7, mazbatas\u0131n\u0131 \u0130l\u00e7e Se\u00e7im Kurulu\u2019ndan ald\u0131. Yeni g\u00f6revine ba\u015flayan Bolta\u00e7, Tarsus halk\u0131na hitaben yapt\u0131\u011f\u0131 konu\u015fmada, herkesin belediye ba\u015fkan\u0131 olaca\u011f\u0131n\u0131 vurgulad\u0131. Ard\u0131ndan Belediye binas\u0131nda d\u00fczenlenen devir teslim t\u00f6reninde b\u00fcy\u00fck bir co\u015fkuyla kar\u015f\u0131lanan Ba\u015fkan Bolta\u00e7\u201d Can bu bedende durdu\u011fu m\u00fcddet\u00e7e memleketim i\u00e7in \u00e7al\u0131\u015faca\u011f\u0131m. Sizlere efendi de\u011fil, sizlere hizmetk\u00e2r olaca\u011f\u0131m. Biz herkesin belediye ba\u015fkan\u0131 olaca\u011f\u0131z, kimseyi ay\u0131rmayaca\u011f\u0131z, \u00f6tekile\u015ftirmeyece\u011fiz, kutupla\u015ft\u0131rmayaca\u011f\u0131z. T\u00fcm hem\u015fehrilerime te\u015fekk\u00fcr ediyorum\u201d ifadelerini kulland\u0131.\u00a0Tarsus \u0130l\u00e7e Se\u00e7im Kurulu Ba\u015fkan\u0131 Ne\u015fe Ar\u0131soy ve \u0130l\u00e7e Se\u00e7im Kurulu M\u00fcd\u00fcr\u00fc B\u00fclent Koca elinden mazbatas\u0131n\u0131 alan Ali Bolta\u00e7, Tarsus Belediye Hizmet Binas\u0131&#8217;na ge\u00e7erek devir teslim t\u00f6renine kat\u0131ld\u0131. Ba\u015fkan Ali Bolta\u00e7, \u00f6nceki d\u00f6nem Belediye Ba\u015fkan\u0131 Dr. Haluk Bozdo\u011fan\u2019dan g\u00f6revi devrald\u0131. Yap\u0131lan devir teslim t\u00f6reninde konu\u015fan Bolta\u00e7, se\u00e7im s\u00fcrecinde kendisine destek veren ve vermeyen herkesin belediye ba\u015fkan\u0131 olaca\u011f\u0131n\u0131 ifade ederek, Tarsus\u2019un kalk\u0131nmas\u0131 i\u00e7in elinden geleni yapaca\u011f\u0131n\u0131 s\u00f6yledi. Ba\u015fkan Bolta\u00e7, g\u00f6reve ba\u015flamas\u0131yla birlikte Tarsus\u2019un geli\u015fimi ve halk\u0131n refah\u0131 i\u00e7in \u00e7al\u0131\u015facaklar\u0131n\u0131 belirterek, herkesin kat\u0131l\u0131m\u0131n\u0131 ve deste\u011fini bekledi\u011fini ifade etti. Yeni d\u00f6nemde Tarsus&#8217;un daha ya\u015fanabilir bir \u015fehir haline gelmesi i\u00e7in \u00e7aba harcanaca\u011f\u0131 vurguland\u0131. Devir teslim t\u00f6reninin ard\u0131ndan Ba\u015fkan Ali Bolta\u00e7 Cumhuriyet Meydan\u0131\u2019nda d\u00fczenlenen Atat\u00fcrk An\u0131t\u0131na \u00c7elenk sunma t\u00f6renine kat\u0131ld\u0131.\u00a0 D\u00fczenlenen t\u00f6renlere Ba\u015fkan Ali Bolta\u00e7\u2019\u0131n e\u015fi \u0130pek Bolta\u00e7 ve ailesi, Mersin Milletvekilleri G\u00fclcan K\u0131\u015f, Talat Din\u00e7er, CHP \u0130l\u00e7e Ba\u015fkan\u0131 Selahattin \u015eahin, meclis \u00fcyeleri, parti \u00fcyeleri ve \u00e7ok say\u0131da vatanda\u015f kat\u0131l\u0131m sa\u011flad\u0131.\u00a0BA\u015eKAN BOLTA\u00c7, \u201cK\u0130MSEY\u0130 AYIRMAYACA\u011eIZ, K\u0130MSEY\u0130 \u00d6TEK\u0130LE\u015eT\u0130RMEYECE\u011e\u0130Z\u201dBa\u015fkan Bolta\u00e7 yapt\u0131\u011f\u0131 konu\u015fmada Tarsus halk\u0131na te\u015fekk\u00fcr ederek, \u201cHepinize ayr\u0131 ayr\u0131 te\u015fekk\u00fcr ediyorum. B\u00f6yle b\u00fcy\u00fck co\u015fkuyla kar\u015f\u0131laman\u0131z bizi mutlu etti, onurland\u0131rd\u0131, gururland\u0131rd\u0131. Ama ben \u00f6nce sizden kendinizi kocaman bir alk\u0131\u015flaman\u0131z\u0131 istiyorum. Tarsus bizim ailemiz. Bu memlekette her mozaikten insan var, her kesimden insan var. Biz herkesin belediye ba\u015fkan\u0131 olaca\u011f\u0131z, kimseyi ay\u0131rmayaca\u011f\u0131z, kimseyi \u00f6tekile\u015ftirmeyece\u011fiz, kimseyi kutupla\u015ft\u0131rmayaca\u011f\u0131z. Hizmetlerimizde belediye personelimiz herkese g\u00fcler y\u00fczl\u00fc olacak. Onlar\u0131n hizmetk\u00e2r\u0131 oldu\u011funu bu memleketin vergilerinden maa\u015flar\u0131n\u0131 hak etti\u011fini Tarsus halk\u0131na hizmetiyle g\u00f6sterecek, siyasetiyle de\u011fil, al\u0131n terini d\u00f6kecek.\u201d dedi.\u00a0\u201cBU MEMLEKETE HUZURU GET\u0130RECE\u011e\u0130Z, KARDE\u015eL\u0130\u011e\u0130 GET\u0130RECE\u011e\u0130Z, BARI\u015eI GET\u0130RECE\u011e\u0130Z\u201dTarsus Belediyesi\u2019nin herkesin belediyesi olaca\u011f\u0131n\u0131 vurgulayan Ba\u015fkan Ali Bolta\u00e7, \u201cBiz, yakla\u015f\u0131k iki bu\u00e7uk ay boyunca sahalarda \u00e7al\u0131\u015ft\u0131k. Bu s\u00fcre zarf\u0131nda bizlere emek vermi\u015f, vermemi\u015f, destek vermi\u015f, vermemi\u015f hi\u00e7 \u00f6nemli de\u011fil. Art\u0131k se\u00e7im bitti, mazbatam\u0131z\u0131 ald\u0131k. Hi\u00e7 merak etmesinler, bana oy verenlerin de vermeyenlerin de belediye ba\u015fkan\u0131 olaca\u011f\u0131z. Bu memlekete huzuru getirece\u011fiz, karde\u015fli\u011fi getirece\u011fiz, bar\u0131\u015f\u0131 getirece\u011fiz. \u015eunu herkes iyi bilsin. Tarsus Belediyesi bir \u00e7ocu\u011fun do\u011fumundan, bir ya\u015f alm\u0131\u015f\u0131m\u0131z\u0131n vefat\u0131na kadar herkesin belediyesidir. Herkes bu belediyeden faydalanacakt\u0131r.\u00a0 \u00c7ok sa\u011f olun, iyi ki vars\u0131n\u0131z, iyi ki bu memleketin evlad\u0131y\u0131m. Sizlerle birlikte bu s\u00fcre\u00e7te g\u00fczel bir d\u00f6nem ge\u00e7irece\u011fimizi umut ediyorum. Tarsus merak etmesin g\u00fcvenli ellerde elimizden geleni de\u011fil gere\u011fini yapaca\u011f\u0131z. Mersin B\u00fcy\u00fck\u015fehir Belediyesi&#8217;yle uyumla, huzurla ve dolay\u0131s\u0131yla yolu memnuniyete \u00e7\u0131kan bir anlay\u0131\u015fla bu belediyeyi y\u00f6netece\u011fiz.\u201d ifadelerini kulland\u0131.<\/p>\n","protected":false},"excerpt":{"rendered":"<p>Tarsus\u2019ta ger\u00e7ekle\u015ftirilen yerel se\u00e7imlerin ard\u0131ndan Tarsus Belediye Ba\u015fkanl\u0131\u011f\u0131 g\u00f6revine se\u00e7ilen Ali Bolta\u00e7, mazbatas\u0131n\u0131 \u0130l\u00e7e Se\u00e7im Kurulu\u2019ndan ald\u0131. Yeni g\u00f6revine ba\u015flayan Bolta\u00e7, Tarsus halk\u0131na hitaben yapt\u0131\u011f\u0131 konu\u015fmada, herkesin belediye ba\u015fkan\u0131 olaca\u011f\u0131n\u0131 vurgulad\u0131. Ard\u0131ndan Belediye binas\u0131nda d\u00fczenlenen devir teslim t\u00f6reninde b\u00fcy\u00fck bir co\u015fkuyla kar\u015f\u0131lanan Ba\u015fkan Bolta\u00e7\u201d Can bu bedende durdu\u011fu m\u00fcddet\u00e7e memleketim i\u00e7in \u00e7al\u0131\u015faca\u011f\u0131m. Sizlere efendi de\u011fil, [&hellip;]<\/p>\n","protected":false},"author":2,"featured_media":31933,"comment_status":"open","ping_status":"open","sticky":false,"template":"","format":"standard","meta":{"footnotes":""},"categories":[3],"tags":[],"class_list":["post-31932","post","type-post","status-publish","format-standard","has-post-thumbnail","hentry","category-manset"],"views":30,"_links":{"self":[{"href":"https:\/\/mersinkadingazetesi.com\/index.php?rest_route=\/wp\/v2\/posts\/31932"}],"collection":[{"href":"https:\/\/mersinkadingazetesi.com\/index.php?rest_route=\/wp\/v2\/posts"}],"about":[{"href":"https:\/\/mersinkadingazetesi.com\/index.php?rest_route=\/wp\/v2\/types\/post"}],"author":[{"embeddable":true,"href":"https:\/\/mersinkadingazetesi.com\/index.php?rest_route=\/wp\/v2\/users\/2"}],"replies":[{"embeddable":true,"href":"https:\/\/mersinkadingazetesi.com\/index.php?rest_route=%2Fwp%2Fv2%2Fcomments&post=31932"}],"version-history":[{"count":0,"href":"https:\/\/mersinkadingazetesi.com\/index.php?rest_route=\/wp\/v2\/posts\/31932\/revisions"}],"wp:featuredmedia":[{"embeddable":true,"href":"https:\/\/mersinkadingazetesi.com\/index.php?rest_route=\/wp\/v2\/media\/31933"}],"wp:attachment":[{"href":"https:\/\/mersinkadingazetesi.com\/index.php?rest_route=%2Fwp%2Fv2%2Fmedia&parent=31932"}],"wp:term":[{"taxonomy":"category","embeddable":true,"href":"https:\/\/mersinkadingazetesi.com\/index.php?rest_route=%2Fwp%2Fv2%2Fcategories&post=31932"},{"taxonomy":"post_tag","embeddable":true,"href":"https:\/\/mersinkadingazetesi.com\/index.php?rest_route=%2Fwp%2Fv2%2Ftags&post=31932"}],"curies":[{"name":"wp","href":"https:\/\/api.w.org\/{rel}","templated":true}]}}