{"id":31947,"date":"2024-04-05T12:37:53","date_gmt":"2024-04-05T09:37:53","guid":{"rendered":"http:\/\/mersinkadingazetesi.com\/?p=31947"},"modified":"2024-04-05T12:37:53","modified_gmt":"2024-04-05T09:37:53","slug":"buyuksehirden-kadinlara-ev-konforunda-hizmet-hanim-evi","status":"publish","type":"post","link":"https:\/\/mersinkadingazetesi.com\/?p=31947","title":{"rendered":"B\u00dcY\u00dcK\u015eEH\u0130R&#8217;DEN KADINLARA EV KONFORUNDA H\u0130ZMET: HANIM EV\u0130"},"content":{"rendered":"<p>Mersin B\u00fcy\u00fck\u015fehir Belediyesi, Sosyal Hizmetler Dairesi Ba\u015fkanl\u0131\u011f\u0131 b\u00fcnyesinde \u00f6nemli bir ilke daha imza atarak, uzak il\u00e7elerde ve k\u0131rsal b\u00f6lgelerde ya\u015fayan kad\u0131nlar\u0131n merkezde dinlenebilece\u011fi ve kaliteli zaman ge\u00e7irece\u011fi &#8216;Han\u0131m Evi&#8217;ni hayata ge\u00e7irdi. Tarsus \u0130l\u00e7esi&#8217;ne ba\u011fl\u0131 \u015eehit Mustafa Mahallesi&#8217;nde a\u00e7\u0131lan Han\u0131m Evi, hafta i\u00e7i her g\u00fcn 08.00 ile 17.00 saatleri aras\u0131nda hizmet sunuyor.<\/p>\n<p>Hastaneye giden, \u00e7ocuklar\u0131n\u0131 okula g\u00f6t\u00fcren ve i\u015flerini halletmek i\u00e7in merkeze inip tekrar il\u00e7elerine d\u00f6nmek zorunda kalan kad\u0131nlar\u0131n bu s\u00fcreyi de\u011ferlendirebilece\u011fi ve beklerken dinlenebilece\u011fi Han\u0131m Evi, kad\u0131nlara ev konforunda hizmet sunuyor. Han\u0131m Evi&#8217;nin i\u00e7erisinde televizyon izleme, kitap okuma, dinlenme alanlar\u0131n\u0131n yan\u0131 s\u0131ra, etkinlik salonu ile bebek emzirme ve bezlerini de\u011fi\u015ftirme odas\u0131 da bulunuyor.<\/p>\n<p>Han\u0131m Evi&#8217;nde ilerleyen g\u00fcnlerde at\u00f6lye \u00e7al\u0131\u015fmalar\u0131, bilgilendirme ve fark\u0131ndal\u0131k e\u011fitimlerinin yap\u0131lmas\u0131 da planlan\u0131yor. &#8216;Erkeklerin k\u0131raathanesi, gen\u00e7lerin kafesi var, bizim bir yerimiz yok&#8217; diyen kad\u0131nlar, kendileri i\u00e7in de &#8216;Han\u0131m Evi&#8217;nin a\u00e7\u0131lmas\u0131ndan dolay\u0131 duyduklar\u0131 memnuniyeti dile getiriyorlar. 2023 y\u0131l\u0131 Eyl\u00fcl ay\u0131nda hizmet vermeye ba\u015flayan Han\u0131m Evi&#8217;nden, \u015fimdiye kadar 300 kad\u0131n faydaland\u0131.<\/p>\n<p>Top\u00e7uparlak: &#8220;Kad\u0131nlar burada hem dinleniyor hem de kaliteli zaman ge\u00e7iriyor&#8221;<\/p>\n<p>Han\u0131m Evi Sorumlusu Nur\u015fan Top\u00e7uparlak, Han\u0131m Evi&#8217;nin \u00f6zellikle uzak il\u00e7elerden ve k\u0131rsal b\u00f6lgeden merkeze gelen kad\u0131nlar\u0131n dinlendikleri ve kaliteli vakit ge\u00e7irdikleri bir yer oldu\u011funu dile getirdi. Kad\u0131nlar\u0131n Han\u0131m Evi&#8217;nde olduk\u00e7a keyifli zaman ge\u00e7irdiklerine de de\u011finen Top\u00e7uparlak, &#8220;Hafta i\u00e7i her g\u00fcn sabah 08.00 ile ak\u015fam 17.00 saatlerinde a\u00e7\u0131\u011f\u0131z. Hastanede i\u015fi olanlar\u0131n, okulda \u00e7ocu\u011funu bekleyen kad\u0131nlar\u0131n bir nevi dinlenme tesisi&#8221; ifadelerini kulland\u0131.<\/p>\n<p>\u0130lerleyen g\u00fcnlerde el i\u015fi, boyama gibi etkinliklerin de yap\u0131laca\u011f\u0131n\u0131 aktaran Top\u00e7uparlak, &#8220;Burada ayn\u0131 zamanda yeni do\u011fum yapm\u0131\u015f anneler i\u00e7in emzirme odas\u0131 ve bebeklerinin alt\u0131n\u0131 de\u011fi\u015ftirmek i\u00e7in yer mevcut. Han\u0131m Evi&#8217;ni kullanan kad\u0131nlar kendilerini evlerinde gibi hissediyorlar. Hem sosyalle\u015fiyorlar, hem de fikir al\u0131veri\u015finde bulunuyorlar&#8221; s\u00f6zlerine yer verdi.<\/p>\n<p>Han\u0131m Evi, konforlu yap\u0131s\u0131yla kad\u0131nlardan tam not ald\u0131<\/p>\n<p>Arkada\u015f\u0131n\u0131n, Han\u0131m Evi&#8217;nden \u00f6vg\u00fcyle bahsetti\u011fini ve merak \u00fczerine Han\u0131m Evi&#8217;ni ziyarete geldi\u011fini dile getiren Zekiye Yolb\u00fcken, &#8220;Arkada\u015flar\u0131m\u0131zla toplan\u0131p buraya geldik. Ben ilk kez geliyorum. Personelin yakla\u015f\u0131m\u0131, s\u0131cak davran\u0131\u015flar\u0131 ve misafirperverliklerini \u00e7ok be\u011fendim. G\u00fcler y\u00fczl\u00fc olmalar\u0131 da beni \u00e7ok memnun etti. \u00c7ar\u015f\u0131da i\u015fim oldu\u011funda, direkt buraya gelebilirim. Buran\u0131n b\u00f6yle bir rahatl\u0131\u011f\u0131 var&#8221; dedi.<\/p>\n<p>\u00c7ar\u015f\u0131da i\u015fi olduk\u00e7a s\u0131k s\u0131k Han\u0131m Evi&#8217;ne de u\u011frad\u0131\u011f\u0131n\u0131 s\u00f6yleyen Sevim \u0130lhan, &#8220;Daha \u00f6nce b\u00f6yle bir yerin yoklu\u011funu \u00e7ok hissediyorduk. Erkeklerin kahvesi, gen\u00e7lerin kafesi var. Sa\u011f olsun Vahap Ba\u015fkan\u0131m\u0131z bizi d\u00fc\u015f\u00fcnd\u00fc ve b\u00f6yle bir hizmet verdi. Burada yorgunlu\u011fumuzu at\u0131p, evimize \u00f6yle gidiyoruz. Dinlenebilece\u011fimiz g\u00fczel bir durak&#8221; diye konu\u015ftu. \u0130lhan s\u00f6zlerinin devam\u0131nda, B\u00fcy\u00fck\u015fehir Belediyesi&#8217;nin 7&#8217;den 70&#8217;e herkesi ve her kesimi d\u00fc\u015f\u00fcnd\u00fc\u011f\u00fcn\u00fc dile getirerek, yap\u0131lan hizmetlerden olduk\u00e7a memnun oldu\u011funu ifade etti.<\/p>\n<p>2 ay \u00f6nce \u00e7ar\u015f\u0131ya indi\u011finde Han\u0131m Evi&#8217;nin dikkatini \u00e7ekti\u011fini s\u00f6yleyen Kelime Alka\u00e7 ise, art\u0131k merkeze indi\u011finde Han\u0131m Evi&#8217;ne u\u011framadan d\u00f6nmedi\u011fini dile getirdi. Han\u0131m Evi sayesinde kad\u0131nlarla bir araya gelip sosyalle\u015ftiklerini de s\u00f6yleyen Alka\u00e7, &#8220;Burada bilgi al\u0131\u015fveri\u015finde de bulunuyoruz. Bebek emzirme odas\u0131n\u0131n olmas\u0131 da \u00e7ok ho\u015fuma gitti&#8221; dedi. Merkeze uzak il\u00e7elerden gelen vatanda\u015flar i\u00e7in Han\u0131m Evi&#8217;nin olduk\u00e7a iyi bir hizmet oldu\u011funu da s\u00f6yleyen Alka\u00e7, &#8220;K\u0131rsaldan gelen vatanda\u015flara bu projenin \u00e7ok faydas\u0131 var. Hastaneye gelip gittiklerinde, belirli bir saat beklerken buraya gelip dinlenebilirler. Ben b\u00fct\u00fcn arkada\u015f \u00e7evreme buray\u0131 \u00f6neriyorum. Her \u00e7ar\u015f\u0131ya indi\u011fimde de muhakkak u\u011fruyorum&#8221; s\u00f6zlerine yer verdi.<\/p>\n","protected":false},"excerpt":{"rendered":"<p>Mersin B\u00fcy\u00fck\u015fehir Belediyesi, Sosyal Hizmetler Dairesi Ba\u015fkanl\u0131\u011f\u0131 b\u00fcnyesinde \u00f6nemli bir ilke daha imza atarak, uzak il\u00e7elerde ve k\u0131rsal b\u00f6lgelerde ya\u015fayan kad\u0131nlar\u0131n merkezde dinlenebilece\u011fi ve kaliteli zaman ge\u00e7irece\u011fi &#8216;Han\u0131m Evi&#8217;ni hayata ge\u00e7irdi. Tarsus \u0130l\u00e7esi&#8217;ne ba\u011fl\u0131 \u015eehit Mustafa Mahallesi&#8217;nde a\u00e7\u0131lan Han\u0131m Evi, hafta i\u00e7i her g\u00fcn 08.00 ile 17.00 saatleri aras\u0131nda hizmet sunuyor. Hastaneye giden, \u00e7ocuklar\u0131n\u0131 okula [&hellip;]<\/p>\n","protected":false},"author":2,"featured_media":31948,"comment_status":"open","ping_status":"open","sticky":false,"template":"","format":"standard","meta":{"footnotes":""},"categories":[2,3],"tags":[],"class_list":["post-31947","post","type-post","status-publish","format-standard","has-post-thumbnail","hentry","category-gundem","category-manset"],"views":2,"_links":{"self":[{"href":"https:\/\/mersinkadingazetesi.com\/index.php?rest_route=\/wp\/v2\/posts\/31947"}],"collection":[{"href":"https:\/\/mersinkadingazetesi.com\/index.php?rest_route=\/wp\/v2\/posts"}],"about":[{"href":"https:\/\/mersinkadingazetesi.com\/index.php?rest_route=\/wp\/v2\/types\/post"}],"author":[{"embeddable":true,"href":"https:\/\/mersinkadingazetesi.com\/index.php?rest_route=\/wp\/v2\/users\/2"}],"replies":[{"embeddable":true,"href":"https:\/\/mersinkadingazetesi.com\/index.php?rest_route=%2Fwp%2Fv2%2Fcomments&post=31947"}],"version-history":[{"count":0,"href":"https:\/\/mersinkadingazetesi.com\/index.php?rest_route=\/wp\/v2\/posts\/31947\/revisions"}],"wp:featuredmedia":[{"embeddable":true,"href":"https:\/\/mersinkadingazetesi.com\/index.php?rest_route=\/wp\/v2\/media\/31948"}],"wp:attachment":[{"href":"https:\/\/mersinkadingazetesi.com\/index.php?rest_route=%2Fwp%2Fv2%2Fmedia&parent=31947"}],"wp:term":[{"taxonomy":"category","embeddable":true,"href":"https:\/\/mersinkadingazetesi.com\/index.php?rest_route=%2Fwp%2Fv2%2Fcategories&post=31947"},{"taxonomy":"post_tag","embeddable":true,"href":"https:\/\/mersinkadingazetesi.com\/index.php?rest_route=%2Fwp%2Fv2%2Ftags&post=31947"}],"curies":[{"name":"wp","href":"https:\/\/api.w.org\/{rel}","templated":true}]}}