{"id":31950,"date":"2024-04-05T12:39:20","date_gmt":"2024-04-05T09:39:20","guid":{"rendered":"http:\/\/mersinkadingazetesi.com\/?p=31950"},"modified":"2024-04-05T12:39:31","modified_gmt":"2024-04-05T09:39:31","slug":"avukat-icin-de-adalet","status":"publish","type":"post","link":"https:\/\/mersinkadingazetesi.com\/?p=31950","title":{"rendered":"&#8220;AVUKAT \u0130\u00c7\u0130N DE ADALET!&#8221;"},"content":{"rendered":"<p>Mersin Barosu Ba\u015fkanl\u0131\u011f\u0131, 5 Nisan Avukatlar G\u00fcn\u00fc nedeniyle Mersin Cumhuriyet Alan\u0131&#8217;nda t\u00f6ren d\u00fczenledi. Baro Ba\u015fkan\u0131 Av. Gazi \u00d6zdemir, avukatlar\u0131n ekonomik, hukuki ve fiziki \u015fiddetle kar\u015f\u0131 kar\u015f\u0131ya olduklar\u0131n\u0131 ifade ederek, &#8220;avukat i\u00e7in de adalet&#8221; demek i\u00e7in barolar\u0131n 27 Nisan 2024 tarihinde Ankara&#8217;da ger\u00e7ekle\u015ftirece\u011fi  b\u00fcy\u00fck savunma mitingine t\u00fcm avukatlar\u0131 davet etti.<\/p>\n<p>Mersin Barosu Ba\u015fkan\u0131 Gazi \u00d6zdemir, y\u00f6netim kurulu \u00fcyeleri, avukatlar ve stajyer avukatlar\u0131n kat\u0131l\u0131m\u0131yla ger\u00e7ekle\u015fen t\u00f6ren, Mersin B\u00fcy\u00fck\u015fehir Belediyesi Bandosu&#8217;nun e\u015fli\u011finde sayg\u0131 duru\u015fu ve \u0130stiklal Mar\u015f\u0131&#8217;n\u0131n okunmas\u0131yla ba\u015flad\u0131.<\/p>\n<p>Mersin Barosu Ba\u015fkan\u0131 Gazi \u00d6zdemir, Atat\u00fcrk An\u0131t\u0131&#8217;na \u00e7elenk sunmas\u0131n\u0131n ard\u0131ndan &#8220;Avukat \u0130\u00e7in de Adalet!&#8221; ba\u015fl\u0131\u011f\u0131yla T\u00fcrkiye Barolar birli\u011fi ve barolar\u0131n ortak a\u00e7\u0131klamas\u0131 okuyarak,   hukuk sistemindeki aksakl\u0131klara ve avukatl\u0131k mesle\u011finin sorunlar\u0131na dikkat \u00e7ekti. \u00d6zdemir a\u00e7\u0131klamas\u0131nda \u015fu ifadelere yer verdi:<\/p>\n<p>&#8220;AVUKAT OLMADAN AD\u0130L YARGILANMA OLMAZ&#8221;<\/p>\n<p>Demokratik toplumun temel dire\u011fi adalet; adalete eri\u015fimin g\u00fcvencesi avukatt\u0131r. Avukat yaln\u0131zca m\u00fcvekkilinin de\u011fil, savunma hakk\u0131n\u0131n temsilcisi ve hak savunucusudur. Avukat olmadan adil yarg\u0131lanma olmaz. Adil yarg\u0131lanma olmadan, toplumsal bar\u0131\u015f ve g\u00fcven tesis edilemez, hukukun \u00fcst\u00fcnl\u00fc\u011f\u00fc korunamaz. Savunma hakk\u0131n\u0131n g\u00fcvencesi olarak avukat, hukuk devletinin hayata ge\u00e7irilmesini sa\u011flar. Bizler, y\u00fcklendi\u011fimiz bu onurlu g\u00f6revi, kutsall\u0131\u011f\u0131na yak\u0131\u015f\u0131r \u015fekilde \u00f6zen, do\u011fruluk ve onurla yerine getirmenin \u00e7abas\u0131 i\u00e7erisindeyiz.<\/p>\n<p>&#8220;EKONOM\u0130K,HUKUK\u0130 VE F\u0130Z\u0130K\u0130 \u015e\u0130DDETLE DE KAR\u015eI KAR\u015eIYAYIZ&#8221;<\/p>\n<p>Adalete eri\u015fim hakk\u0131 i\u00e7in g\u00fc\u00e7l\u00fc avukat, g\u00fc\u00e7l\u00fc avukat i\u00e7in g\u00fc\u00e7l\u00fc baro gerekir. Yurtta\u015f\u0131n haklar\u0131n\u0131n savunucusu avukat, avukat\u0131n savunucusu Baro&#8217;dur. Baro yaln\u0131zca meslek \u00f6rg\u00fct\u00fc de\u011fil, yurtta\u015flar\u0131n ba\u015fta adil yarg\u0131lanma olmak \u00fczere, hak ve \u00f6zg\u00fcrl\u00fcklerinin takip\u00e7isidir. Baro ve avukat zay\u0131f d\u00fc\u015ferse, bundan en b\u00fcy\u00fck zarar\u0131 yurtta\u015flar ve hukuk d\u00fczeni g\u00f6r\u00fcr.<\/p>\n<p>Bunu dile getirmek i\u00e7in bug\u00fcne kadar hep &#8220;G\u00fc\u00e7l\u00fc Baro G\u00fc\u00e7l\u00fc Avukat&#8221;, &#8220;Herkes i\u00e7in adalet, adalet i\u00e7in avukat&#8221; dedik. Ancak \u00fclkemizde avukatlar\u0131n sosyoekonomik sorunlar\u0131 her ge\u00e7en g\u00fcn artt\u0131. Mesle\u011fimizin ve barolar\u0131n ekonomik s\u00fcrd\u00fcr\u00fclebilirli\u011fi, tarihimizin en alt d\u00fczeyine inmi\u015f durumdad\u0131r. Yaln\u0131zca ekonomik de\u011fil, ayn\u0131 zamanda hukuki ve fiziki \u015fiddetle de kar\u015f\u0131 kar\u015f\u0131yay\u0131z. Avukatlar, m\u00fcvekkiliyle \u00f6zde\u015fle\u015ftiriliyor, yarg\u0131lan\u0131yor, darp ediliyor, yaralan\u0131yor ve \u00f6ld\u00fcr\u00fcl\u00fcyor.<\/p>\n<p>Bug\u00fcn &#8220;Avukat \u0130\u00e7in de Adalet!&#8221; diye hayk\u0131rmak zorunda kal\u0131yoruz. Ya\u015fad\u0131\u011f\u0131m\u0131z sorunlar, mesle\u011fimizin icras\u0131n\u0131 imkans\u0131z h\u00e2le getirirken adaletin tesisi \u00f6n\u00fcnde bir engel olu\u015fturuyor. 5 Nisan Avukatlar G\u00fcn\u00fc&#8217;nde mesle\u011fimizin sorunlar\u0131n\u0131n \u00e7\u00f6z\u00fcm\u00fcne y\u00f6nelik taleplerimizi bir kez daha kamuoyunun dikkatine sunuyoruz:<\/p>\n<p>&#8211;  Nitelikli bir hukuk e\u011fitimiyle hem mesle\u011fimizde hem de adalet hizmetlerinde niteli\u011fin art\u0131r\u0131lmas\u0131n\u0131 istiyoruz.<\/p>\n<p>&#8211;  Yaln\u0131zca Hukuk Mesleklerine Giri\u015f S\u0131nav\u0131 de\u011fil, staj sonras\u0131nda Avukatl\u0131k Meslek S\u0131nav\u0131 istiyoruz.<\/p>\n<p>&#8211;  Avukata y\u00f6nelik \u015fiddetin son bulmas\u0131n\u0131, \u015fiddet faillerinin en a\u011f\u0131r yapt\u0131r\u0131mlarla cezaland\u0131r\u0131lmas\u0131n\u0131 istiyoruz.<\/p>\n<p>&#8211;  Kamu avukatlar\u0131n\u0131n \u00f6zl\u00fck haklar\u0131n\u0131n kanunla d\u00fczenlenmesini istiyoruz.<\/p>\n<p>&#8211;  CMK \u00dccret Tarifesi&#8217;nin avukat\u0131n emek ve mesaisini kar\u015f\u0131layacak d\u00fczeyde olmas\u0131n\u0131 istiyoruz.<\/p>\n<p>&#8211;  Mesleki faaliyetimizin temeli olarak yarg\u0131 ba\u011f\u0131ms\u0131zl\u0131\u011f\u0131n\u0131n tesisini, hukukun \u00fcst\u00fcnl\u00fc\u011f\u00fc ilkesine uygun hareket edilmesini istiyoruz.<\/p>\n<p>&#8211;  Mesle\u011fimizin itibar\u0131n\u0131n korunmas\u0131n\u0131 istiyoruz.<\/p>\n<p>&#8211;  Stajyer avukatlar i\u00e7in Hazine&#8217;den kar\u015f\u0131lanan \u00fccret istiyoruz.<\/p>\n<p>&#8211;  Adli yard\u0131m \u00f6deneklerinin art\u0131r\u0131lmas\u0131n\u0131 istiyoruz.<\/p>\n<p>&#8211;  Ba\u015fta CMK ve adli yard\u0131m \u00f6demelerinde olmak \u00fczere, avukatl\u0131k hizmetleri i\u00e7in KDV indirimi istiyoruz.<\/p>\n<p>&#8211;  Avukatl\u0131k mesle\u011finin i\u015f alanlar\u0131n\u0131n daralt\u0131lmas\u0131n\u0131n \u00f6n\u00fcne ge\u00e7ilmesini istiyoruz.<\/p>\n<p>&#8211;  Ki\u015fisel verilerin korunmas\u0131 vb. gerek\u00e7elerle mesleki faaliyetlerimizin engellenmemesini istiyoruz.<\/p>\n<p>&#8211;  Barolar\u0131n gelirlerinin art\u0131r\u0131lmas\u0131n\u0131 sa\u011flayacak hukuki mekanizmalar\u0131n hayata ge\u00e7ilmesini istiyoruz.<\/p>\n<p>&#8211;  Ba\u011fl\u0131 \u00e7al\u0131\u015fan avukatlar\u0131n hukuki stat\u00fclerinin g\u00fcvence alt\u0131na al\u0131nmas\u0131n\u0131 istiyoruz.<\/p>\n<p>&#8211;  Avukat\u0131n tekel hakk\u0131n\u0131 oldu\u011fu kadar yurtta\u015f\u0131n adil yarg\u0131lanma hakk\u0131n\u0131 da ihlal eden hukuka ayk\u0131r\u0131 faaliyetlere son verilmesini istiyoruz.<\/p>\n<p>&#8211;  Yarg\u0131n\u0131n kurucu unsurlar\u0131 aras\u0131nda e\u015fitlik, savunma makam\u0131 i\u00e7in adil bir temsil g\u00fcc\u00fc istiyoruz.<\/p>\n<p>B\u00dcY\u00dcK SAVUNMA M\u0130T\u0130NG\u0130NDE BULU\u015eUYORUZ<\/p>\n<p>T\u00fcrkiye&#8217;nin 81 ilinde, 190 bin avukat\u0131n kay\u0131tl\u0131 oldu\u011fu meslek \u00f6rg\u00fctleri olarak, avukat i\u00e7in adaletin sa\u011flanmad\u0131\u011f\u0131 bir 5 Nisan Avukatlar G\u00fcn\u00fc daha ge\u00e7irmeyi kabul etmiyoruz. Yurtta\u015flar\u0131n hak arama \u00f6zg\u00fcrl\u00fc\u011f\u00fcn\u00fcn teminat\u0131 olan savunmay\u0131 temsil eden avukatlar, onlar\u0131n \u00f6rg\u00fctl\u00fc g\u00fcc\u00fc Barolar ve T\u00fcrkiye Barolar Birli\u011fi olarak; 27 Nisan 2024 Cumartesi g\u00fcn\u00fc Ankara&#8217;da &#8220;Avukat \u0130\u00e7in de Adalet&#8221; demek, mesle\u011fimizin \u00e7\u00f6z\u00fcm bekleyen sorunlar\u0131n\u0131 bir kez daha hayk\u0131rmak, \u015fiddete ve ekonomik sorunlar\u0131m\u0131za kar\u015f\u0131 meslek onurumuzu ve eme\u011fimizi savunmak i\u00e7in bulu\u015fuyoruz.<\/p>\n<p>Adalet i\u00e7in sorumluluk y\u00fcklenen her avukatla birlikte, &#8220;avukat i\u00e7in de adalet&#8221; m\u00fccadelesinde kararl\u0131l\u0131kla ilerleyecek, onurlu meslek miras\u0131m\u0131z\u0131 gelece\u011fe ta\u015f\u0131yaca\u011f\u0131z.<\/p>\n","protected":false},"excerpt":{"rendered":"<p>Mersin Barosu Ba\u015fkanl\u0131\u011f\u0131, 5 Nisan Avukatlar G\u00fcn\u00fc nedeniyle Mersin Cumhuriyet Alan\u0131&#8217;nda t\u00f6ren d\u00fczenledi. Baro Ba\u015fkan\u0131 Av. Gazi \u00d6zdemir, avukatlar\u0131n ekonomik, hukuki ve fiziki \u015fiddetle kar\u015f\u0131 kar\u015f\u0131ya olduklar\u0131n\u0131 ifade ederek, &#8220;avukat i\u00e7in de adalet&#8221; demek i\u00e7in barolar\u0131n 27 Nisan 2024 tarihinde Ankara&#8217;da ger\u00e7ekle\u015ftirece\u011fi b\u00fcy\u00fck savunma mitingine t\u00fcm avukatlar\u0131 davet etti. Mersin Barosu Ba\u015fkan\u0131 Gazi \u00d6zdemir, y\u00f6netim [&hellip;]<\/p>\n","protected":false},"author":2,"featured_media":31951,"comment_status":"open","ping_status":"open","sticky":false,"template":"","format":"standard","meta":{"footnotes":""},"categories":[1,2,3,5],"tags":[],"class_list":["post-31950","post","type-post","status-publish","format-standard","has-post-thumbnail","hentry","category-genel","category-gundem","category-manset","category-mersin"],"views":2,"_links":{"self":[{"href":"https:\/\/mersinkadingazetesi.com\/index.php?rest_route=\/wp\/v2\/posts\/31950"}],"collection":[{"href":"https:\/\/mersinkadingazetesi.com\/index.php?rest_route=\/wp\/v2\/posts"}],"about":[{"href":"https:\/\/mersinkadingazetesi.com\/index.php?rest_route=\/wp\/v2\/types\/post"}],"author":[{"embeddable":true,"href":"https:\/\/mersinkadingazetesi.com\/index.php?rest_route=\/wp\/v2\/users\/2"}],"replies":[{"embeddable":true,"href":"https:\/\/mersinkadingazetesi.com\/index.php?rest_route=%2Fwp%2Fv2%2Fcomments&post=31950"}],"version-history":[{"count":0,"href":"https:\/\/mersinkadingazetesi.com\/index.php?rest_route=\/wp\/v2\/posts\/31950\/revisions"}],"wp:featuredmedia":[{"embeddable":true,"href":"https:\/\/mersinkadingazetesi.com\/index.php?rest_route=\/wp\/v2\/media\/31951"}],"wp:attachment":[{"href":"https:\/\/mersinkadingazetesi.com\/index.php?rest_route=%2Fwp%2Fv2%2Fmedia&parent=31950"}],"wp:term":[{"taxonomy":"category","embeddable":true,"href":"https:\/\/mersinkadingazetesi.com\/index.php?rest_route=%2Fwp%2Fv2%2Fcategories&post=31950"},{"taxonomy":"post_tag","embeddable":true,"href":"https:\/\/mersinkadingazetesi.com\/index.php?rest_route=%2Fwp%2Fv2%2Ftags&post=31950"}],"curies":[{"name":"wp","href":"https:\/\/api.w.org\/{rel}","templated":true}]}}