{"id":31956,"date":"2024-04-07T09:11:18","date_gmt":"2024-04-07T06:11:18","guid":{"rendered":"http:\/\/mersinkadingazetesi.com\/?p=31956"},"modified":"2024-04-07T09:11:18","modified_gmt":"2024-04-07T06:11:18","slug":"mersinlilerin-mazbata-sevinci","status":"publish","type":"post","link":"https:\/\/mersinkadingazetesi.com\/?p=31956","title":{"rendered":"MERS\u0130NL\u0130LER\u0130N MAZBATA SEV\u0130NC\u0130"},"content":{"rendered":"<p>Mersin&#8217;de rekor bir oyla g\u00f6reve yeniden se\u00e7ilen Mersin B\u00fcy\u00fck\u015fehir Belediye Ba\u015fkan\u0131 Vahap Se\u00e7er, mazbatas\u0131n\u0131 ald\u0131. Mersin Adliyesi&#8217;nde mazbatas\u0131n\u0131 teslim almas\u0131n\u0131n ard\u0131ndan Mersin halk\u0131 ile birlikte Cumhuriyet Meydan\u0131&#8217;na kortej e\u015fli\u011finde co\u015fku ile y\u00fcr\u00fcyen Halk\u0131n Ba\u015fkan\u0131 Se\u00e7er, Cumhuriyet Meydan\u0131&#8217;n\u0131 dolduran binlerin e\u015fli\u011finde Atat\u00fcrk An\u0131t\u0131&#8217;na \u00e7elenk sunduktan sonra da Mersin B\u00fcy\u00fck\u015fehir Belediyesi&#8217;nin yeni hizmet binas\u0131n\u0131n \u00f6n\u00fcnde yurtta\u015flara seslendi.<\/p>\n<p>Ba\u015fkan Se\u00e7er, mazbatas\u0131n\u0131 Mersin halk\u0131yla birlikte ald\u0131<\/p>\n<p>Ba\u015fkan Se\u00e7er mazbatas\u0131n\u0131 Mersin Adliyesi&#8217;nde Mersin \u0130l Se\u00e7im Kurulu Ba\u015fkan\u0131 Ceren Turgut&#8217;tan ald\u0131. Turgut, Mersin&#8217;in g\u00fczel bir se\u00e7im s\u00fcreci ge\u00e7irdi\u011finden s\u00f6z ederek Ba\u015fkan Se\u00e7er&#8217;e hay\u0131rl\u0131 olsun dileklerinde bulundu. Salondaki co\u015fkulu kalabal\u0131k ve alk\u0131\u015flar e\u015fli\u011finde mazbatas\u0131n\u0131 Turgut&#8217;un elinden teslim alan Se\u00e7er, &#8220;Mersinimize hay\u0131rl\u0131 olsun&#8221; ifadelerini kulland\u0131. Salonu dolduran yurtta\u015flar da &#8220;Mersin seninle gurur duyuyor&#8221; sloganlar\u0131 att\u0131.<\/p>\n<p>Mersinlilerden co\u015fkulu &#8216;Zafer Y\u00fcr\u00fcy\u00fc\u015f\u00fc&#8217;<\/p>\n<p>Mersin Adliyesi&#8217;nin bah\u00e7esini dolduran co\u015fkulu kalabal\u0131k Mersin&#8217;in Ba\u015fkan\u0131&#8217;n\u0131 mazbatas\u0131n\u0131 teslim ald\u0131ktan sonra da co\u015fkuyla kar\u015f\u0131lad\u0131. Mersin Adliyesi&#8217;nden yurtta\u015flarla birlikte Cumhuriyet Meydan\u0131&#8217;na y\u00fcr\u00fcyen Ba\u015fkan Se\u00e7er, kortej boyunca Mersinlileri selamlad\u0131. Mersin B\u00fcy\u00fck\u015fehir Belediye Bandosu e\u015fli\u011finde birbirinden g\u00fczel mar\u015flar ve \u015fark\u0131lar e\u015fli\u011finde ger\u00e7ekle\u015fen y\u00fcr\u00fcy\u00fc\u015f ile mazbata co\u015fkusu t\u00fcm \u015fehri sard\u0131. Yurtta\u015flar evlerinin balkonlar\u0131ndan karanfil atarak Ba\u015fkan Se\u00e7er&#8217;i selamlad\u0131 ve co\u015fkuya ortak oldu.<\/p>\n<p>Se\u00e7er, Atat\u00fcrk An\u0131t\u0131&#8217;na \u00e7elenk sundu<\/p>\n<p>Cumhuriyet Meydan\u0131&#8217;n\u0131 dolduran binlerin e\u015fli\u011finde Atat\u00fcrk An\u0131t\u0131&#8217;na \u00e7elenk sunan Halk\u0131n Ba\u015fkan\u0131 Se\u00e7er b\u00fcy\u00fck bir co\u015fku i\u00e7erisinde Mersin B\u00fcy\u00fck\u015fehir Belediyesi Yeni Hizmet binas\u0131na y\u00fcr\u00fcd\u00fc ve burada soka\u011f\u0131 h\u0131nca h\u0131n\u00e7 dolduran co\u015fkulu kalabal\u0131\u011fa seslendi.<\/p>\n<p>&#8220;Mersin halk\u0131 &#8216;B\u00fcy\u00fck\u015fehir&#8217;de Vahap Se\u00e7er&#8217; dedi<\/p>\n<p>Mersin halk\u0131n\u0131n; &#8216;Say\u0131l\u0131 g\u00fcn \u00e7abuk ge\u00e7er, Mersin i\u00e7in Vahap Se\u00e7er&#8217; dedi\u011fini s\u00f6yleyen Ba\u015fkan Se\u00e7er, yeni hizmet binas\u0131 \u00f6n\u00fcnde toplanan kalabal\u0131\u011fa seslenerek, &#8220;Halk karar\u0131n\u0131 verdi. Say\u0131l\u0131 g\u00fcn ge\u00e7ti Mersin halk\u0131 &#8216;B\u00fcy\u00fck\u015fehir&#8217;de Vahap Se\u00e7er&#8217; dedi ama sadece Vahap Se\u00e7er demekle kalmad\u0131, Tarsus&#8217;ta gen\u00e7 belediye ba\u015fkan\u0131m\u0131z Ali Bolta\u00e7&#8217;\u0131 se\u00e7ti, 30 y\u0131l aradan sonra Toroslar&#8217;da bir tarih yaz\u0131ld\u0131, Abdurrahman Y\u0131ld\u0131z&#8217;\u0131 se\u00e7ti. Yeni\u015fehir&#8217;de &#8216;Abdullah \u00d6zyi\u011fit&#8217;le devam&#8217; dedi. Yine Mezitli&#8217;de &#8216;Gen\u00e7 Ba\u015fkan Ahmet Serkan Tuncer&#8217; dedi. Silifke&#8217;de 5 y\u0131l aradan sonra Silifkeliler; &#8216;2019&#8217;da elimizdeki alt\u0131n\u0131 yitirmi\u015fiz&#8217; dedi ve Mustafa Turgut&#8217;u ikinci kez se\u00e7ti. Ayd\u0131nc\u0131k&#8217;ta \u00d6zkan K\u0131l\u0131\u00e7arpa&#8217;y\u0131, Anamur&#8217;da Durmu\u015f Deniz&#8217;i se\u00e7ti&#8221; dedi. Se\u00e7im d\u00f6neminde \u00e7al\u0131\u015fmalar i\u00e7in emek veren herkese te\u015fekk\u00fcr eden Se\u00e7er, sadece oy veren de\u011fil, oy vermeyen her yurtta\u015fa e\u015fit ve adil bir \u015fekilde hizmet etmeye devam edeceklerini vurgulad\u0131.<\/p>\n<p>&#8220;Halk\u0131m\u0131z; CHP&#8217;yi T\u00fcrkiye&#8217;de birinci parti yapt\u0131&#8221;<\/p>\n<p>5 y\u0131ld\u0131r gece g\u00fcnd\u00fcz demeden kad\u0131n, \u00e7ocuk, ya\u015fl\u0131, dar gelirli her yurtta\u015f\u0131n yan\u0131nda olduklar\u0131n\u0131 s\u00f6yleyen Se\u00e7er, &#8221; &#8216;Bu g\u00f6revler kutsald\u0131r, halk\u0131n bize verdi\u011fi emanettir&#8217; dedik. 2024 se\u00e7imlerinde Mersin halk\u0131; halk\u0131n belediyesi Mersin B\u00fcy\u00fck\u015fehir Belediyesi&#8217;ne, halk\u0131n Ba\u015fkan\u0131 Vahap Se\u00e7er&#8217;i se\u00e7ti. Halk\u0131m\u0131z\u0131n ferasetine g\u00fcveniyoruz. Halk\u0131m\u0131z hassasiyetlerini ve demokratik refleksi \u00e7ok iyi kullan\u0131r. Halk; daha 9 ay \u00f6nce iktidara getirdiklerine &#8216;Yeter art\u0131k, yeter yapt\u0131klar\u0131n\u0131z. Bu \u015fatafat, bu saltanat, bu zam, bu zul\u00fcm buraya kadar. 9 ay sonra siz bekleyeceksiniz ba\u015fka bir partiyi yerel iktidara getiriyoruz&#8217; dedi. Halk\u0131m\u0131z; Mustafa Kemal Atat\u00fcrk&#8217;\u00fcn kurdu\u011fu 6 oklu CHP&#8217;yi T\u00fcrkiye&#8217;de birinci parti yapt\u0131&#8221; ifadelerini kulland\u0131.<\/p>\n<p>&#8220;Mersinliler 2019&#8217;da Mersin&#8217;e sahip \u00e7\u0131kan bir ba\u015fkan buldular&#8221;<\/p>\n<p>&#8220;Halk\u0131m\u0131za g\u00fcveniyoruz, halk\u0131m\u0131za inan\u0131yoruz&#8221; diyerek konu\u015fmas\u0131n\u0131 s\u00fcrd\u00fcren Se\u00e7er, 5 y\u0131ld\u0131r Mersin&#8217;de de\u011ferli hizmetler yap\u0131ld\u0131\u011f\u0131n\u0131 kaydetti. Se\u00e7er, ayr\u0131mc\u0131l\u0131k yapmadan, her kesime adaletli hizmeti g\u00f6t\u00fcrd\u00fcklerini ifade ederek, &#8220;Mersinliler 2019&#8217;da Mersin&#8217;e sahip \u00e7\u0131kan, Atat\u00fcrk&#8217;\u00fcn emrine uyan bir Ba\u015fkan buldular. Ba\u015fkanlar\u0131 Mersin&#8217;in ve Mersinlinin yan\u0131nda oldu, Mersin&#8217;in geli\u015fmesini ve kalk\u0131nmas\u0131 \u00f6nemsedi. &#8216;Ben t\u00fcm Mersinlilerin belediye ba\u015fkan\u0131y\u0131m&#8217; dedi ve ayr\u0131mc\u0131l\u0131\u011f\u0131 ortadan kald\u0131rd\u0131. Yolu, altyap\u0131y\u0131 yaparken, sosyal yard\u0131mlar\u0131, destekleri yaparken herkese yapt\u0131&#8221; dedi.<\/p>\n<p>&#8220;Mersin&#8217;de herkes kendini rahat hissetsin&#8221;<\/p>\n<p>5 y\u0131ld\u0131r Mersin&#8217;de bir huzur ortam\u0131n\u0131n hakim oldu\u011funu vurgulayan Se\u00e7er, Mersin&#8217;in insanlar\u0131n bar\u0131\u015f ve huzur i\u00e7erisinde ya\u015fad\u0131\u011f\u0131 bir kent oldu\u011funa dikkat \u00e7ekti. Mersin&#8217;in art\u0131k kalk\u0131nd\u0131\u011f\u0131n\u0131 ve geli\u015fti\u011fini belirten Se\u00e7er, bunu t\u00fcm Mersinlilerle birlikte yapt\u0131klar\u0131n\u0131 kaydetti. Se\u00e7er, &#8220;Bundan sonra daha da iyi olaca\u011f\u0131z. Zor g\u00fcnler geride kald\u0131. Biz bunlar\u0131 a\u015far\u0131z&#8221; dedi. Mersin&#8217;de ya\u015fayan herkesin e\u015fit yurtta\u015fl\u0131k hakk\u0131na sahip oldu\u011funu belirten Se\u00e7er, &#8220;Herkesin kimli\u011fi, dini inanc\u0131, mezhebi ve me\u015frebi onun onurudur. Mersin&#8217;de herkes kendini rahat hissetsin. Herkes cesurca; &#8216;ben Mersinliyim&#8217; desin. Hepimiz Mersinliyiz. Mersin&#8217;i y\u00fcceltelim ve tan\u0131tal\u0131m. T\u00fcrkiye Mersin&#8217;i tan\u0131s\u0131n&#8221; diye belirtti.<\/p>\n<p>&#8220;Yurtta\u015flar; &#8216;CHP&#8217;li belediye ba\u015fkanlar\u0131 \u015fehirleri iyi y\u00f6netiyor&#8217; dedi&#8221;<\/p>\n<p>Bu zaferin ba\u015flang\u0131\u00e7 oldu\u011funu ve daha \u00e7ok b\u00fcy\u00fck zaferlerin kendilerini bekledi\u011fini vurgulayan Se\u00e7er, bu se\u00e7imin T\u00fcrkiye i\u00e7in bir \u015fans oldu\u011funa dikkat \u00e7ekerek, &#8220;Siyasetin t\u0131kand\u0131\u011f\u0131 yerde bir kanal a\u00e7\u0131lm\u0131\u015ft\u0131r. \u0130nsanlar\u0131n dikkati bizim \u00fczerimizde. Her 10 oyun 6&#8217;s\u0131n\u0131 ald\u0131k ama bizim de\u011fildir. \u0130\u00e7erisinde emanet oylar vard\u0131r. Oylar\u0131n bize verilme nedeni bir; hizmetlerdir, insanlar memnundur, &#8216;Bu y\u00f6netim ayr\u0131mc\u0131l\u0131k yapm\u0131yor, \u00e7al\u0131\u015f\u0131yor, param\u0131z\u0131 israf etmiyoruz, onun i\u00e7in oy veriyoruz&#8217; diyor. \u0130ki; bug\u00fcne kadar yurtta\u015flar alternatifsizdi. \u015eimdi alternatif buldu. &#8216;5 y\u0131ld\u0131r bu belediye ba\u015fkanlar\u0131 \u015fehirleri iyi y\u00f6netiyor. Daha fazla belediye ba\u015fkanlar\u0131 \u00e7\u0131kars\u0131nlar, bir daha g\u00f6relim, ondan sonra da ayn\u0131 ba\u015far\u0131y\u0131 g\u00f6sterirlerse 2028 y\u0131l\u0131nda yap\u0131lacak olan se\u00e7imlerde CHP&#8217;yi iktidar yapal\u0131m&#8217; dediler. Bu \u015fans\u0131 bize verdiler&#8221; dedi.<\/p>\n<p>Sorumluluklar\u0131n\u0131n fark\u0131nda olduklar\u0131n\u0131 ve Mersinlileri asla mahcup etmeyeceklerini kaydeden Se\u00e7er, Mersin halk\u0131n\u0131n deste\u011finin her zaman k\u0131ymetini bileceklerini s\u00f6yledi. Mersin&#8217;deki CHP&#8217;li belediye ba\u015fkanlar\u0131yla birlikte \u00e7ok \u00e7al\u0131\u015f\u0131p Mersin&#8217;i \u015fahland\u0131racaklar\u0131n\u0131 belirten Se\u00e7er, &#8220;Mersin b\u00fcy\u00fcyecek, ihya olacak ve refah kenti olacak&#8221; diye konu\u015ftu.<\/p>\n<p>&#8220;Mersin art\u0131k g\u00fclen ve mutlu bir kenttir&#8221;<\/p>\n<p>Mersin&#8217;in art\u0131k huzur ve bar\u0131\u015f kenti oldu\u011funu ve kentte ya\u015fayan herkesin y\u00fcz\u00fcn\u00fcn g\u00fcld\u00fc\u011f\u00fcn\u00fc s\u00f6yleyen Se\u00e7er, bu huzurun daim olmas\u0131n i\u00e7in \u00e7al\u0131\u015facaklar\u0131n\u0131n alt\u0131n\u0131 \u00e7izerek, &#8220;Hepimiz biriz, beraberiz. Biz koca bir Mersin&#8217;iz, biz koca bir T\u00fcrkiye&#8217;yiz. Mersin&#8217;de herkes rahat olsun. Tarsus&#8217;a, Anamur&#8217;a, Mut&#8217;a, \u00c7aml\u0131yayla&#8217;ya sesleniyorum; 13 il\u00e7emizdeki yurtta\u015flar\u0131ma sesleniyorum; kendinizi iyi ve rahat hissedin. Hepinizi seven, hepinize sayg\u0131 duyan belediye ba\u015fkanlar\u0131 var. \u0130nsanlar\u0131 \u00f6tekile\u015ftirmeyen, hassasiyetlerine dokunmayan, dinine, inanc\u0131na, mezhebine, me\u015frebine kar\u0131\u015fmayan, milli duygular\u0131n\u0131 s\u00f6m\u00fcrmeyen belediye ba\u015fkanlar\u0131m\u0131z var. Hi\u00e7 kimse endi\u015fede olmas\u0131n. Mersin art\u0131k g\u00fclen ve mutlu bir kenttir&#8221; ifadelerine yer verdi.<\/p>\n<p>&#8220;Yeni ba\u015fkanlar\u0131m\u0131z\u0131n yan\u0131nda olaca\u011f\u0131z&#8221;<\/p>\n<p>Mazbatas\u0131n\u0131 ald\u0131\u011f\u0131n\u0131 ve di\u011fer il\u00e7e belediye ba\u015fkanlar\u0131n\u0131n da mazbatalar\u0131n\u0131 ald\u0131klar\u0131n\u0131 s\u00f6yleyerek, Mersin halk\u0131na hay\u0131rl\u0131 olmas\u0131 dile\u011finde bulunan Se\u00e7er, &#8220;Yeni ba\u015fkanlar\u0131m\u0131z var, deneyimli olanlar var. Ba\u015fta \u015fahs\u0131m olmak \u00fczere, daha \u00f6nce ba\u015fkanl\u0131k yapan ba\u015fkanlar\u0131m\u0131zla birlikte yeni ba\u015fkanlar\u0131m\u0131z\u0131n yan\u0131nda olaca\u011f\u0131z. Onlar\u0131 mahcup etmeyece\u011fiz ve onlara destek veren vatanda\u015flar\u0131m\u0131z\u0131n \u00fcz\u00fclmesine f\u0131rsat vermeyece\u011fiz. Hi\u00e7 merak etmeyin, Tarsus&#8217;ta Ali Bolta\u00e7&#8217;\u0131n, Toroslar&#8217;da Abdurrahman Y\u0131ld\u0131z&#8217;\u0131n, Mezitli&#8217;de Ahmet Serkan Tuncer&#8217;in, Ayd\u0131nc\u0131k&#8217;ta \u00d6zkan K\u0131l\u0131\u00e7arpa&#8217;n\u0131n, Anamur&#8217;da Durmu\u015f Deniz&#8217;in, Silifke&#8217;de Mustafa Turgut Ba\u015fkan zaten deneyimli ama b\u00fct\u00fcn ba\u015fkanlar\u0131m\u0131z\u0131n yan\u0131nday\u0131z&#8221; dedi.<\/p>\n<p>&#8220;Buras\u0131 halk\u0131n belediyesi&#8221;<\/p>\n<p>Yeni kazan\u0131lan il\u00e7elerde ya\u015fayan vatanda\u015flar\u0131n da rahat olmalar\u0131 gerekti\u011fini s\u00f6zlerine ekleyen Se\u00e7er, &#8220;Muazzam bir belediye d\u00f6nemi gelecek. Art\u0131k bundan sonra \u00e7al\u0131\u015fmalar h\u0131zlanacak, zaten hi\u00e7 durmad\u0131k. Mersin&#8217;i sahiplenenler var. \u0130\u015fte \u00f6zledi\u011fimiz Atat\u00fcrk&#8217;\u00fcn kenti Mersin bu&#8221; diye konu\u015ftu. Bundan sonra \u00e7ok daha g\u00fczel i\u015fler yapacaklar\u0131n\u0131n da alt\u0131n\u0131 \u00e7izen Se\u00e7er, &#8220;S\u00f6z\u00fcm\u00fcz\u00fc verdik, takip edin; Metro&#8217;nuzu yapaca\u011f\u0131z. Alt gelir grubunda, kira y\u00fck\u00fcn\u00fcn alt\u0131nda bo\u011fulan ve ezilen yurtta\u015flar\u0131m; Vahap Ba\u015fkan\u0131n\u0131z sizlere Sosyal Konut yapacak. Vahap Ba\u015fkan\u0131n\u0131z 500 d\u00f6n\u00fcml\u00fck M\u00fcft\u00fc Deresi Ya\u015fam Vadisi&#8217;ni yapacak. Kad\u0131nlara, \u00e7ocuklara, ya\u015f alm\u0131\u015flara, kad\u0131n \u00fcreticilere, \u00e7ift\u00e7ilere; herkese ama herkese burada yer var. Buras\u0131 halk\u0131n belediyesi&#8221; ifadelerini kulland\u0131.<\/p>\n","protected":false},"excerpt":{"rendered":"<p>Mersin&#8217;de rekor bir oyla g\u00f6reve yeniden se\u00e7ilen Mersin B\u00fcy\u00fck\u015fehir Belediye Ba\u015fkan\u0131 Vahap Se\u00e7er, mazbatas\u0131n\u0131 ald\u0131. Mersin Adliyesi&#8217;nde mazbatas\u0131n\u0131 teslim almas\u0131n\u0131n ard\u0131ndan Mersin halk\u0131 ile birlikte Cumhuriyet Meydan\u0131&#8217;na kortej e\u015fli\u011finde co\u015fku ile y\u00fcr\u00fcyen Halk\u0131n Ba\u015fkan\u0131 Se\u00e7er, Cumhuriyet Meydan\u0131&#8217;n\u0131 dolduran binlerin e\u015fli\u011finde Atat\u00fcrk An\u0131t\u0131&#8217;na \u00e7elenk sunduktan sonra da Mersin B\u00fcy\u00fck\u015fehir Belediyesi&#8217;nin yeni hizmet binas\u0131n\u0131n \u00f6n\u00fcnde yurtta\u015flara seslendi. [&hellip;]<\/p>\n","protected":false},"author":2,"featured_media":31957,"comment_status":"open","ping_status":"open","sticky":false,"template":"","format":"standard","meta":{"footnotes":""},"categories":[34,2,3],"tags":[],"class_list":["post-31956","post","type-post","status-publish","format-standard","has-post-thumbnail","hentry","category-flas-haber","category-gundem","category-manset"],"views":18,"_links":{"self":[{"href":"https:\/\/mersinkadingazetesi.com\/index.php?rest_route=\/wp\/v2\/posts\/31956"}],"collection":[{"href":"https:\/\/mersinkadingazetesi.com\/index.php?rest_route=\/wp\/v2\/posts"}],"about":[{"href":"https:\/\/mersinkadingazetesi.com\/index.php?rest_route=\/wp\/v2\/types\/post"}],"author":[{"embeddable":true,"href":"https:\/\/mersinkadingazetesi.com\/index.php?rest_route=\/wp\/v2\/users\/2"}],"replies":[{"embeddable":true,"href":"https:\/\/mersinkadingazetesi.com\/index.php?rest_route=%2Fwp%2Fv2%2Fcomments&post=31956"}],"version-history":[{"count":0,"href":"https:\/\/mersinkadingazetesi.com\/index.php?rest_route=\/wp\/v2\/posts\/31956\/revisions"}],"wp:featuredmedia":[{"embeddable":true,"href":"https:\/\/mersinkadingazetesi.com\/index.php?rest_route=\/wp\/v2\/media\/31957"}],"wp:attachment":[{"href":"https:\/\/mersinkadingazetesi.com\/index.php?rest_route=%2Fwp%2Fv2%2Fmedia&parent=31956"}],"wp:term":[{"taxonomy":"category","embeddable":true,"href":"https:\/\/mersinkadingazetesi.com\/index.php?rest_route=%2Fwp%2Fv2%2Fcategories&post=31956"},{"taxonomy":"post_tag","embeddable":true,"href":"https:\/\/mersinkadingazetesi.com\/index.php?rest_route=%2Fwp%2Fv2%2Ftags&post=31956"}],"curies":[{"name":"wp","href":"https:\/\/api.w.org\/{rel}","templated":true}]}}