{"id":31965,"date":"2024-04-08T12:56:30","date_gmt":"2024-04-08T09:56:30","guid":{"rendered":"http:\/\/mersinkadingazetesi.com\/?p=31965"},"modified":"2024-04-08T12:56:30","modified_gmt":"2024-04-08T09:56:30","slug":"baskan-secer-buyuk-ailesi-ile-iftarda-bayramlasti","status":"publish","type":"post","link":"https:\/\/mersinkadingazetesi.com\/?p=31965","title":{"rendered":"BA\u015eKAN SE\u00c7ER, B\u00dcY\u00dcK A\u0130LES\u0130 \u0130LE \u0130FTARDA BAYRAMLA\u015eTI"},"content":{"rendered":"<p>Mersin B\u00fcy\u00fck\u015fehir Belediye Ba\u015fkan\u0131 Vahap Se\u00e7er, e\u015fi Meral Se\u00e7er ile birlikte Mersin B\u00fcy\u00fck\u015fehir Belediyesi ve MESK\u0130 personeli ile iftarda bir araya gelerek bayramla\u015ft\u0131.<\/p>\n<p>Binlerce personel hep birlikte iftar yapt\u0131<\/p>\n<p>Macit \u00d6zcan Spor Kompleksi&#8217;nde d\u00fczenlenen iftarda Ba\u015fkan Se\u00e7er&#8217;e B\u00fcy\u00fck\u015fehir Belediyesi ve MESK\u0130 b\u00fcrokratlar\u0131 ve B\u00fcy\u00fck\u015fehir ile MESK\u0130 personeli e\u015flik etti. Okunan ezan\u0131n ard\u0131ndan Ba\u015fkan Se\u00e7er ve e\u015fi Meral Se\u00e7er, personel ile birlikte iftar yapt\u0131. \u0130ftar\u0131n ard\u0131ndan da Kur&#8217;an-\u0131 Kerim tilaveti yap\u0131ld\u0131, dua edildi.<\/p>\n<p>Ba\u015fkan Se\u00e7er: &#8220;Son ana kadar vatanda\u015fa hizmet fikriyle hareket ettik&#8221;<\/p>\n<p>Ya\u015fanan se\u00e7im s\u00fcreci yo\u011funlu\u011funun ard\u0131ndan personeli ile bir araya gelmek istedi\u011fini belirten Ba\u015fkan Se\u00e7er, &#8220;Benimle beraber emek harcayan sizler de \u015fahidimizsiniz ki son ana kadar \u00f6nce vatanda\u015fa hizmet fikriyle hareket ettik. Kampanya s\u00fcrecinde se\u00e7im politikas\u0131 uygulamad\u0131k&#8221; dedi.<\/p>\n<p>&#8220;Mersin B\u00fcy\u00fck\u015fehir Belediyesi \u00f6rnek bir belediyedir&#8221;<\/p>\n<p>Son dakikaya kadar Mersin B\u00fcy\u00fck\u015fehir Belediyesi personelinin i\u015finin ba\u015f\u0131nda oldu\u011funu ve \u00e7al\u0131\u015ft\u0131\u011f\u0131n\u0131 kaydeden Ba\u015fkan Se\u00e7er, &#8220;Bu \u00f6rnektir. Mersin B\u00fcy\u00fck\u015fehir Belediyesi \u00f6rnek bir belediyedir. Mersin B\u00fcy\u00fck\u015fehir Belediyesi yaparsa i\u015fi kaliteli yapar, en iyisini yapar.  Bu nedenle her ortamda; &#8216;Mersin B\u00fcy\u00fck\u015fehir Belediyesi g\u00fc\u00e7l\u00fcd\u00fcr, Mersin Belediye Ba\u015fkan\u0131 da g\u00fc\u00e7l\u00fcd\u00fcr&#8217; diyorum&#8221; diye konu\u015ftu.<\/p>\n<p>&#8220;Bu oy oran\u0131 Mersin tarihinde bir ilktir&#8221;<\/p>\n<p>Ba\u015fkan Se\u00e7er, ald\u0131klar\u0131 oy oran\u0131n\u0131n tarihi oldu\u011funu s\u00f6zlerine ekleyerek, &#8220;Mersin&#8217;de oy kullanma hakk\u0131 olan her 10 yurtta\u015f\u0131m\u0131n 6&#8217;s\u0131; &#8216;Mersin B\u00fcy\u00fck\u015fehir Belediyesi hizmet ediyor. Bu Ba\u015fkan&#8217;la devam&#8217; karar\u0131 ald\u0131. Mersin tarihinde bir ilktir. Bug\u00fcnk\u00fc siyasi konjonkt\u00fcrde, siyasi aritmetikte T\u00fcrkiye&#8217;de de \u00f6rnektir. Hep s\u00f6yl\u00fcyoruz; &#8216;Mersin T\u00fcrkiye&#8217;nin \u00f6zetidir, Mersin k\u00fc\u00e7\u00fck T\u00fcrkiye&#8217;dir. T\u00fcrkiye&#8217;ye dair ne ar\u0131yorsan\u0131z Mersin&#8217;de vard\u0131r.&#8217; Mersin \u00f6nemlidir&#8221; ifadelerini kulland\u0131.<\/p>\n<p>&#8220;Oy oran\u0131 y\u00fczde 60 \u00e7\u0131kt\u0131ysa, bunun as\u0131l kahraman\u0131 sizsiniz&#8221;<\/p>\n<p>Mersin gibi T\u00fcrkiye&#8217;nin en stratejik kentinde vatanda\u015fa hizmet eden Mersin B\u00fcy\u00fck\u015fehir Belediye \u00e7al\u0131\u015fan\u0131n\u0131n \u00f6nemli bir i\u015f yapt\u0131\u011f\u0131n\u0131 vurgulayan Se\u00e7er, &#8220;Kendinizi \u00f6nemseyin. \u00c7ok \u00f6nemli bir i\u015f yap\u0131yorsunuz. \u00c7\u00fcnk\u00fc \u00e7ok \u00f6zel bir yerde \u00e7al\u0131\u015f\u0131yorsunuz. Mersin gibi n\u00fcfusu resmi n\u00fcfustan 600 bin fazla  olan bir kente hizmet ediyorsunuz. Bunun bilincinde olman\u0131z\u0131 istiyorum. \u00c7ok de\u011ferli ve \u00f6nemli i\u015fler yapt\u0131k. Se\u00e7imden \u00f6nce de \u015fimdi de yar\u0131nlarda da sizin hakk\u0131n\u0131z\u0131 her yerde s\u00f6yleyece\u011fim. Bug\u00fcn Mersin B\u00fcy\u00fck\u015fehir Belediye Ba\u015fkan\u0131 olarak tam bir hafta \u00f6nce bu zamanlar a\u00e7\u0131lan sand\u0131klarda oy oran\u0131 y\u00fczde 60 \u015feklinde \u00e7\u0131kt\u0131ysa bunun as\u0131l kahramanlar\u0131 sizlersiniz. Bunu sak\u0131n unutmay\u0131n&#8221; dedi.<\/p>\n<p>&#8220;Mersin halk\u0131na hizmet eden her personelim benim karde\u015fimdir&#8221;<\/p>\n<p>Y\u00f6netici olarak ald\u0131\u011f\u0131 kararlar\u0131n ve projelerin ba\u015far\u0131l\u0131 olmas\u0131n\u0131n personele ba\u011fl\u0131 oldu\u011funu s\u00f6zlerine ekleyen Se\u00e7er,  &#8220;Ben sadece iyi bir y\u00f6netici olabilirim, do\u011fru zamanda do\u011fru kararlar verebilirim. Do\u011fru insanlarla \u00e7al\u0131\u015f\u0131r\u0131m ve do\u011fru projeler \u00fcretirim ama bunu uygulamaya koyacak olan sizlersiniz. 5 y\u0131l \u00e7al\u0131\u015ft\u0131k. Ben sizi tan\u0131d\u0131m, siz beni tan\u0131d\u0131n\u0131z. Herhalde \u015f\u00f6yle tan\u0131d\u0131n\u0131z; &#8216;Ba\u015fkan i\u015fini yapan, Mersin halk\u0131na hizmet eden, kurumunu y\u00fckselten, \u00fclkesini ve milletini seven, her mesai arkada\u015f\u0131n\u0131 karde\u015fi olarak g\u00f6r\u00fcr.&#8217; Ben Cumhuriyet Halk Partili bir belediye ba\u015fkan\u0131y\u0131m, Atat\u00fcrk&#8217;\u00fcmle ve partimle \u00f6v\u00fcn\u00e7 duyuyorum ama unutmay\u0131n\u0131z ki hangi siyasi g\u00f6r\u00fc\u015ften olursan\u0131z olun benimle beraber Mersin halk\u0131na hizmet eden herkes ama herkes; siyasi d\u00fc\u015f\u00fcnce fark\u0131, etnik k\u00f6ken, inan\u00e7, mezhep, me\u015frep fark\u0131 g\u00f6zetmeden benim karde\u015fimdir&#8221; diye belirtti.<\/p>\n<p>&#8220;Belediyemizin asaletini ve g\u00fcc\u00fcn\u00fc T\u00fcrkiye&#8217;nin her yerine g\u00f6sterdik&#8221;<\/p>\n<p>Mersin&#8217;de ayr\u0131mc\u0131l\u0131\u011f\u0131 topra\u011f\u0131n yedi kat dibine g\u00f6md\u00fcklerini vurgulayan Se\u00e7er, &#8220;Biz herkesin belediye ba\u015fkan\u0131y\u0131z. Bu anlay\u0131\u015fla belediyemizde  hizmetlerimize devam edece\u011fiz&#8221; dedi. \u0130kinci 5 y\u0131ll\u0131k g\u00f6rev s\u00fcrelerinin ba\u015flad\u0131\u011f\u0131n\u0131 ifade ederek s\u00f6zlerine devam eden Se\u00e7er,  personel ile bug\u00fcne kadar nas\u0131l birlikte yol y\u00fcr\u00fcd\u00fclerse, bundan sonra da hep beraber y\u00fcr\u00fcyeceklerini kaydetti. Se\u00e7er, &#8220;Pandemiyi, ekonomik krizi, depremleri, yang\u0131nlar\u0131, felaketleri, su bask\u0131nlar\u0131n\u0131 hep beraber ya\u015fad\u0131k. T\u00fcrkiye&#8217;nin her yerinde sizler ve Mersin B\u00fcy\u00fck\u015fehir Belediyesi vard\u0131. \u00c7ok \u015f\u00fck\u00fcr hepsini a\u015ft\u0131k. Belediyemizin asaletini ve g\u00fcc\u00fcn\u00fc T\u00fcrkiye&#8217;nin her yerine g\u00f6sterdik. Sizlerle onur duyuyorum. Farkl\u0131 kentlerden ve b\u00f6lgelerden afete u\u011fram\u0131\u015flar, Mersin B\u00fcy\u00fck\u015fehir Belediyesi&#8217;nin ekipleri gitmi\u015f ve yard\u0131mc\u0131 olmu\u015f. Bana hay\u0131r dualar\u0131 ve te\u015fekk\u00fcrleri d\u00fcnya mal\u0131na de\u011fer. Bunu duyduk\u00e7a sizlerle \u00f6v\u00fcn\u00e7 duyuyorum&#8221; diye konu\u015ftu.<\/p>\n<p>&#8220;Birlik ve beraberlik bizim slogan\u0131m\u0131z&#8221;<\/p>\n<p>Bir ve beraber olduklar\u0131n\u0131n da alt\u0131n\u0131 \u00e7izen Se\u00e7er, &#8220;Biz tek y\u00fcre\u011fiz, biz Mersin&#8217;iz, biz T\u00fcrkiye&#8217;yiz, biz bir milletiz. Birlik ve beraberlik bizim slogan\u0131m\u0131z. Biz b\u00f6lmek, par\u00e7alamak, \u00fclkemizi s\u0131k\u0131nt\u0131ya sokmak gibi anlay\u0131\u015fta olanlarla m\u00fccadele ederiz. Benim partim Mustafa Kemal Atat\u00fcrk&#8217;\u00fcn kurdu\u011fu parti ve bu \u00fclkede Ulusal Kurtulu\u015f M\u00fccadelesi&#8217;ni vermi\u015ftir. Farkl\u0131 siyasi partilere oy veren ama ayn\u0131 anlay\u0131\u015fta olan Atat\u00fcrk\u00e7\u00fc ve Atat\u00fcrk milliyet\u00e7isi bir\u00e7ok insan var. Ayn\u0131 yolda bulu\u015furuz. Bizim i\u00e7in \u00f6nemli olan T\u00fcrkiye&#8217;dir, milletimizdir ve milletimizin gelece\u011fidir. Biz b\u00fcy\u00fck bir aileyiz.  Birli\u011fimiz, beraberli\u011fimiz daim olsun, her g\u00fcn\u00fcm\u00fcz mutluluk ve huzur i\u00e7erisinde olsun. Birbirimizi daha \u00e7ok sevelim ve sayal\u0131m&#8221; ifadelerine yer verdi.<\/p>\n<p>B\u00fcy\u00fck ailesi ile birlikte iftar yapan, ard\u0131ndan da bayramla\u015fan Ba\u015fkan Se\u00e7er daha sonra, Mersin B\u00fcy\u00fck\u015fehir Belediyesi Bas\u0131n Yay\u0131n Dairesi Ba\u015fkanl\u0131\u011f\u0131 taraf\u0131ndan kurulan ve arka fonda &#8220;Mersin&#8217;de bir bayram havas\u0131&#8221; yaz\u0131l\u0131 alanda personeli ile hat\u0131ra foto\u011fraf\u0131 \u00e7ektirdi.<\/p>\n","protected":false},"excerpt":{"rendered":"<p>Mersin B\u00fcy\u00fck\u015fehir Belediye Ba\u015fkan\u0131 Vahap Se\u00e7er, e\u015fi Meral Se\u00e7er ile birlikte Mersin B\u00fcy\u00fck\u015fehir Belediyesi ve MESK\u0130 personeli ile iftarda bir araya gelerek bayramla\u015ft\u0131. Binlerce personel hep birlikte iftar yapt\u0131 Macit \u00d6zcan Spor Kompleksi&#8217;nde d\u00fczenlenen iftarda Ba\u015fkan Se\u00e7er&#8217;e B\u00fcy\u00fck\u015fehir Belediyesi ve MESK\u0130 b\u00fcrokratlar\u0131 ve B\u00fcy\u00fck\u015fehir ile MESK\u0130 personeli e\u015flik etti. Okunan ezan\u0131n ard\u0131ndan Ba\u015fkan Se\u00e7er ve [&hellip;]<\/p>\n","protected":false},"author":2,"featured_media":31966,"comment_status":"open","ping_status":"open","sticky":false,"template":"","format":"standard","meta":{"footnotes":""},"categories":[2,3],"tags":[],"class_list":["post-31965","post","type-post","status-publish","format-standard","has-post-thumbnail","hentry","category-gundem","category-manset"],"views":2,"_links":{"self":[{"href":"https:\/\/mersinkadingazetesi.com\/index.php?rest_route=\/wp\/v2\/posts\/31965"}],"collection":[{"href":"https:\/\/mersinkadingazetesi.com\/index.php?rest_route=\/wp\/v2\/posts"}],"about":[{"href":"https:\/\/mersinkadingazetesi.com\/index.php?rest_route=\/wp\/v2\/types\/post"}],"author":[{"embeddable":true,"href":"https:\/\/mersinkadingazetesi.com\/index.php?rest_route=\/wp\/v2\/users\/2"}],"replies":[{"embeddable":true,"href":"https:\/\/mersinkadingazetesi.com\/index.php?rest_route=%2Fwp%2Fv2%2Fcomments&post=31965"}],"version-history":[{"count":0,"href":"https:\/\/mersinkadingazetesi.com\/index.php?rest_route=\/wp\/v2\/posts\/31965\/revisions"}],"wp:featuredmedia":[{"embeddable":true,"href":"https:\/\/mersinkadingazetesi.com\/index.php?rest_route=\/wp\/v2\/media\/31966"}],"wp:attachment":[{"href":"https:\/\/mersinkadingazetesi.com\/index.php?rest_route=%2Fwp%2Fv2%2Fmedia&parent=31965"}],"wp:term":[{"taxonomy":"category","embeddable":true,"href":"https:\/\/mersinkadingazetesi.com\/index.php?rest_route=%2Fwp%2Fv2%2Fcategories&post=31965"},{"taxonomy":"post_tag","embeddable":true,"href":"https:\/\/mersinkadingazetesi.com\/index.php?rest_route=%2Fwp%2Fv2%2Ftags&post=31965"}],"curies":[{"name":"wp","href":"https:\/\/api.w.org\/{rel}","templated":true}]}}