{"id":31968,"date":"2024-04-08T12:57:55","date_gmt":"2024-04-08T09:57:55","guid":{"rendered":"http:\/\/mersinkadingazetesi.com\/?p=31968"},"modified":"2024-04-08T12:57:55","modified_gmt":"2024-04-08T09:57:55","slug":"baskan-secerden-ramazan-bayrami-mesaji","status":"publish","type":"post","link":"https:\/\/mersinkadingazetesi.com\/?p=31968","title":{"rendered":"BA\u015eKAN SE\u00c7ER&#8217;DEN RAMAZAN BAYRAMI MESAJI"},"content":{"rendered":"<p>Mersin B\u00fcy\u00fck\u015fehir Belediye Ba\u015fkan\u0131 Vahap Se\u00e7er, Ramazan Bayram\u0131 dolay\u0131s\u0131yla bir mesaj yay\u0131nlad\u0131. Ba\u015fkan Se\u00e7er, mesaj\u0131nda \u015fu ifadelere yer verdi:<\/p>\n<p>&#8220;De\u011ferli Mersinliler;<\/p>\n<p>Mersin halk\u0131n\u0131n b\u00fcy\u00fck deste\u011fiyle g\u00f6reve yeniden se\u00e7ilmemizin heyecan\u0131n\u0131 ve mutlulu\u011funu ya\u015farken; karde\u015fli\u011fin, birli\u011fin ve beraberli\u011fin g\u00fc\u00e7lendi\u011fi, darg\u0131nl\u0131k ve k\u0131rg\u0131nl\u0131klar\u0131n bir kenara b\u0131rak\u0131ld\u0131\u011f\u0131 bir Ramazan Bayram\u0131&#8217;n\u0131 daha kar\u015f\u0131laman\u0131n sevincini ya\u015f\u0131yoruz.<\/p>\n<p>Bildi\u011finiz gibi; bayramlar bizim toplumumuzda sevginin ve ho\u015fg\u00f6r\u00fcn\u00fcn toplumun b\u00fct\u00fcn kesimlerine yay\u0131ld\u0131\u011f\u0131, payla\u015fman\u0131n ve dayan\u0131\u015fman\u0131n en g\u00fczel \u00f6rneklerini sergiledi\u011fimiz en \u00f6zel g\u00fcnlerimizdendir. Bu bayramda da e\u015f, dost, akraba ve hastalar\u0131 ziyaret edecek, \u00e7ocuklar\u0131 sevindirecek, ihtiya\u00e7 sahiplerine yard\u0131m edecek ve darg\u0131nl\u0131klar\u0131 gidererek bu \u00f6zel g\u00fcn\u00fcn ruhuna uygun davranaca\u011f\u0131z.<\/p>\n<p>Mersin B\u00fcy\u00fck\u015fehir Belediyesi olarak, t\u00fcm Mersinlilerin huzurlu bir bayram ge\u00e7irmesi i\u00e7in gerekli tedbirleri ald\u0131k ve bu bayramda da g\u00f6revimizin ba\u015f\u0131nda olaca\u011f\u0131z.<\/p>\n<p>Ramazan Bayram\u0131&#8217;n\u0131n Mersin&#8217;e, \u00fclkemize ve t\u00fcm d\u00fcnyaya sa\u011fl\u0131k, bar\u0131\u015f ve karde\u015flik getirmesini temenni ediyor; bu duygu ve d\u00fc\u015f\u00fcncelerle, m\u00fcbarek Ramazan Bayram\u0131&#8217;n\u0131z\u0131 kutluyorum.<\/p>\n<p>Sayg\u0131 ve sevgilerimle.&#8221;<\/p>\n","protected":false},"excerpt":{"rendered":"<p>Mersin B\u00fcy\u00fck\u015fehir Belediye Ba\u015fkan\u0131 Vahap Se\u00e7er, Ramazan Bayram\u0131 dolay\u0131s\u0131yla bir mesaj yay\u0131nlad\u0131. Ba\u015fkan Se\u00e7er, mesaj\u0131nda \u015fu ifadelere yer verdi: &#8220;De\u011ferli Mersinliler; Mersin halk\u0131n\u0131n b\u00fcy\u00fck deste\u011fiyle g\u00f6reve yeniden se\u00e7ilmemizin heyecan\u0131n\u0131 ve mutlulu\u011funu ya\u015farken; karde\u015fli\u011fin, birli\u011fin ve beraberli\u011fin g\u00fc\u00e7lendi\u011fi, darg\u0131nl\u0131k ve k\u0131rg\u0131nl\u0131klar\u0131n bir kenara b\u0131rak\u0131ld\u0131\u011f\u0131 bir Ramazan Bayram\u0131&#8217;n\u0131 daha kar\u015f\u0131laman\u0131n sevincini ya\u015f\u0131yoruz. Bildi\u011finiz gibi; bayramlar bizim toplumumuzda [&hellip;]<\/p>\n","protected":false},"author":2,"featured_media":31969,"comment_status":"open","ping_status":"open","sticky":false,"template":"","format":"standard","meta":{"footnotes":""},"categories":[3],"tags":[],"class_list":["post-31968","post","type-post","status-publish","format-standard","has-post-thumbnail","hentry","category-manset"],"views":3,"_links":{"self":[{"href":"https:\/\/mersinkadingazetesi.com\/index.php?rest_route=\/wp\/v2\/posts\/31968"}],"collection":[{"href":"https:\/\/mersinkadingazetesi.com\/index.php?rest_route=\/wp\/v2\/posts"}],"about":[{"href":"https:\/\/mersinkadingazetesi.com\/index.php?rest_route=\/wp\/v2\/types\/post"}],"author":[{"embeddable":true,"href":"https:\/\/mersinkadingazetesi.com\/index.php?rest_route=\/wp\/v2\/users\/2"}],"replies":[{"embeddable":true,"href":"https:\/\/mersinkadingazetesi.com\/index.php?rest_route=%2Fwp%2Fv2%2Fcomments&post=31968"}],"version-history":[{"count":0,"href":"https:\/\/mersinkadingazetesi.com\/index.php?rest_route=\/wp\/v2\/posts\/31968\/revisions"}],"wp:featuredmedia":[{"embeddable":true,"href":"https:\/\/mersinkadingazetesi.com\/index.php?rest_route=\/wp\/v2\/media\/31969"}],"wp:attachment":[{"href":"https:\/\/mersinkadingazetesi.com\/index.php?rest_route=%2Fwp%2Fv2%2Fmedia&parent=31968"}],"wp:term":[{"taxonomy":"category","embeddable":true,"href":"https:\/\/mersinkadingazetesi.com\/index.php?rest_route=%2Fwp%2Fv2%2Fcategories&post=31968"},{"taxonomy":"post_tag","embeddable":true,"href":"https:\/\/mersinkadingazetesi.com\/index.php?rest_route=%2Fwp%2Fv2%2Ftags&post=31968"}],"curies":[{"name":"wp","href":"https:\/\/api.w.org\/{rel}","templated":true}]}}